{"id":41147,"date":"2026-04-30T06:40:10","date_gmt":"2026-04-30T04:40:10","guid":{"rendered":"https:\/\/infomatin-benin.com\/infomatinvrai2\/?p=41147"},"modified":"2026-04-30T06:40:11","modified_gmt":"2026-04-30T04:40:11","slug":"seisme-a-la-fcbe-paul-hounkpe-claque-la-porte-qui-tire-les-ficelles","status":"publish","type":"post","link":"https:\/\/infomatin-benin.com\/infomatinvrai2\/2026\/04\/seisme-a-la-fcbe-paul-hounkpe-claque-la-porte-qui-tire-les-ficelles\/","title":{"rendered":"S\u00e9isme \u00e0 la FCBE : Paul Hounkp\u00e8 claque la porte, qui tire les ficelles ?"},"content":{"rendered":"\n<p>La d\u00e9flagration est politique, mais ses r\u00e9pliques pourraient \u00eatre durables. En annon\u00e7ant sa d\u00e9mission du poste de secr\u00e9taire ex\u00e9cutif des Forces Cauris pour un B\u00e9nin \u00c9mergent (FCBE), Paul Hounkp\u00e8 provoque un v\u00e9ritable s\u00e9isme dans un paysage partisan d\u00e9j\u00e0 en recomposition. \u00c0 un moment charni\u00e8re de l\u2019histoire politique du B\u00e9nin, marqu\u00e9 par la fin imminente du mandat de Patrice Talon et les projections autour de l\u2019apr\u00e8s, ce d\u00e9part ne peut \u00eatre lu comme un simple fait divers politique. Il interroge, il d\u00e9range, et surtout, il intrigue : \u00e0 qui profite ce mouvement, et qui en tient r\u00e9ellement les leviers ?<\/p>\n\n\n\n<p><strong>La chute d\u2019un verrou politique<\/strong><\/p>\n\n\n\n<p>Depuis la refondation du syst\u00e8me partisan, Paul Hounkp\u00e8 occupait une position singuli\u00e8re. \u00c0 la t\u00eate de la FCBE, formation h\u00e9riti\u00e8re d\u2019un courant politique majeur, il incarnait une opposition dite \u00ab l\u00e9gale \u00bb, tol\u00e9r\u00e9e dans un espace politique profond\u00e9ment restructur\u00e9. Mais cette posture, souvent per\u00e7ue comme prudente voire ambigu\u00eb, lui a valu une d\u00e9fiance persistante d\u2019une frange de l\u2019opinion publique.Son d\u00e9part appara\u00eet d\u00e8s lors comme la lev\u00e9e d\u2019un verrou. Celui d\u2019une opposition encadr\u00e9e, parfois accus\u00e9e d\u2019avoir davantage accompagn\u00e9 le syst\u00e8me que de l\u2019avoir v\u00e9ritablement contest\u00e9. En quittant la sc\u00e8ne, Hounkp\u00e8 lib\u00e8re un espace politique\u2026 mais laisse aussi un vide strat\u00e9gique difficile \u00e0 combler \u00e0 court terme.<\/p>\n\n\n\n<p><strong>Un timing loin d\u2019\u00eatre neutre<\/strong><\/p>\n\n\n\n<p>En politique, le calendrier n\u2019est jamais innocent. Et la d\u00e9mission de Hounkp\u00e8 intervient \u00e0 un moment o\u00f9 toutes les attentions sont tourn\u00e9es vers l\u2019apr\u00e8s Patrice Talon. La fin d\u2019un cycle pr\u00e9sidentiel ouvre in\u00e9vitablement une phase de reconfiguration des forces en pr\u00e9sence.Dans cette perspective,  Romuald Wadagni aux commandes, cela impose \u00e0 l\u2019opposition une profonde mutation pour esp\u00e9rer peser dans le d\u00e9bat politique.D\u00e8s lors, la d\u00e9mission de Hounkp\u00e8 pourrait s\u2019analyser comme une anticipation strat\u00e9gique : faut-il y voir une volont\u00e9 de ne pas incarner une opposition affaiblie face \u00e0 un pouvoir renouvel\u00e9 ? Ou au contraire, un retrait calcul\u00e9 pour faciliter une recomposition plus large, en coulisses ?<\/p>\n\n\n\n<p><strong>Les sc\u00e9narios d\u2019une d\u00e9mission<\/strong><\/p>\n\n\n\n<p>Plusieurs grilles de lecture \u00e9mergent.Premi\u00e8re hypoth\u00e8se : celle d\u2019un repositionnement interne.La FCBE, en perte de vitesse, pourrait chercher \u00e0 se r\u00e9inventer. Le d\u00e9part de son leader ouvrirait la voie \u00e0 une nouvelle g\u00e9n\u00e9ration politique, plus combative, plus audible, capable de reconqu\u00e9rir une cr\u00e9dibilit\u00e9 entam\u00e9e.Deuxi\u00e8me hypoth\u00e8se : celle d\u2019un effacement strat\u00e9gique.Dans un jeu politique o\u00f9 les \u00e9quilibres sont subtils, Hounkp\u00e8 pourrait avoir \u00e9t\u00e9 amen\u00e9 \u00e0 se retirer pour ne pas perturber certaines dynamiques en construction. Une lecture qui alimente les soup\u00e7ons d\u2019influences ext\u00e9rieures et renforce l\u2019id\u00e9e d\u2019un jeu d\u2019acteurs d\u00e9passant les structures partisanes classiques.Troisi\u00e8me hypoth\u00e8se : la fin d\u2019une mission.Il n\u2019est pas exclu que Paul Hounkp\u00e8 ait rempli un r\u00f4le pr\u00e9cis dans une phase donn\u00e9e : maintenir l\u2019existence l\u00e9gale de la FCBE, \u00e9viter sa disparition, assurer une forme de continuit\u00e9 institutionnelle. Une fois cet objectif atteint, son retrait s\u2019inscrirait dans une logique presque naturelle.*Une opposition \u00e0 reconstruire de fond en comble*Au-del\u00e0 des conjectures, un constat s\u2019impose avec force : l\u2019opposition b\u00e9ninoise traverse une crise de profondeur. Faible structuration, d\u00e9ficit de leadership charismatique, difficult\u00e9 \u00e0 incarner une alternative cr\u00e9dible\u2026 autant de d\u00e9fis que la d\u00e9mission de Hounkp\u00e8 met cr\u00fbment en lumi\u00e8re.La FCBE, autrefois machine politique redoutable, se retrouve aujourd\u2019hui face \u00e0 son destin. Soit elle parvient \u00e0 se r\u00e9inventer, \u00e0 red\u00e9finir sa ligne, \u00e0 renouveler ses figures. Soit elle risque de s\u2019effacer progressivement du jeu politique, absorb\u00e9e par les recompositions en cours.*Derri\u00e8re le s\u00e9isme, les lignes invisibles du pouvoir<\/p>\n\n\n\n<p><strong>La v\u00e9ritable question demeure : qui tire les ficelles ? <\/strong><\/p>\n\n\n\n<p>Dans un syst\u00e8me politique o\u00f9 les alliances se font et se d\u00e9font loin des projecteurs, il serait na\u00eff de r\u00e9duire cette d\u00e9mission \u00e0 un acte isol\u00e9.Les grandes man\u0153uvres de l\u2019apr\u00e8s-Talon ont d\u00e9j\u00e0 commenc\u00e9. Et dans ce th\u00e9\u00e2tre politique, chaque mouvement compte, chaque retrait peut \u00eatre une avanc\u00e9e masqu\u00e9e, chaque silence un message cod\u00e9.Le d\u00e9part de Paul Hounkp\u00e8 pourrait ainsi \u00eatre l\u2019un des premiers actes d\u2019un sc\u00e9nario plus vaste, encore difficile \u00e0 d\u00e9crypter, mais dont les effets se feront sentir dans les mois \u00e0 venir.<\/p>\n\n\n\n<p><strong>Une page se tourne, un chapitre s\u2019ouvre<\/strong><\/p>\n\n\n\n<p>En d\u00e9finitive, cette d\u00e9mission d\u00e9passe la personne de Hounkp\u00e8. Elle symbolise la fin d\u2019une s\u00e9quence politique et l\u2019ouverture d\u2019une autre, encore incertaine. Entre recomposition, rivalit\u00e9s et strat\u00e9gies souterraines, le B\u00e9nin entre dans une phase d\u00e9cisive de son \u00e9volution d\u00e9mocratique.Une chose est s\u00fbre : le s\u00e9isme est r\u00e9el. Reste \u00e0 savoir s\u2019il annonce une reconstruction\u2026 ou une redistribution silencieuse des cartes du pouvoir.<\/p>\n\n\n\n<p>LA R\u00c9DACTION<\/p>\n","protected":false},"excerpt":{"rendered":"<p>La d\u00e9flagration est politique, mais ses r\u00e9pliques pourraient \u00eatre durables. En annon\u00e7ant sa d\u00e9mission du poste de secr\u00e9taire ex\u00e9cutif des Forces Cauris pour un B\u00e9nin \u00c9mergent (FCBE), Paul Hounkp\u00e8 provoque un v\u00e9ritable s\u00e9isme dans un paysage partisan d\u00e9j\u00e0 en recomposition. \u00c0 un moment charni\u00e8re de l\u2019histoire politique du B\u00e9nin, marqu\u00e9 par la fin imminente du &hellip;<\/p>\n","protected":false},"author":2,"featured_media":41146,"comment_status":"open","ping_status":"open","sticky":false,"template":"","format":"standard","meta":{"footnotes":""},"categories":[33],"tags":[],"class_list":["post-41147","post","type-post","status-publish","format-standard","has-post-thumbnail","hentry","category-politique"],"yoast_head":"<!-- This site is optimized with the Yoast SEO plugin v26.3 - https:\/\/yoast.com\/wordpress\/plugins\/seo\/ -->\n<title>S\u00e9isme \u00e0 la FCBE : Paul Hounkp\u00e8 claque la porte, qui tire les ficelles ? - infomatin<\/title>\n<meta name=\"robots\" content=\"index, follow, max-snippet:-1, max-image-preview:large, max-video-preview:-1\" \/>\n<link rel=\"canonical\" href=\"https:\/\/infomatin-benin.com\/infomatinvrai2\/2026\/04\/seisme-a-la-fcbe-paul-hounkpe-claque-la-porte-qui-tire-les-ficelles\/\" \/>\n<meta property=\"og:locale\" content=\"fr_FR\" \/>\n<meta property=\"og:type\" content=\"article\" \/>\n<meta property=\"og:title\" content=\"S\u00e9isme \u00e0 la FCBE : Paul Hounkp\u00e8 claque la porte, qui tire les ficelles ? - infomatin\" \/>\n<meta property=\"og:description\" content=\"La d\u00e9flagration est politique, mais ses r\u00e9pliques pourraient \u00eatre durables. En annon\u00e7ant sa d\u00e9mission du poste de secr\u00e9taire ex\u00e9cutif des Forces Cauris pour un B\u00e9nin \u00c9mergent (FCBE), Paul Hounkp\u00e8 provoque un v\u00e9ritable s\u00e9isme dans un paysage partisan d\u00e9j\u00e0 en recomposition. \u00c0 un moment charni\u00e8re de l\u2019histoire politique du B\u00e9nin, marqu\u00e9 par la fin imminente du &hellip;\" \/>\n<meta property=\"og:url\" content=\"https:\/\/infomatin-benin.com\/infomatinvrai2\/2026\/04\/seisme-a-la-fcbe-paul-hounkpe-claque-la-porte-qui-tire-les-ficelles\/\" \/>\n<meta property=\"og:site_name\" content=\"infomatin\" \/>\n<meta property=\"article:published_time\" content=\"2026-04-30T04:40:10+00:00\" \/>\n<meta property=\"article:modified_time\" content=\"2026-04-30T04:40:11+00:00\" \/>\n<meta property=\"og:image\" content=\"http:\/\/infomatin-benin.com\/wp-content\/uploads\/2026\/04\/Screenshot_20260430-053300_1.jpg\" \/>\n\t<meta property=\"og:image:width\" content=\"641\" \/>\n\t<meta property=\"og:image:height\" content=\"481\" \/>\n\t<meta property=\"og:image:type\" content=\"image\/jpeg\" \/>\n<meta name=\"author\" content=\"INFO MATIN\" \/>\n<meta name=\"twitter:card\" content=\"summary_large_image\" \/>\n<meta name=\"twitter:label1\" content=\"\u00c9crit par\" \/>\n\t<meta name=\"twitter:data1\" content=\"INFO MATIN\" \/>\n\t<meta name=\"twitter:label2\" content=\"Dur\u00e9e de lecture estim\u00e9e\" \/>\n\t<meta name=\"twitter:data2\" content=\"4 minutes\" \/>\n<script type=\"application\/ld+json\" class=\"yoast-schema-graph\">{\"@context\":\"https:\/\/schema.org\",\"@graph\":[{\"@type\":\"WebPage\",\"@id\":\"https:\/\/infomatin-benin.com\/infomatinvrai2\/2026\/04\/seisme-a-la-fcbe-paul-hounkpe-claque-la-porte-qui-tire-les-ficelles\/\",\"url\":\"https:\/\/infomatin-benin.com\/infomatinvrai2\/2026\/04\/seisme-a-la-fcbe-paul-hounkpe-claque-la-porte-qui-tire-les-ficelles\/\",\"name\":\"S\u00e9isme \u00e0 la FCBE : Paul Hounkp\u00e8 claque la porte, qui tire les ficelles ? - infomatin\",\"isPartOf\":{\"@id\":\"https:\/\/infomatin-benin.com\/infomatinvrai2\/#website\"},\"primaryImageOfPage\":{\"@id\":\"https:\/\/infomatin-benin.com\/infomatinvrai2\/2026\/04\/seisme-a-la-fcbe-paul-hounkpe-claque-la-porte-qui-tire-les-ficelles\/#primaryimage\"},\"image\":{\"@id\":\"https:\/\/infomatin-benin.com\/infomatinvrai2\/2026\/04\/seisme-a-la-fcbe-paul-hounkpe-claque-la-porte-qui-tire-les-ficelles\/#primaryimage\"},\"thumbnailUrl\":\"https:\/\/infomatin-benin.com\/wp-content\/uploads\/2026\/04\/Screenshot_20260430-053300_1.jpg\",\"datePublished\":\"2026-04-30T04:40:10+00:00\",\"dateModified\":\"2026-04-30T04:40:11+00:00\",\"author\":{\"@id\":\"https:\/\/infomatin-benin.com\/infomatinvrai2\/#\/schema\/person\/6f847d9031293bab56c49b80b74bea0b\"},\"breadcrumb\":{\"@id\":\"https:\/\/infomatin-benin.com\/infomatinvrai2\/2026\/04\/seisme-a-la-fcbe-paul-hounkpe-claque-la-porte-qui-tire-les-ficelles\/#breadcrumb\"},\"inLanguage\":\"fr-FR\",\"potentialAction\":[{\"@type\":\"ReadAction\",\"target\":[\"https:\/\/infomatin-benin.com\/infomatinvrai2\/2026\/04\/seisme-a-la-fcbe-paul-hounkpe-claque-la-porte-qui-tire-les-ficelles\/\"]}]},{\"@type\":\"ImageObject\",\"inLanguage\":\"fr-FR\",\"@id\":\"https:\/\/infomatin-benin.com\/infomatinvrai2\/2026\/04\/seisme-a-la-fcbe-paul-hounkpe-claque-la-porte-qui-tire-les-ficelles\/#primaryimage\",\"url\":\"https:\/\/infomatin-benin.com\/wp-content\/uploads\/2026\/04\/Screenshot_20260430-053300_1.jpg\",\"contentUrl\":\"https:\/\/infomatin-benin.com\/wp-content\/uploads\/2026\/04\/Screenshot_20260430-053300_1.jpg\",\"width\":641,\"height\":481},{\"@type\":\"BreadcrumbList\",\"@id\":\"https:\/\/infomatin-benin.com\/infomatinvrai2\/2026\/04\/seisme-a-la-fcbe-paul-hounkpe-claque-la-porte-qui-tire-les-ficelles\/#breadcrumb\",\"itemListElement\":[{\"@type\":\"ListItem\",\"position\":1,\"name\":\"Accueil\",\"item\":\"https:\/\/infomatin-benin.com\/infomatinvrai2\/\"},{\"@type\":\"ListItem\",\"position\":2,\"name\":\"S\u00e9isme \u00e0 la FCBE : Paul Hounkp\u00e8 claque la porte, qui tire les ficelles ?\"}]},{\"@type\":\"WebSite\",\"@id\":\"https:\/\/infomatin-benin.com\/infomatinvrai2\/#website\",\"url\":\"https:\/\/infomatin-benin.com\/infomatinvrai2\/\",\"name\":\"infomatin\",\"description\":\"Informer, notre m\u00e9tier\",\"potentialAction\":[{\"@type\":\"SearchAction\",\"target\":{\"@type\":\"EntryPoint\",\"urlTemplate\":\"https:\/\/infomatin-benin.com\/infomatinvrai2\/?s={search_term_string}\"},\"query-input\":{\"@type\":\"PropertyValueSpecification\",\"valueRequired\":true,\"valueName\":\"search_term_string\"}}],\"inLanguage\":\"fr-FR\"},{\"@type\":\"Person\",\"@id\":\"https:\/\/infomatin-benin.com\/infomatinvrai2\/#\/schema\/person\/6f847d9031293bab56c49b80b74bea0b\",\"name\":\"INFO MATIN\",\"image\":{\"@type\":\"ImageObject\",\"inLanguage\":\"fr-FR\",\"@id\":\"https:\/\/infomatin-benin.com\/infomatinvrai2\/#\/schema\/person\/image\/\",\"url\":\"https:\/\/secure.gravatar.com\/avatar\/2820a6de81a9d99fdb43e52acf2e17b10644be831bebe6d0c25e0e56ee49393f?s=96&d=mm&r=g\",\"contentUrl\":\"https:\/\/secure.gravatar.com\/avatar\/2820a6de81a9d99fdb43e52acf2e17b10644be831bebe6d0c25e0e56ee49393f?s=96&d=mm&r=g\",\"caption\":\"INFO MATIN\"},\"url\":\"https:\/\/infomatin-benin.com\/infomatinvrai2\/author\/ramatou\/\"}]}<\/script>\n<!-- \/ Yoast SEO plugin. -->","yoast_head_json":{"title":"S\u00e9isme \u00e0 la FCBE : Paul Hounkp\u00e8 claque la porte, qui tire les ficelles ? - infomatin","robots":{"index":"index","follow":"follow","max-snippet":"max-snippet:-1","max-image-preview":"max-image-preview:large","max-video-preview":"max-video-preview:-1"},"canonical":"https:\/\/infomatin-benin.com\/infomatinvrai2\/2026\/04\/seisme-a-la-fcbe-paul-hounkpe-claque-la-porte-qui-tire-les-ficelles\/","og_locale":"fr_FR","og_type":"article","og_title":"S\u00e9isme \u00e0 la FCBE : Paul Hounkp\u00e8 claque la porte, qui tire les ficelles ? - infomatin","og_description":"La d\u00e9flagration est politique, mais ses r\u00e9pliques pourraient \u00eatre durables. En annon\u00e7ant sa d\u00e9mission du poste de secr\u00e9taire ex\u00e9cutif des Forces Cauris pour un B\u00e9nin \u00c9mergent (FCBE), Paul Hounkp\u00e8 provoque un v\u00e9ritable s\u00e9isme dans un paysage partisan d\u00e9j\u00e0 en recomposition. \u00c0 un moment charni\u00e8re de l\u2019histoire politique du B\u00e9nin, marqu\u00e9 par la fin imminente du &hellip;","og_url":"https:\/\/infomatin-benin.com\/infomatinvrai2\/2026\/04\/seisme-a-la-fcbe-paul-hounkpe-claque-la-porte-qui-tire-les-ficelles\/","og_site_name":"infomatin","article_published_time":"2026-04-30T04:40:10+00:00","article_modified_time":"2026-04-30T04:40:11+00:00","og_image":[{"width":641,"height":481,"url":"http:\/\/infomatin-benin.com\/wp-content\/uploads\/2026\/04\/Screenshot_20260430-053300_1.jpg","type":"image\/jpeg"}],"author":"INFO MATIN","twitter_card":"summary_large_image","twitter_misc":{"\u00c9crit par":"INFO MATIN","Dur\u00e9e de lecture estim\u00e9e":"4 minutes"},"schema":{"@context":"https:\/\/schema.org","@graph":[{"@type":"WebPage","@id":"https:\/\/infomatin-benin.com\/infomatinvrai2\/2026\/04\/seisme-a-la-fcbe-paul-hounkpe-claque-la-porte-qui-tire-les-ficelles\/","url":"https:\/\/infomatin-benin.com\/infomatinvrai2\/2026\/04\/seisme-a-la-fcbe-paul-hounkpe-claque-la-porte-qui-tire-les-ficelles\/","name":"S\u00e9isme \u00e0 la FCBE : Paul Hounkp\u00e8 claque la porte, qui tire les ficelles ? - infomatin","isPartOf":{"@id":"https:\/\/infomatin-benin.com\/infomatinvrai2\/#website"},"primaryImageOfPage":{"@id":"https:\/\/infomatin-benin.com\/infomatinvrai2\/2026\/04\/seisme-a-la-fcbe-paul-hounkpe-claque-la-porte-qui-tire-les-ficelles\/#primaryimage"},"image":{"@id":"https:\/\/infomatin-benin.com\/infomatinvrai2\/2026\/04\/seisme-a-la-fcbe-paul-hounkpe-claque-la-porte-qui-tire-les-ficelles\/#primaryimage"},"thumbnailUrl":"https:\/\/infomatin-benin.com\/wp-content\/uploads\/2026\/04\/Screenshot_20260430-053300_1.jpg","datePublished":"2026-04-30T04:40:10+00:00","dateModified":"2026-04-30T04:40:11+00:00","author":{"@id":"https:\/\/infomatin-benin.com\/infomatinvrai2\/#\/schema\/person\/6f847d9031293bab56c49b80b74bea0b"},"breadcrumb":{"@id":"https:\/\/infomatin-benin.com\/infomatinvrai2\/2026\/04\/seisme-a-la-fcbe-paul-hounkpe-claque-la-porte-qui-tire-les-ficelles\/#breadcrumb"},"inLanguage":"fr-FR","potentialAction":[{"@type":"ReadAction","target":["https:\/\/infomatin-benin.com\/infomatinvrai2\/2026\/04\/seisme-a-la-fcbe-paul-hounkpe-claque-la-porte-qui-tire-les-ficelles\/"]}]},{"@type":"ImageObject","inLanguage":"fr-FR","@id":"https:\/\/infomatin-benin.com\/infomatinvrai2\/2026\/04\/seisme-a-la-fcbe-paul-hounkpe-claque-la-porte-qui-tire-les-ficelles\/#primaryimage","url":"https:\/\/infomatin-benin.com\/wp-content\/uploads\/2026\/04\/Screenshot_20260430-053300_1.jpg","contentUrl":"https:\/\/infomatin-benin.com\/wp-content\/uploads\/2026\/04\/Screenshot_20260430-053300_1.jpg","width":641,"height":481},{"@type":"BreadcrumbList","@id":"https:\/\/infomatin-benin.com\/infomatinvrai2\/2026\/04\/seisme-a-la-fcbe-paul-hounkpe-claque-la-porte-qui-tire-les-ficelles\/#breadcrumb","itemListElement":[{"@type":"ListItem","position":1,"name":"Accueil","item":"https:\/\/infomatin-benin.com\/infomatinvrai2\/"},{"@type":"ListItem","position":2,"name":"S\u00e9isme \u00e0 la FCBE : Paul Hounkp\u00e8 claque la porte, qui tire les ficelles ?"}]},{"@type":"WebSite","@id":"https:\/\/infomatin-benin.com\/infomatinvrai2\/#website","url":"https:\/\/infomatin-benin.com\/infomatinvrai2\/","name":"infomatin","description":"Informer, notre m\u00e9tier","potentialAction":[{"@type":"SearchAction","target":{"@type":"EntryPoint","urlTemplate":"https:\/\/infomatin-benin.com\/infomatinvrai2\/?s={search_term_string}"},"query-input":{"@type":"PropertyValueSpecification","valueRequired":true,"valueName":"search_term_string"}}],"inLanguage":"fr-FR"},{"@type":"Person","@id":"https:\/\/infomatin-benin.com\/infomatinvrai2\/#\/schema\/person\/6f847d9031293bab56c49b80b74bea0b","name":"INFO MATIN","image":{"@type":"ImageObject","inLanguage":"fr-FR","@id":"https:\/\/infomatin-benin.com\/infomatinvrai2\/#\/schema\/person\/image\/","url":"https:\/\/secure.gravatar.com\/avatar\/2820a6de81a9d99fdb43e52acf2e17b10644be831bebe6d0c25e0e56ee49393f?s=96&d=mm&r=g","contentUrl":"https:\/\/secure.gravatar.com\/avatar\/2820a6de81a9d99fdb43e52acf2e17b10644be831bebe6d0c25e0e56ee49393f?s=96&d=mm&r=g","caption":"INFO MATIN"},"url":"https:\/\/infomatin-benin.com\/infomatinvrai2\/author\/ramatou\/"}]}},"_links":{"self":[{"href":"https:\/\/infomatin-benin.com\/infomatinvrai2\/wp-json\/wp\/v2\/posts\/41147","targetHints":{"allow":["GET"]}}],"collection":[{"href":"https:\/\/infomatin-benin.com\/infomatinvrai2\/wp-json\/wp\/v2\/posts"}],"about":[{"href":"https:\/\/infomatin-benin.com\/infomatinvrai2\/wp-json\/wp\/v2\/types\/post"}],"author":[{"embeddable":true,"href":"https:\/\/infomatin-benin.com\/infomatinvrai2\/wp-json\/wp\/v2\/users\/2"}],"replies":[{"embeddable":true,"href":"https:\/\/infomatin-benin.com\/infomatinvrai2\/wp-json\/wp\/v2\/comments?post=41147"}],"version-history":[{"count":1,"href":"https:\/\/infomatin-benin.com\/infomatinvrai2\/wp-json\/wp\/v2\/posts\/41147\/revisions"}],"predecessor-version":[{"id":41148,"href":"https:\/\/infomatin-benin.com\/infomatinvrai2\/wp-json\/wp\/v2\/posts\/41147\/revisions\/41148"}],"wp:featuredmedia":[{"embeddable":true,"href":"https:\/\/infomatin-benin.com\/infomatinvrai2\/wp-json\/wp\/v2\/media\/41146"}],"wp:attachment":[{"href":"https:\/\/infomatin-benin.com\/infomatinvrai2\/wp-json\/wp\/v2\/media?parent=41147"}],"wp:term":[{"taxonomy":"category","embeddable":true,"href":"https:\/\/infomatin-benin.com\/infomatinvrai2\/wp-json\/wp\/v2\/categories?post=41147"},{"taxonomy":"post_tag","embeddable":true,"href":"https:\/\/infomatin-benin.com\/infomatinvrai2\/wp-json\/wp\/v2\/tags?post=41147"}],"curies":[{"name":"wp","href":"https:\/\/api.w.org\/{rel}","templated":true}]}}