{"id":41140,"date":"2026-04-27T04:02:33","date_gmt":"2026-04-27T02:02:33","guid":{"rendered":"https:\/\/infomatin-benin.com\/infomatinvrai2\/?p=41140"},"modified":"2026-04-27T04:02:34","modified_gmt":"2026-04-27T02:02:34","slug":"distinction-et-reconnaissance-rafiatou-mamadou-honoree-pour-son-engagement-et-son-impact","status":"publish","type":"post","link":"https:\/\/infomatin-benin.com\/infomatinvrai2\/2026\/04\/distinction-et-reconnaissance-rafiatou-mamadou-honoree-pour-son-engagement-et-son-impact\/","title":{"rendered":"Distinction et reconnaissance : Rafiatou Mamadou honor\u00e9e pour son engagement et son impact"},"content":{"rendered":"\n<p>Dans un contexte o\u00f9 l\u2019engagement citoyen et le leadership f\u00e9minin gagnent en visibilit\u00e9 et en importance, certaines figures se d\u00e9marquent par la constance et la port\u00e9e de leurs actions. C\u2019est le cas de Rafiatou Mamadou, journaliste, communicatrice et actrice engag\u00e9e de la vie publique, dont le parcours vient d\u2019\u00eatre une nouvelle fois salu\u00e9.Rafiatou Mamadou a en effet \u00e9t\u00e9 distingu\u00e9e comme femme d\u2019impact lors du Forum ECO FEMME, une initiative port\u00e9e par Yves KPEKPEDE. Cette reconnaissance vient couronner des ann\u00e9es d\u2019engagement dans les domaines des m\u00e9dias, de la communication et du d\u00e9veloppement communautaire, mais aussi son implication r\u00e9cente et remarqu\u00e9e dans l\u2019ar\u00e8ne politique.Coordinatrice de la CFU et pr\u00e9sidente des FEFEB ainsi que de la FEB2P, Rafiatou Mamadou s\u2019est impos\u00e9e comme une voix influente, notamment dans la promotion du leadership f\u00e9minin et de la participation active des femmes dans les sph\u00e8res de d\u00e9cision. Ses initiatives, souvent orient\u00e9es vers l\u2019autonomisation et la valorisation des comp\u00e9tences locales, ont contribu\u00e9 \u00e0 renforcer la pr\u00e9sence f\u00e9minine dans des espaces jusque-l\u00e0 peu accessibles.Son r\u00e9cent engagement en politique, per\u00e7u par nombre d\u2019observateurs comme une continuit\u00e9 logique de son combat pour le changement, n\u2019est pas pass\u00e9 inaper\u00e7u. Il t\u00e9moigne d\u2019une volont\u00e9 affirm\u00e9e de peser davantage sur les d\u00e9cisions publiques et de porter plus haut les aspirations des communaut\u00e9s qu\u2019elle repr\u00e9sente.En reconnaissance de cet impact, Rafiatou Mamadou figure d\u00e9sormais parmi les nomin\u00e9es du prestigieux classement des 100 femmes de l\u2019ann\u00e9e 2026. Une distinction qui consacre non seulement son parcours, mais aussi la pertinence de ses actions dans un environnement en pleine mutation.Au-del\u00e0 de la personne, cette distinction met en lumi\u00e8re le r\u00f4le crucial des femmes dans la transformation sociale et politique. Elle rappelle que l\u2019audace, la pers\u00e9v\u00e9rance et l\u2019engagement peuvent ouvrir la voie \u00e0 des changements durables.Pour Rafiatou Mamadou, cette reconnaissance appara\u00eet comme un encouragement \u00e0 poursuivre ses efforts, mais aussi comme une responsabilit\u00e9 accrue : celle de continuer \u00e0 inspirer, f\u00e9d\u00e9rer et agir pour un avenir plus inclusif et \u00e9quitable.<\/p>\n\n\n\n<p>Christophe AGON<\/p>\n\n\n\n<figure class=\"wp-block-gallery has-nested-images columns-default is-cropped wp-block-gallery-1 is-layout-flex wp-block-gallery-is-layout-flex\">\n<figure class=\"wp-block-image size-large\"><img loading=\"lazy\" decoding=\"async\" width=\"576\" height=\"1024\" data-id=\"41142\" src=\"https:\/\/infomatin-benin.com\/wp-content\/uploads\/2026\/04\/1000526099-576x1024.jpg\" alt=\"\" class=\"wp-image-41142\" srcset=\"https:\/\/infomatin-benin.com\/wp-content\/uploads\/2026\/04\/1000526099-576x1024.jpg 576w, https:\/\/infomatin-benin.com\/wp-content\/uploads\/2026\/04\/1000526099-169x300.jpg 169w, https:\/\/infomatin-benin.com\/wp-content\/uploads\/2026\/04\/1000526099.jpg 720w\" sizes=\"auto, (max-width: 576px) 100vw, 576px\" \/><\/figure>\n\n\n\n<figure class=\"wp-block-image size-large\"><img loading=\"lazy\" decoding=\"async\" width=\"789\" height=\"1024\" data-id=\"41144\" src=\"https:\/\/infomatin-benin.com\/wp-content\/uploads\/2026\/04\/1000526098-789x1024.jpg\" alt=\"\" class=\"wp-image-41144\" srcset=\"https:\/\/infomatin-benin.com\/wp-content\/uploads\/2026\/04\/1000526098-789x1024.jpg 789w, https:\/\/infomatin-benin.com\/wp-content\/uploads\/2026\/04\/1000526098-231x300.jpg 231w, https:\/\/infomatin-benin.com\/wp-content\/uploads\/2026\/04\/1000526098-768x997.jpg 768w, https:\/\/infomatin-benin.com\/wp-content\/uploads\/2026\/04\/1000526098.jpg 986w\" sizes=\"auto, (max-width: 789px) 100vw, 789px\" \/><\/figure>\n\n\n\n<figure class=\"wp-block-image size-large\"><img loading=\"lazy\" decoding=\"async\" width=\"720\" height=\"724\" data-id=\"41143\" src=\"https:\/\/infomatin-benin.com\/wp-content\/uploads\/2026\/04\/1000526097.jpg\" alt=\"\" class=\"wp-image-41143\" srcset=\"https:\/\/infomatin-benin.com\/wp-content\/uploads\/2026\/04\/1000526097.jpg 720w, https:\/\/infomatin-benin.com\/wp-content\/uploads\/2026\/04\/1000526097-298x300.jpg 298w, https:\/\/infomatin-benin.com\/wp-content\/uploads\/2026\/04\/1000526097-150x150.jpg 150w\" sizes=\"auto, (max-width: 720px) 100vw, 720px\" \/><\/figure>\n<\/figure>\n","protected":false},"excerpt":{"rendered":"<p>Dans un contexte o\u00f9 l\u2019engagement citoyen et le leadership f\u00e9minin gagnent en visibilit\u00e9 et en importance, certaines figures se d\u00e9marquent par la constance et la port\u00e9e de leurs actions. C\u2019est le cas de Rafiatou Mamadou, journaliste, communicatrice et actrice engag\u00e9e de la vie publique, dont le parcours vient d\u2019\u00eatre une nouvelle fois salu\u00e9.Rafiatou Mamadou a &hellip;<\/p>\n","protected":false},"author":2,"featured_media":41141,"comment_status":"open","ping_status":"open","sticky":false,"template":"","format":"standard","meta":{"footnotes":""},"categories":[2],"tags":[],"class_list":["post-41140","post","type-post","status-publish","format-standard","has-post-thumbnail","hentry","category-societe"],"yoast_head":"<!-- This site is optimized with the Yoast SEO plugin v26.3 - https:\/\/yoast.com\/wordpress\/plugins\/seo\/ -->\n<title>Distinction et reconnaissance : Rafiatou Mamadou honor\u00e9e pour son engagement et son impact - infomatin<\/title>\n<meta name=\"robots\" content=\"index, follow, max-snippet:-1, max-image-preview:large, max-video-preview:-1\" \/>\n<link rel=\"canonical\" href=\"https:\/\/infomatin-benin.com\/infomatinvrai2\/2026\/04\/distinction-et-reconnaissance-rafiatou-mamadou-honoree-pour-son-engagement-et-son-impact\/\" \/>\n<meta property=\"og:locale\" content=\"fr_FR\" \/>\n<meta property=\"og:type\" content=\"article\" \/>\n<meta property=\"og:title\" content=\"Distinction et reconnaissance : Rafiatou Mamadou honor\u00e9e pour son engagement et son impact - infomatin\" \/>\n<meta property=\"og:description\" content=\"Dans un contexte o\u00f9 l\u2019engagement citoyen et le leadership f\u00e9minin gagnent en visibilit\u00e9 et en importance, certaines figures se d\u00e9marquent par la constance et la port\u00e9e de leurs actions. C\u2019est le cas de Rafiatou Mamadou, journaliste, communicatrice et actrice engag\u00e9e de la vie publique, dont le parcours vient d\u2019\u00eatre une nouvelle fois salu\u00e9.Rafiatou Mamadou a &hellip;\" \/>\n<meta property=\"og:url\" content=\"https:\/\/infomatin-benin.com\/infomatinvrai2\/2026\/04\/distinction-et-reconnaissance-rafiatou-mamadou-honoree-pour-son-engagement-et-son-impact\/\" \/>\n<meta property=\"og:site_name\" content=\"infomatin\" \/>\n<meta property=\"article:published_time\" content=\"2026-04-27T02:02:33+00:00\" \/>\n<meta property=\"article:modified_time\" content=\"2026-04-27T02:02:34+00:00\" \/>\n<meta property=\"og:image\" content=\"http:\/\/infomatin-benin.com\/wp-content\/uploads\/2026\/04\/IMG-20260427-WA0001.jpg\" \/>\n\t<meta property=\"og:image:width\" content=\"720\" \/>\n\t<meta property=\"og:image:height\" content=\"1280\" \/>\n\t<meta property=\"og:image:type\" content=\"image\/jpeg\" \/>\n<meta name=\"author\" content=\"INFO MATIN\" \/>\n<meta name=\"twitter:card\" content=\"summary_large_image\" \/>\n<meta name=\"twitter:label1\" content=\"\u00c9crit par\" \/>\n\t<meta name=\"twitter:data1\" content=\"INFO MATIN\" \/>\n\t<meta name=\"twitter:label2\" content=\"Dur\u00e9e de lecture estim\u00e9e\" \/>\n\t<meta name=\"twitter:data2\" content=\"3 minutes\" \/>\n<script type=\"application\/ld+json\" class=\"yoast-schema-graph\">{\"@context\":\"https:\/\/schema.org\",\"@graph\":[{\"@type\":\"WebPage\",\"@id\":\"https:\/\/infomatin-benin.com\/infomatinvrai2\/2026\/04\/distinction-et-reconnaissance-rafiatou-mamadou-honoree-pour-son-engagement-et-son-impact\/\",\"url\":\"https:\/\/infomatin-benin.com\/infomatinvrai2\/2026\/04\/distinction-et-reconnaissance-rafiatou-mamadou-honoree-pour-son-engagement-et-son-impact\/\",\"name\":\"Distinction et reconnaissance : Rafiatou Mamadou honor\u00e9e pour son engagement et son impact - infomatin\",\"isPartOf\":{\"@id\":\"https:\/\/infomatin-benin.com\/infomatinvrai2\/#website\"},\"primaryImageOfPage\":{\"@id\":\"https:\/\/infomatin-benin.com\/infomatinvrai2\/2026\/04\/distinction-et-reconnaissance-rafiatou-mamadou-honoree-pour-son-engagement-et-son-impact\/#primaryimage\"},\"image\":{\"@id\":\"https:\/\/infomatin-benin.com\/infomatinvrai2\/2026\/04\/distinction-et-reconnaissance-rafiatou-mamadou-honoree-pour-son-engagement-et-son-impact\/#primaryimage\"},\"thumbnailUrl\":\"https:\/\/infomatin-benin.com\/wp-content\/uploads\/2026\/04\/IMG-20260427-WA0001.jpg\",\"datePublished\":\"2026-04-27T02:02:33+00:00\",\"dateModified\":\"2026-04-27T02:02:34+00:00\",\"author\":{\"@id\":\"https:\/\/infomatin-benin.com\/infomatinvrai2\/#\/schema\/person\/6f847d9031293bab56c49b80b74bea0b\"},\"breadcrumb\":{\"@id\":\"https:\/\/infomatin-benin.com\/infomatinvrai2\/2026\/04\/distinction-et-reconnaissance-rafiatou-mamadou-honoree-pour-son-engagement-et-son-impact\/#breadcrumb\"},\"inLanguage\":\"fr-FR\",\"potentialAction\":[{\"@type\":\"ReadAction\",\"target\":[\"https:\/\/infomatin-benin.com\/infomatinvrai2\/2026\/04\/distinction-et-reconnaissance-rafiatou-mamadou-honoree-pour-son-engagement-et-son-impact\/\"]}]},{\"@type\":\"ImageObject\",\"inLanguage\":\"fr-FR\",\"@id\":\"https:\/\/infomatin-benin.com\/infomatinvrai2\/2026\/04\/distinction-et-reconnaissance-rafiatou-mamadou-honoree-pour-son-engagement-et-son-impact\/#primaryimage\",\"url\":\"https:\/\/infomatin-benin.com\/wp-content\/uploads\/2026\/04\/IMG-20260427-WA0001.jpg\",\"contentUrl\":\"https:\/\/infomatin-benin.com\/wp-content\/uploads\/2026\/04\/IMG-20260427-WA0001.jpg\",\"width\":720,\"height\":1280},{\"@type\":\"BreadcrumbList\",\"@id\":\"https:\/\/infomatin-benin.com\/infomatinvrai2\/2026\/04\/distinction-et-reconnaissance-rafiatou-mamadou-honoree-pour-son-engagement-et-son-impact\/#breadcrumb\",\"itemListElement\":[{\"@type\":\"ListItem\",\"position\":1,\"name\":\"Accueil\",\"item\":\"https:\/\/infomatin-benin.com\/infomatinvrai2\/\"},{\"@type\":\"ListItem\",\"position\":2,\"name\":\"Distinction et reconnaissance : Rafiatou Mamadou honor\u00e9e pour son engagement et son impact\"}]},{\"@type\":\"WebSite\",\"@id\":\"https:\/\/infomatin-benin.com\/infomatinvrai2\/#website\",\"url\":\"https:\/\/infomatin-benin.com\/infomatinvrai2\/\",\"name\":\"infomatin\",\"description\":\"Informer, notre m\u00e9tier\",\"potentialAction\":[{\"@type\":\"SearchAction\",\"target\":{\"@type\":\"EntryPoint\",\"urlTemplate\":\"https:\/\/infomatin-benin.com\/infomatinvrai2\/?s={search_term_string}\"},\"query-input\":{\"@type\":\"PropertyValueSpecification\",\"valueRequired\":true,\"valueName\":\"search_term_string\"}}],\"inLanguage\":\"fr-FR\"},{\"@type\":\"Person\",\"@id\":\"https:\/\/infomatin-benin.com\/infomatinvrai2\/#\/schema\/person\/6f847d9031293bab56c49b80b74bea0b\",\"name\":\"INFO MATIN\",\"image\":{\"@type\":\"ImageObject\",\"inLanguage\":\"fr-FR\",\"@id\":\"https:\/\/infomatin-benin.com\/infomatinvrai2\/#\/schema\/person\/image\/\",\"url\":\"https:\/\/secure.gravatar.com\/avatar\/2820a6de81a9d99fdb43e52acf2e17b10644be831bebe6d0c25e0e56ee49393f?s=96&d=mm&r=g\",\"contentUrl\":\"https:\/\/secure.gravatar.com\/avatar\/2820a6de81a9d99fdb43e52acf2e17b10644be831bebe6d0c25e0e56ee49393f?s=96&d=mm&r=g\",\"caption\":\"INFO MATIN\"},\"url\":\"https:\/\/infomatin-benin.com\/infomatinvrai2\/author\/ramatou\/\"}]}<\/script>\n<!-- \/ Yoast SEO plugin. -->","yoast_head_json":{"title":"Distinction et reconnaissance : Rafiatou Mamadou honor\u00e9e pour son engagement et son impact - infomatin","robots":{"index":"index","follow":"follow","max-snippet":"max-snippet:-1","max-image-preview":"max-image-preview:large","max-video-preview":"max-video-preview:-1"},"canonical":"https:\/\/infomatin-benin.com\/infomatinvrai2\/2026\/04\/distinction-et-reconnaissance-rafiatou-mamadou-honoree-pour-son-engagement-et-son-impact\/","og_locale":"fr_FR","og_type":"article","og_title":"Distinction et reconnaissance : Rafiatou Mamadou honor\u00e9e pour son engagement et son impact - infomatin","og_description":"Dans un contexte o\u00f9 l\u2019engagement citoyen et le leadership f\u00e9minin gagnent en visibilit\u00e9 et en importance, certaines figures se d\u00e9marquent par la constance et la port\u00e9e de leurs actions. C\u2019est le cas de Rafiatou Mamadou, journaliste, communicatrice et actrice engag\u00e9e de la vie publique, dont le parcours vient d\u2019\u00eatre une nouvelle fois salu\u00e9.Rafiatou Mamadou a &hellip;","og_url":"https:\/\/infomatin-benin.com\/infomatinvrai2\/2026\/04\/distinction-et-reconnaissance-rafiatou-mamadou-honoree-pour-son-engagement-et-son-impact\/","og_site_name":"infomatin","article_published_time":"2026-04-27T02:02:33+00:00","article_modified_time":"2026-04-27T02:02:34+00:00","og_image":[{"width":720,"height":1280,"url":"http:\/\/infomatin-benin.com\/wp-content\/uploads\/2026\/04\/IMG-20260427-WA0001.jpg","type":"image\/jpeg"}],"author":"INFO MATIN","twitter_card":"summary_large_image","twitter_misc":{"\u00c9crit par":"INFO MATIN","Dur\u00e9e de lecture estim\u00e9e":"3 minutes"},"schema":{"@context":"https:\/\/schema.org","@graph":[{"@type":"WebPage","@id":"https:\/\/infomatin-benin.com\/infomatinvrai2\/2026\/04\/distinction-et-reconnaissance-rafiatou-mamadou-honoree-pour-son-engagement-et-son-impact\/","url":"https:\/\/infomatin-benin.com\/infomatinvrai2\/2026\/04\/distinction-et-reconnaissance-rafiatou-mamadou-honoree-pour-son-engagement-et-son-impact\/","name":"Distinction et reconnaissance : Rafiatou Mamadou honor\u00e9e pour son engagement et son impact - infomatin","isPartOf":{"@id":"https:\/\/infomatin-benin.com\/infomatinvrai2\/#website"},"primaryImageOfPage":{"@id":"https:\/\/infomatin-benin.com\/infomatinvrai2\/2026\/04\/distinction-et-reconnaissance-rafiatou-mamadou-honoree-pour-son-engagement-et-son-impact\/#primaryimage"},"image":{"@id":"https:\/\/infomatin-benin.com\/infomatinvrai2\/2026\/04\/distinction-et-reconnaissance-rafiatou-mamadou-honoree-pour-son-engagement-et-son-impact\/#primaryimage"},"thumbnailUrl":"https:\/\/infomatin-benin.com\/wp-content\/uploads\/2026\/04\/IMG-20260427-WA0001.jpg","datePublished":"2026-04-27T02:02:33+00:00","dateModified":"2026-04-27T02:02:34+00:00","author":{"@id":"https:\/\/infomatin-benin.com\/infomatinvrai2\/#\/schema\/person\/6f847d9031293bab56c49b80b74bea0b"},"breadcrumb":{"@id":"https:\/\/infomatin-benin.com\/infomatinvrai2\/2026\/04\/distinction-et-reconnaissance-rafiatou-mamadou-honoree-pour-son-engagement-et-son-impact\/#breadcrumb"},"inLanguage":"fr-FR","potentialAction":[{"@type":"ReadAction","target":["https:\/\/infomatin-benin.com\/infomatinvrai2\/2026\/04\/distinction-et-reconnaissance-rafiatou-mamadou-honoree-pour-son-engagement-et-son-impact\/"]}]},{"@type":"ImageObject","inLanguage":"fr-FR","@id":"https:\/\/infomatin-benin.com\/infomatinvrai2\/2026\/04\/distinction-et-reconnaissance-rafiatou-mamadou-honoree-pour-son-engagement-et-son-impact\/#primaryimage","url":"https:\/\/infomatin-benin.com\/wp-content\/uploads\/2026\/04\/IMG-20260427-WA0001.jpg","contentUrl":"https:\/\/infomatin-benin.com\/wp-content\/uploads\/2026\/04\/IMG-20260427-WA0001.jpg","width":720,"height":1280},{"@type":"BreadcrumbList","@id":"https:\/\/infomatin-benin.com\/infomatinvrai2\/2026\/04\/distinction-et-reconnaissance-rafiatou-mamadou-honoree-pour-son-engagement-et-son-impact\/#breadcrumb","itemListElement":[{"@type":"ListItem","position":1,"name":"Accueil","item":"https:\/\/infomatin-benin.com\/infomatinvrai2\/"},{"@type":"ListItem","position":2,"name":"Distinction et reconnaissance : Rafiatou Mamadou honor\u00e9e pour son engagement et son impact"}]},{"@type":"WebSite","@id":"https:\/\/infomatin-benin.com\/infomatinvrai2\/#website","url":"https:\/\/infomatin-benin.com\/infomatinvrai2\/","name":"infomatin","description":"Informer, notre m\u00e9tier","potentialAction":[{"@type":"SearchAction","target":{"@type":"EntryPoint","urlTemplate":"https:\/\/infomatin-benin.com\/infomatinvrai2\/?s={search_term_string}"},"query-input":{"@type":"PropertyValueSpecification","valueRequired":true,"valueName":"search_term_string"}}],"inLanguage":"fr-FR"},{"@type":"Person","@id":"https:\/\/infomatin-benin.com\/infomatinvrai2\/#\/schema\/person\/6f847d9031293bab56c49b80b74bea0b","name":"INFO MATIN","image":{"@type":"ImageObject","inLanguage":"fr-FR","@id":"https:\/\/infomatin-benin.com\/infomatinvrai2\/#\/schema\/person\/image\/","url":"https:\/\/secure.gravatar.com\/avatar\/2820a6de81a9d99fdb43e52acf2e17b10644be831bebe6d0c25e0e56ee49393f?s=96&d=mm&r=g","contentUrl":"https:\/\/secure.gravatar.com\/avatar\/2820a6de81a9d99fdb43e52acf2e17b10644be831bebe6d0c25e0e56ee49393f?s=96&d=mm&r=g","caption":"INFO MATIN"},"url":"https:\/\/infomatin-benin.com\/infomatinvrai2\/author\/ramatou\/"}]}},"_links":{"self":[{"href":"https:\/\/infomatin-benin.com\/infomatinvrai2\/wp-json\/wp\/v2\/posts\/41140","targetHints":{"allow":["GET"]}}],"collection":[{"href":"https:\/\/infomatin-benin.com\/infomatinvrai2\/wp-json\/wp\/v2\/posts"}],"about":[{"href":"https:\/\/infomatin-benin.com\/infomatinvrai2\/wp-json\/wp\/v2\/types\/post"}],"author":[{"embeddable":true,"href":"https:\/\/infomatin-benin.com\/infomatinvrai2\/wp-json\/wp\/v2\/users\/2"}],"replies":[{"embeddable":true,"href":"https:\/\/infomatin-benin.com\/infomatinvrai2\/wp-json\/wp\/v2\/comments?post=41140"}],"version-history":[{"count":1,"href":"https:\/\/infomatin-benin.com\/infomatinvrai2\/wp-json\/wp\/v2\/posts\/41140\/revisions"}],"predecessor-version":[{"id":41145,"href":"https:\/\/infomatin-benin.com\/infomatinvrai2\/wp-json\/wp\/v2\/posts\/41140\/revisions\/41145"}],"wp:featuredmedia":[{"embeddable":true,"href":"https:\/\/infomatin-benin.com\/infomatinvrai2\/wp-json\/wp\/v2\/media\/41141"}],"wp:attachment":[{"href":"https:\/\/infomatin-benin.com\/infomatinvrai2\/wp-json\/wp\/v2\/media?parent=41140"}],"wp:term":[{"taxonomy":"category","embeddable":true,"href":"https:\/\/infomatin-benin.com\/infomatinvrai2\/wp-json\/wp\/v2\/categories?post=41140"},{"taxonomy":"post_tag","embeddable":true,"href":"https:\/\/infomatin-benin.com\/infomatinvrai2\/wp-json\/wp\/v2\/tags?post=41140"}],"curies":[{"name":"wp","href":"https:\/\/api.w.org\/{rel}","templated":true}]}}