{"id":41138,"date":"2026-04-27T03:55:36","date_gmt":"2026-04-27T01:55:36","guid":{"rendered":"https:\/\/infomatin-benin.com\/infomatinvrai2\/?p=41138"},"modified":"2026-04-27T03:55:36","modified_gmt":"2026-04-27T01:55:36","slug":"le-senat-un-reposoir-ou-un-pouvoir-deguise-reflexion-autour-de-lapres-mandat-de-patrice-talon","status":"publish","type":"post","link":"https:\/\/infomatin-benin.com\/infomatinvrai2\/2026\/04\/le-senat-un-reposoir-ou-un-pouvoir-deguise-reflexion-autour-de-lapres-mandat-de-patrice-talon\/","title":{"rendered":"Le S\u00e9nat, un reposoir ou un pouvoir d\u00e9guis\u00e9 ? : R\u00e9flexion autour de l\u2019apr\u00e8s-mandat de Patrice Talon"},"content":{"rendered":"\n<p>Au fil des ann\u00e9es, la parole politique s\u2019inscrit dans la m\u00e9moire collective comme un rep\u00e8re, parfois comme une promesse, souvent comme une projection. Lorsque Patrice Talon \u00e9voquait, au terme de ses deux mandats, la n\u00e9cessit\u00e9 de \u00ab se reposer \u00bb, nombreux sont les B\u00e9ninois qui y voyaient l\u2019annonce d\u2019un retrait r\u00e9el de la sc\u00e8ne publique. Mais l\u2019\u00e9ventualit\u00e9 de son entr\u00e9e au S\u00e9nat rebat aujourd\u2019hui les cartes et relance un d\u00e9bat aussi ancien que la politique elle-m\u00eame : peut-on v\u00e9ritablement se reposer en restant au c\u0153ur des institutions ?<\/p>\n\n\n\n<p><strong>Une promesse de retrait sous le prisme des r\u00e9alit\u00e9s institutionnelles<\/strong><\/p>\n\n\n\n<p>Dans un pays o\u00f9 la parole pr\u00e9sidentielle est scrut\u00e9e, interpr\u00e9t\u00e9e et parfois sacralis\u00e9e, l\u2019id\u00e9e d\u2019un retrait de Patrice Talon apr\u00e8s dix ann\u00e9es de gouvernance avait suscit\u00e9 \u00e0 la fois espoir et scepticisme. Espoir d\u2019un renouvellement de la classe politique pour certains, scepticisme pour d\u2019autres, habitu\u00e9s aux reconversions strat\u00e9giques des anciens chefs d\u2019\u00c9tat.Le S\u00e9nat, institution encore jeune dans le paysage politique b\u00e9ninois, appara\u00eet ici comme un espace ambigu. Il n\u2019est ni totalement ex\u00e9cutif, ni compl\u00e8tement passif. Il est, par essence, un lieu d\u2019influence, de r\u00e9flexion et d\u2019orientation des grandes d\u00e9cisions nationales. D\u00e8s lors, y si\u00e9ger ne saurait \u00eatre assimil\u00e9 \u00e0 une mise en retrait totale.<\/p>\n\n\n\n<p><strong>Le S\u00e9nat : une chambre de sages\u2026 ou de strat\u00e8ges ?<\/strong><\/p>\n\n\n\n<p>Dans de nombreuses d\u00e9mocraties, la chambre haute du Parlement est per\u00e7ue comme un sanctuaire de l\u2019exp\u00e9rience. On y retrouve d\u2019anciens dirigeants, des figures respect\u00e9es, parfois en fin de carri\u00e8re, mais rarement en rupture avec le pouvoir. Le S\u00e9nat n\u2019est donc pas un lieu de repos au sens strict, mais plut\u00f4t un espace de continuit\u00e9 politique sous une autre forme.Si Patrice Talon devait y si\u00e9ger, il ne s\u2019agirait pas d\u2019une retraite, mais d\u2019une mutation. Une transition d\u2019un pouvoir ex\u00e9cutif direct vers une influence plus subtile, mais tout aussi r\u00e9elle. Car dans les arcanes institutionnels, l\u2019influence ne dispara\u00eet jamais : elle change de visage.<\/p>\n\n\n\n<p><strong>Entre perception populaire et strat\u00e9gie politique<\/strong><\/p>\n\n\n\n<p>La question pos\u00e9e par les citoyens b\u00e9ninois est l\u00e9gitime : le S\u00e9nat peut-il \u00eatre consid\u00e9r\u00e9 comme un lieu de repos ? La r\u00e9ponse d\u00e9pend largement de la conception que l\u2019on se fait du repos en politique. S\u2019agit-il d\u2019un retrait total, d\u2019un silence volontaire, ou simplement d\u2019un all\u00e8gement des responsabilit\u00e9s visibles ?Dans un contexte o\u00f9 la vie politique reste fortement personnalis\u00e9e, la pr\u00e9sence d\u2019un ancien chef d\u2019\u00c9tat dans une institution cl\u00e9 peut \u00eatre per\u00e7ue comme une continuit\u00e9 du pouvoir, voire comme une mani\u00e8re de rester dans le jeu. Cette perception, qu\u2019elle soit fond\u00e9e ou non, m\u00e9rite d\u2019\u00eatre prise en compte, car elle touche \u00e0 la confiance entre gouvernants et gouvern\u00e9s.<\/p>\n\n\n\n<p><strong>Une lecture plus nuanc\u00e9e du \u00ab repos \u00bb<\/strong><\/p>\n\n\n\n<p>Peut-\u00eatre faut-il alors d\u00e9passer la lecture litt\u00e9rale du mot \u00ab repos \u00bb. Pour un homme d\u2019\u00c9tat ayant exerc\u00e9 au sommet pendant une d\u00e9cennie, se retirer totalement pourrait \u00eatre per\u00e7u comme un abandon d\u2019exp\u00e9rience. \u00c0 l\u2019inverse, rester actif dans un cadre moins expos\u00e9 pourrait \u00eatre interpr\u00e9t\u00e9 comme une forme de repos relatif : moins de pression quotidienne, mais toujours une participation \u00e0 la vie nationale.Dans cette perspective, le S\u00e9nat pourrait repr\u00e9senter un compromis entre retrait et engagement. Un espace o\u00f9 l\u2019on parle moins, mais o\u00f9 chaque parole compte davantage.Au fond, la question n\u2019est peut-\u00eatre pas de savoir si le S\u00e9nat est un lieu de repos, mais plut\u00f4t de comprendre ce que signifie \u00ab se reposer \u00bb pour un acteur politique de premier plan. Pour Patrice Talon, comme pour bien d\u2019autres avant lui, la fin d\u2019un mandat ne marque pas n\u00e9cessairement la fin de l\u2019influence.Le d\u00e9bat ouvert au sein de l\u2019opinion publique b\u00e9ninoise est sain. Il traduit une vigilance citoyenne et une volont\u00e9 de coh\u00e9rence entre les discours et les actes. Mais il rappelle aussi une r\u00e9alit\u00e9 universelle : en politique, le repos absolu est rare. Il laisse souvent place \u00e0 des formes plus discr\u00e8tes, mais non moins strat\u00e9giques, de pr\u00e9sence.Ainsi, loin d\u2019\u00eatre un simple refuge, le S\u00e9nat pourrait bien \u00eatre, pour un ancien pr\u00e9sident, non pas un lit de repos, mais un fauteuil d\u2019observation\u2026 solidement ancr\u00e9 au c\u0153ur du pouvoir.<\/p>\n\n\n\n<p>LA R\u00c9DACTION<\/p>\n","protected":false},"excerpt":{"rendered":"<p>Au fil des ann\u00e9es, la parole politique s\u2019inscrit dans la m\u00e9moire collective comme un rep\u00e8re, parfois comme une promesse, souvent comme une projection. Lorsque Patrice Talon \u00e9voquait, au terme de ses deux mandats, la n\u00e9cessit\u00e9 de \u00ab se reposer \u00bb, nombreux sont les B\u00e9ninois qui y voyaient l\u2019annonce d\u2019un retrait r\u00e9el de la sc\u00e8ne publique. &hellip;<\/p>\n","protected":false},"author":2,"featured_media":41137,"comment_status":"open","ping_status":"open","sticky":false,"template":"","format":"standard","meta":{"footnotes":""},"categories":[33],"tags":[],"class_list":["post-41138","post","type-post","status-publish","format-standard","has-post-thumbnail","hentry","category-politique"],"yoast_head":"<!-- This site is optimized with the Yoast SEO plugin v26.3 - https:\/\/yoast.com\/wordpress\/plugins\/seo\/ -->\n<title>Le S\u00e9nat, un reposoir ou un pouvoir d\u00e9guis\u00e9 ? : R\u00e9flexion autour de l\u2019apr\u00e8s-mandat de Patrice Talon - infomatin<\/title>\n<meta name=\"robots\" content=\"index, follow, max-snippet:-1, max-image-preview:large, max-video-preview:-1\" \/>\n<link rel=\"canonical\" href=\"https:\/\/infomatin-benin.com\/infomatinvrai2\/2026\/04\/le-senat-un-reposoir-ou-un-pouvoir-deguise-reflexion-autour-de-lapres-mandat-de-patrice-talon\/\" \/>\n<meta property=\"og:locale\" content=\"fr_FR\" \/>\n<meta property=\"og:type\" content=\"article\" \/>\n<meta property=\"og:title\" content=\"Le S\u00e9nat, un reposoir ou un pouvoir d\u00e9guis\u00e9 ? : R\u00e9flexion autour de l\u2019apr\u00e8s-mandat de Patrice Talon - infomatin\" \/>\n<meta property=\"og:description\" content=\"Au fil des ann\u00e9es, la parole politique s\u2019inscrit dans la m\u00e9moire collective comme un rep\u00e8re, parfois comme une promesse, souvent comme une projection. Lorsque Patrice Talon \u00e9voquait, au terme de ses deux mandats, la n\u00e9cessit\u00e9 de \u00ab se reposer \u00bb, nombreux sont les B\u00e9ninois qui y voyaient l\u2019annonce d\u2019un retrait r\u00e9el de la sc\u00e8ne publique. &hellip;\" \/>\n<meta property=\"og:url\" content=\"https:\/\/infomatin-benin.com\/infomatinvrai2\/2026\/04\/le-senat-un-reposoir-ou-un-pouvoir-deguise-reflexion-autour-de-lapres-mandat-de-patrice-talon\/\" \/>\n<meta property=\"og:site_name\" content=\"infomatin\" \/>\n<meta property=\"article:published_time\" content=\"2026-04-27T01:55:36+00:00\" \/>\n<meta property=\"og:image\" content=\"http:\/\/infomatin-benin.com\/wp-content\/uploads\/2026\/04\/Screenshot_20260427-023911_1.jpg\" \/>\n\t<meta property=\"og:image:width\" content=\"624\" \/>\n\t<meta property=\"og:image:height\" content=\"360\" \/>\n\t<meta property=\"og:image:type\" content=\"image\/jpeg\" \/>\n<meta name=\"author\" content=\"INFO MATIN\" \/>\n<meta name=\"twitter:card\" content=\"summary_large_image\" \/>\n<meta name=\"twitter:label1\" content=\"\u00c9crit par\" \/>\n\t<meta name=\"twitter:data1\" content=\"INFO MATIN\" \/>\n\t<meta name=\"twitter:label2\" content=\"Dur\u00e9e de lecture estim\u00e9e\" \/>\n\t<meta name=\"twitter:data2\" content=\"4 minutes\" \/>\n<script type=\"application\/ld+json\" class=\"yoast-schema-graph\">{\"@context\":\"https:\/\/schema.org\",\"@graph\":[{\"@type\":\"WebPage\",\"@id\":\"https:\/\/infomatin-benin.com\/infomatinvrai2\/2026\/04\/le-senat-un-reposoir-ou-un-pouvoir-deguise-reflexion-autour-de-lapres-mandat-de-patrice-talon\/\",\"url\":\"https:\/\/infomatin-benin.com\/infomatinvrai2\/2026\/04\/le-senat-un-reposoir-ou-un-pouvoir-deguise-reflexion-autour-de-lapres-mandat-de-patrice-talon\/\",\"name\":\"Le S\u00e9nat, un reposoir ou un pouvoir d\u00e9guis\u00e9 ? : R\u00e9flexion autour de l\u2019apr\u00e8s-mandat de Patrice Talon - infomatin\",\"isPartOf\":{\"@id\":\"https:\/\/infomatin-benin.com\/infomatinvrai2\/#website\"},\"primaryImageOfPage\":{\"@id\":\"https:\/\/infomatin-benin.com\/infomatinvrai2\/2026\/04\/le-senat-un-reposoir-ou-un-pouvoir-deguise-reflexion-autour-de-lapres-mandat-de-patrice-talon\/#primaryimage\"},\"image\":{\"@id\":\"https:\/\/infomatin-benin.com\/infomatinvrai2\/2026\/04\/le-senat-un-reposoir-ou-un-pouvoir-deguise-reflexion-autour-de-lapres-mandat-de-patrice-talon\/#primaryimage\"},\"thumbnailUrl\":\"https:\/\/infomatin-benin.com\/wp-content\/uploads\/2026\/04\/Screenshot_20260427-023911_1.jpg\",\"datePublished\":\"2026-04-27T01:55:36+00:00\",\"author\":{\"@id\":\"https:\/\/infomatin-benin.com\/infomatinvrai2\/#\/schema\/person\/6f847d9031293bab56c49b80b74bea0b\"},\"breadcrumb\":{\"@id\":\"https:\/\/infomatin-benin.com\/infomatinvrai2\/2026\/04\/le-senat-un-reposoir-ou-un-pouvoir-deguise-reflexion-autour-de-lapres-mandat-de-patrice-talon\/#breadcrumb\"},\"inLanguage\":\"fr-FR\",\"potentialAction\":[{\"@type\":\"ReadAction\",\"target\":[\"https:\/\/infomatin-benin.com\/infomatinvrai2\/2026\/04\/le-senat-un-reposoir-ou-un-pouvoir-deguise-reflexion-autour-de-lapres-mandat-de-patrice-talon\/\"]}]},{\"@type\":\"ImageObject\",\"inLanguage\":\"fr-FR\",\"@id\":\"https:\/\/infomatin-benin.com\/infomatinvrai2\/2026\/04\/le-senat-un-reposoir-ou-un-pouvoir-deguise-reflexion-autour-de-lapres-mandat-de-patrice-talon\/#primaryimage\",\"url\":\"https:\/\/infomatin-benin.com\/wp-content\/uploads\/2026\/04\/Screenshot_20260427-023911_1.jpg\",\"contentUrl\":\"https:\/\/infomatin-benin.com\/wp-content\/uploads\/2026\/04\/Screenshot_20260427-023911_1.jpg\",\"width\":624,\"height\":360},{\"@type\":\"BreadcrumbList\",\"@id\":\"https:\/\/infomatin-benin.com\/infomatinvrai2\/2026\/04\/le-senat-un-reposoir-ou-un-pouvoir-deguise-reflexion-autour-de-lapres-mandat-de-patrice-talon\/#breadcrumb\",\"itemListElement\":[{\"@type\":\"ListItem\",\"position\":1,\"name\":\"Accueil\",\"item\":\"https:\/\/infomatin-benin.com\/infomatinvrai2\/\"},{\"@type\":\"ListItem\",\"position\":2,\"name\":\"Le S\u00e9nat, un reposoir ou un pouvoir d\u00e9guis\u00e9 ? : R\u00e9flexion autour de l\u2019apr\u00e8s-mandat de Patrice Talon\"}]},{\"@type\":\"WebSite\",\"@id\":\"https:\/\/infomatin-benin.com\/infomatinvrai2\/#website\",\"url\":\"https:\/\/infomatin-benin.com\/infomatinvrai2\/\",\"name\":\"infomatin\",\"description\":\"Informer, notre m\u00e9tier\",\"potentialAction\":[{\"@type\":\"SearchAction\",\"target\":{\"@type\":\"EntryPoint\",\"urlTemplate\":\"https:\/\/infomatin-benin.com\/infomatinvrai2\/?s={search_term_string}\"},\"query-input\":{\"@type\":\"PropertyValueSpecification\",\"valueRequired\":true,\"valueName\":\"search_term_string\"}}],\"inLanguage\":\"fr-FR\"},{\"@type\":\"Person\",\"@id\":\"https:\/\/infomatin-benin.com\/infomatinvrai2\/#\/schema\/person\/6f847d9031293bab56c49b80b74bea0b\",\"name\":\"INFO MATIN\",\"image\":{\"@type\":\"ImageObject\",\"inLanguage\":\"fr-FR\",\"@id\":\"https:\/\/infomatin-benin.com\/infomatinvrai2\/#\/schema\/person\/image\/\",\"url\":\"https:\/\/secure.gravatar.com\/avatar\/2820a6de81a9d99fdb43e52acf2e17b10644be831bebe6d0c25e0e56ee49393f?s=96&d=mm&r=g\",\"contentUrl\":\"https:\/\/secure.gravatar.com\/avatar\/2820a6de81a9d99fdb43e52acf2e17b10644be831bebe6d0c25e0e56ee49393f?s=96&d=mm&r=g\",\"caption\":\"INFO MATIN\"},\"url\":\"https:\/\/infomatin-benin.com\/infomatinvrai2\/author\/ramatou\/\"}]}<\/script>\n<!-- \/ Yoast SEO plugin. -->","yoast_head_json":{"title":"Le S\u00e9nat, un reposoir ou un pouvoir d\u00e9guis\u00e9 ? : R\u00e9flexion autour de l\u2019apr\u00e8s-mandat de Patrice Talon - infomatin","robots":{"index":"index","follow":"follow","max-snippet":"max-snippet:-1","max-image-preview":"max-image-preview:large","max-video-preview":"max-video-preview:-1"},"canonical":"https:\/\/infomatin-benin.com\/infomatinvrai2\/2026\/04\/le-senat-un-reposoir-ou-un-pouvoir-deguise-reflexion-autour-de-lapres-mandat-de-patrice-talon\/","og_locale":"fr_FR","og_type":"article","og_title":"Le S\u00e9nat, un reposoir ou un pouvoir d\u00e9guis\u00e9 ? : R\u00e9flexion autour de l\u2019apr\u00e8s-mandat de Patrice Talon - infomatin","og_description":"Au fil des ann\u00e9es, la parole politique s\u2019inscrit dans la m\u00e9moire collective comme un rep\u00e8re, parfois comme une promesse, souvent comme une projection. Lorsque Patrice Talon \u00e9voquait, au terme de ses deux mandats, la n\u00e9cessit\u00e9 de \u00ab se reposer \u00bb, nombreux sont les B\u00e9ninois qui y voyaient l\u2019annonce d\u2019un retrait r\u00e9el de la sc\u00e8ne publique. &hellip;","og_url":"https:\/\/infomatin-benin.com\/infomatinvrai2\/2026\/04\/le-senat-un-reposoir-ou-un-pouvoir-deguise-reflexion-autour-de-lapres-mandat-de-patrice-talon\/","og_site_name":"infomatin","article_published_time":"2026-04-27T01:55:36+00:00","og_image":[{"width":624,"height":360,"url":"http:\/\/infomatin-benin.com\/wp-content\/uploads\/2026\/04\/Screenshot_20260427-023911_1.jpg","type":"image\/jpeg"}],"author":"INFO MATIN","twitter_card":"summary_large_image","twitter_misc":{"\u00c9crit par":"INFO MATIN","Dur\u00e9e de lecture estim\u00e9e":"4 minutes"},"schema":{"@context":"https:\/\/schema.org","@graph":[{"@type":"WebPage","@id":"https:\/\/infomatin-benin.com\/infomatinvrai2\/2026\/04\/le-senat-un-reposoir-ou-un-pouvoir-deguise-reflexion-autour-de-lapres-mandat-de-patrice-talon\/","url":"https:\/\/infomatin-benin.com\/infomatinvrai2\/2026\/04\/le-senat-un-reposoir-ou-un-pouvoir-deguise-reflexion-autour-de-lapres-mandat-de-patrice-talon\/","name":"Le S\u00e9nat, un reposoir ou un pouvoir d\u00e9guis\u00e9 ? : R\u00e9flexion autour de l\u2019apr\u00e8s-mandat de Patrice Talon - infomatin","isPartOf":{"@id":"https:\/\/infomatin-benin.com\/infomatinvrai2\/#website"},"primaryImageOfPage":{"@id":"https:\/\/infomatin-benin.com\/infomatinvrai2\/2026\/04\/le-senat-un-reposoir-ou-un-pouvoir-deguise-reflexion-autour-de-lapres-mandat-de-patrice-talon\/#primaryimage"},"image":{"@id":"https:\/\/infomatin-benin.com\/infomatinvrai2\/2026\/04\/le-senat-un-reposoir-ou-un-pouvoir-deguise-reflexion-autour-de-lapres-mandat-de-patrice-talon\/#primaryimage"},"thumbnailUrl":"https:\/\/infomatin-benin.com\/wp-content\/uploads\/2026\/04\/Screenshot_20260427-023911_1.jpg","datePublished":"2026-04-27T01:55:36+00:00","author":{"@id":"https:\/\/infomatin-benin.com\/infomatinvrai2\/#\/schema\/person\/6f847d9031293bab56c49b80b74bea0b"},"breadcrumb":{"@id":"https:\/\/infomatin-benin.com\/infomatinvrai2\/2026\/04\/le-senat-un-reposoir-ou-un-pouvoir-deguise-reflexion-autour-de-lapres-mandat-de-patrice-talon\/#breadcrumb"},"inLanguage":"fr-FR","potentialAction":[{"@type":"ReadAction","target":["https:\/\/infomatin-benin.com\/infomatinvrai2\/2026\/04\/le-senat-un-reposoir-ou-un-pouvoir-deguise-reflexion-autour-de-lapres-mandat-de-patrice-talon\/"]}]},{"@type":"ImageObject","inLanguage":"fr-FR","@id":"https:\/\/infomatin-benin.com\/infomatinvrai2\/2026\/04\/le-senat-un-reposoir-ou-un-pouvoir-deguise-reflexion-autour-de-lapres-mandat-de-patrice-talon\/#primaryimage","url":"https:\/\/infomatin-benin.com\/wp-content\/uploads\/2026\/04\/Screenshot_20260427-023911_1.jpg","contentUrl":"https:\/\/infomatin-benin.com\/wp-content\/uploads\/2026\/04\/Screenshot_20260427-023911_1.jpg","width":624,"height":360},{"@type":"BreadcrumbList","@id":"https:\/\/infomatin-benin.com\/infomatinvrai2\/2026\/04\/le-senat-un-reposoir-ou-un-pouvoir-deguise-reflexion-autour-de-lapres-mandat-de-patrice-talon\/#breadcrumb","itemListElement":[{"@type":"ListItem","position":1,"name":"Accueil","item":"https:\/\/infomatin-benin.com\/infomatinvrai2\/"},{"@type":"ListItem","position":2,"name":"Le S\u00e9nat, un reposoir ou un pouvoir d\u00e9guis\u00e9 ? : R\u00e9flexion autour de l\u2019apr\u00e8s-mandat de Patrice Talon"}]},{"@type":"WebSite","@id":"https:\/\/infomatin-benin.com\/infomatinvrai2\/#website","url":"https:\/\/infomatin-benin.com\/infomatinvrai2\/","name":"infomatin","description":"Informer, notre m\u00e9tier","potentialAction":[{"@type":"SearchAction","target":{"@type":"EntryPoint","urlTemplate":"https:\/\/infomatin-benin.com\/infomatinvrai2\/?s={search_term_string}"},"query-input":{"@type":"PropertyValueSpecification","valueRequired":true,"valueName":"search_term_string"}}],"inLanguage":"fr-FR"},{"@type":"Person","@id":"https:\/\/infomatin-benin.com\/infomatinvrai2\/#\/schema\/person\/6f847d9031293bab56c49b80b74bea0b","name":"INFO MATIN","image":{"@type":"ImageObject","inLanguage":"fr-FR","@id":"https:\/\/infomatin-benin.com\/infomatinvrai2\/#\/schema\/person\/image\/","url":"https:\/\/secure.gravatar.com\/avatar\/2820a6de81a9d99fdb43e52acf2e17b10644be831bebe6d0c25e0e56ee49393f?s=96&d=mm&r=g","contentUrl":"https:\/\/secure.gravatar.com\/avatar\/2820a6de81a9d99fdb43e52acf2e17b10644be831bebe6d0c25e0e56ee49393f?s=96&d=mm&r=g","caption":"INFO MATIN"},"url":"https:\/\/infomatin-benin.com\/infomatinvrai2\/author\/ramatou\/"}]}},"_links":{"self":[{"href":"https:\/\/infomatin-benin.com\/infomatinvrai2\/wp-json\/wp\/v2\/posts\/41138","targetHints":{"allow":["GET"]}}],"collection":[{"href":"https:\/\/infomatin-benin.com\/infomatinvrai2\/wp-json\/wp\/v2\/posts"}],"about":[{"href":"https:\/\/infomatin-benin.com\/infomatinvrai2\/wp-json\/wp\/v2\/types\/post"}],"author":[{"embeddable":true,"href":"https:\/\/infomatin-benin.com\/infomatinvrai2\/wp-json\/wp\/v2\/users\/2"}],"replies":[{"embeddable":true,"href":"https:\/\/infomatin-benin.com\/infomatinvrai2\/wp-json\/wp\/v2\/comments?post=41138"}],"version-history":[{"count":1,"href":"https:\/\/infomatin-benin.com\/infomatinvrai2\/wp-json\/wp\/v2\/posts\/41138\/revisions"}],"predecessor-version":[{"id":41139,"href":"https:\/\/infomatin-benin.com\/infomatinvrai2\/wp-json\/wp\/v2\/posts\/41138\/revisions\/41139"}],"wp:featuredmedia":[{"embeddable":true,"href":"https:\/\/infomatin-benin.com\/infomatinvrai2\/wp-json\/wp\/v2\/media\/41137"}],"wp:attachment":[{"href":"https:\/\/infomatin-benin.com\/infomatinvrai2\/wp-json\/wp\/v2\/media?parent=41138"}],"wp:term":[{"taxonomy":"category","embeddable":true,"href":"https:\/\/infomatin-benin.com\/infomatinvrai2\/wp-json\/wp\/v2\/categories?post=41138"},{"taxonomy":"post_tag","embeddable":true,"href":"https:\/\/infomatin-benin.com\/infomatinvrai2\/wp-json\/wp\/v2\/tags?post=41138"}],"curies":[{"name":"wp","href":"https:\/\/api.w.org\/{rel}","templated":true}]}}