{"id":41135,"date":"2026-04-23T06:24:10","date_gmt":"2026-04-23T04:24:10","guid":{"rendered":"https:\/\/infomatin-benin.com\/infomatinvrai2\/?p=41135"},"modified":"2026-04-23T06:24:11","modified_gmt":"2026-04-23T04:24:11","slug":"creation-du-comite-scientifique-national-de-restitution-des-biens-culturels-le-benin-structure-lacte-ii-de-sa-reconquete-patrimoniale","status":"publish","type":"post","link":"https:\/\/infomatin-benin.com\/infomatinvrai2\/2026\/04\/creation-du-comite-scientifique-national-de-restitution-des-biens-culturels-le-benin-structure-lacte-ii-de-sa-reconquete-patrimoniale\/","title":{"rendered":"Cr\u00e9ation du Comit\u00e9 scientifique national de restitution des biens culturels : Le B\u00e9nin structure l\u2019acte II de sa reconqu\u00eate patrimoniale"},"content":{"rendered":"\n<p>La d\u00e9cision prise hier 22 avril en Conseil des ministres marque un tournant majeur dans la politique culturelle du B\u00e9nin. En actant la cr\u00e9ation et la nomination des membres du Comit\u00e9 scientifique national de restitution des biens culturels, le gouvernement ne se contente pas d&rsquo;une simple formalit\u00e9 administrative ; il dote le pays d&rsquo;un instrument de pr\u00e9cision pour piloter le retour de son identit\u00e9 visuelle et historique. Cette mesure vient confirmer une vision politique d\u00e9sormais bien ancr\u00e9e : celle de faire de la valorisation du patrimoine et de la m\u00e9moire un pilier central de l&rsquo;\u00e9mergence nationale.Depuis plusieurs ann\u00e9es, cette ambition est le fil conducteur de l&rsquo;action publique. Elle ne se limite plus aux discours, mais se traduit par des actes concrets qui visent \u00e0 restaurer la dignit\u00e9 d&rsquo;un peuple en lui r\u00e9appropriant son histoire. En structurant ce comit\u00e9 d&rsquo;experts, le B\u00e9nin envoie un signal fort de pr\u00e9paration et de s\u00e9rieux, affirmant qu&rsquo;il est pr\u00eat \u00e0 relever le d\u00e9fi technique et scientifique que repr\u00e9sente l&rsquo;accueil de ces tr\u00e9sors. Il s&rsquo;agit de transformer des objets longtemps rest\u00e9s silencieux dans des vitrines \u00e9trang\u00e8res en v\u00e9ritables moteurs de fiert\u00e9 et de d\u00e9veloppement touristique.Cette dynamique nationale trouve un \u00e9cho favorable de l&rsquo;autre c\u00f4t\u00e9 de l&rsquo;Atlantique. Le cadre juridique international a en effet connu une avanc\u00e9e historique avec l&rsquo;adoption, par l&rsquo;Assembl\u00e9e nationale fran\u00e7aise, de la loi du 24 d\u00e9cembre 2020. En cr\u00e9ant une d\u00e9rogation sp\u00e9cifique au principe d&rsquo;inali\u00e9nabilit\u00e9 des collections publiques, cette loi a bris\u00e9 un verrou s\u00e9culaire, ouvrant ainsi la voie juridique n\u00e9cessaire au retour physique des \u0153uvres. Le comit\u00e9 install\u00e9 aujourd&rsquo;hui devient donc l&rsquo;interlocuteur naturel de ce nouveau cadre l\u00e9gislatif, pr\u00eat \u00e0 orchestrer les prochaines \u00e9tapes de ce dialogue d&rsquo;\u00c9tat \u00e0 \u00c9tat.Au-del\u00e0 de la logistique, la mission confi\u00e9e \u00e0 ces personnalit\u00e9s scientifiques souligne la volont\u00e9 de rigueur qui caract\u00e9rise la gouvernance actuelle. Qu&rsquo;il s&rsquo;agisse de documenter la provenance exacte des pi\u00e8ces, de veiller aux normes de conservation internationales ou de pr\u00e9parer leur future exposition dans les mus\u00e9es en construction, chaque \u00e9tape renforce la cr\u00e9dibilit\u00e9 du pays sur la sc\u00e8ne mondiale. C&rsquo;est une v\u00e9ritable ing\u00e9nierie culturelle qui se d\u00e9ploie, prouvant que la restitution est un projet de soci\u00e9t\u00e9 global, o\u00f9 le pass\u00e9 et le futur se rejoignent pour dessiner le nouveau visage du B\u00e9nin.<\/p>\n\n\n\n<p>Saliou BAGUIRI<\/p>\n","protected":false},"excerpt":{"rendered":"<p>La d\u00e9cision prise hier 22 avril en Conseil des ministres marque un tournant majeur dans la politique culturelle du B\u00e9nin. En actant la cr\u00e9ation et la nomination des membres du Comit\u00e9 scientifique national de restitution des biens culturels, le gouvernement ne se contente pas d&rsquo;une simple formalit\u00e9 administrative ; il dote le pays d&rsquo;un instrument &hellip;<\/p>\n","protected":false},"author":2,"featured_media":41119,"comment_status":"open","ping_status":"open","sticky":false,"template":"","format":"standard","meta":{"footnotes":""},"categories":[284],"tags":[],"class_list":["post-41135","post","type-post","status-publish","format-standard","has-post-thumbnail","hentry","category-bs-culture"],"yoast_head":"<!-- This site is optimized with the Yoast SEO plugin v26.3 - https:\/\/yoast.com\/wordpress\/plugins\/seo\/ -->\n<title>Cr\u00e9ation du Comit\u00e9 scientifique national de restitution des biens culturels : Le B\u00e9nin structure l\u2019acte II de sa reconqu\u00eate patrimoniale - infomatin<\/title>\n<meta name=\"robots\" content=\"index, follow, max-snippet:-1, max-image-preview:large, max-video-preview:-1\" \/>\n<link rel=\"canonical\" href=\"http:\/\/infomatin-benin.com\/infomatinvrai2\/2026\/04\/creation-du-comite-scientifique-national-de-restitution-des-biens-culturels-le-benin-structure-lacte-ii-de-sa-reconquete-patrimoniale\/\" \/>\n<meta property=\"og:locale\" content=\"fr_FR\" \/>\n<meta property=\"og:type\" content=\"article\" \/>\n<meta property=\"og:title\" content=\"Cr\u00e9ation du Comit\u00e9 scientifique national de restitution des biens culturels : Le B\u00e9nin structure l\u2019acte II de sa reconqu\u00eate patrimoniale - infomatin\" \/>\n<meta property=\"og:description\" content=\"La d\u00e9cision prise hier 22 avril en Conseil des ministres marque un tournant majeur dans la politique culturelle du B\u00e9nin. En actant la cr\u00e9ation et la nomination des membres du Comit\u00e9 scientifique national de restitution des biens culturels, le gouvernement ne se contente pas d&rsquo;une simple formalit\u00e9 administrative ; il dote le pays d&rsquo;un instrument &hellip;\" \/>\n<meta property=\"og:url\" content=\"http:\/\/infomatin-benin.com\/infomatinvrai2\/2026\/04\/creation-du-comite-scientifique-national-de-restitution-des-biens-culturels-le-benin-structure-lacte-ii-de-sa-reconquete-patrimoniale\/\" \/>\n<meta property=\"og:site_name\" content=\"infomatin\" \/>\n<meta property=\"article:published_time\" content=\"2026-04-23T04:24:10+00:00\" \/>\n<meta property=\"article:modified_time\" content=\"2026-04-23T04:24:11+00:00\" \/>\n<meta property=\"og:image\" content=\"http:\/\/infomatin-benin.com\/wp-content\/uploads\/2026\/04\/IMG-20260423-WA0010.jpg\" \/>\n\t<meta property=\"og:image:width\" content=\"600\" \/>\n\t<meta property=\"og:image:height\" content=\"412\" \/>\n\t<meta property=\"og:image:type\" content=\"image\/jpeg\" \/>\n<meta name=\"author\" content=\"INFO MATIN\" \/>\n<meta name=\"twitter:card\" content=\"summary_large_image\" \/>\n<meta name=\"twitter:label1\" content=\"\u00c9crit par\" \/>\n\t<meta name=\"twitter:data1\" content=\"INFO MATIN\" \/>\n\t<meta name=\"twitter:label2\" content=\"Dur\u00e9e de lecture estim\u00e9e\" \/>\n\t<meta name=\"twitter:data2\" content=\"3 minutes\" \/>\n<script type=\"application\/ld+json\" class=\"yoast-schema-graph\">{\"@context\":\"https:\/\/schema.org\",\"@graph\":[{\"@type\":\"WebPage\",\"@id\":\"http:\/\/infomatin-benin.com\/infomatinvrai2\/2026\/04\/creation-du-comite-scientifique-national-de-restitution-des-biens-culturels-le-benin-structure-lacte-ii-de-sa-reconquete-patrimoniale\/\",\"url\":\"http:\/\/infomatin-benin.com\/infomatinvrai2\/2026\/04\/creation-du-comite-scientifique-national-de-restitution-des-biens-culturels-le-benin-structure-lacte-ii-de-sa-reconquete-patrimoniale\/\",\"name\":\"Cr\u00e9ation du Comit\u00e9 scientifique national de restitution des biens culturels : Le B\u00e9nin structure l\u2019acte II de sa reconqu\u00eate patrimoniale - infomatin\",\"isPartOf\":{\"@id\":\"https:\/\/infomatin-benin.com\/infomatinvrai2\/#website\"},\"primaryImageOfPage\":{\"@id\":\"http:\/\/infomatin-benin.com\/infomatinvrai2\/2026\/04\/creation-du-comite-scientifique-national-de-restitution-des-biens-culturels-le-benin-structure-lacte-ii-de-sa-reconquete-patrimoniale\/#primaryimage\"},\"image\":{\"@id\":\"http:\/\/infomatin-benin.com\/infomatinvrai2\/2026\/04\/creation-du-comite-scientifique-national-de-restitution-des-biens-culturels-le-benin-structure-lacte-ii-de-sa-reconquete-patrimoniale\/#primaryimage\"},\"thumbnailUrl\":\"https:\/\/infomatin-benin.com\/wp-content\/uploads\/2026\/04\/IMG-20260423-WA0010.jpg\",\"datePublished\":\"2026-04-23T04:24:10+00:00\",\"dateModified\":\"2026-04-23T04:24:11+00:00\",\"author\":{\"@id\":\"https:\/\/infomatin-benin.com\/infomatinvrai2\/#\/schema\/person\/6f847d9031293bab56c49b80b74bea0b\"},\"breadcrumb\":{\"@id\":\"http:\/\/infomatin-benin.com\/infomatinvrai2\/2026\/04\/creation-du-comite-scientifique-national-de-restitution-des-biens-culturels-le-benin-structure-lacte-ii-de-sa-reconquete-patrimoniale\/#breadcrumb\"},\"inLanguage\":\"fr-FR\",\"potentialAction\":[{\"@type\":\"ReadAction\",\"target\":[\"http:\/\/infomatin-benin.com\/infomatinvrai2\/2026\/04\/creation-du-comite-scientifique-national-de-restitution-des-biens-culturels-le-benin-structure-lacte-ii-de-sa-reconquete-patrimoniale\/\"]}]},{\"@type\":\"ImageObject\",\"inLanguage\":\"fr-FR\",\"@id\":\"http:\/\/infomatin-benin.com\/infomatinvrai2\/2026\/04\/creation-du-comite-scientifique-national-de-restitution-des-biens-culturels-le-benin-structure-lacte-ii-de-sa-reconquete-patrimoniale\/#primaryimage\",\"url\":\"https:\/\/infomatin-benin.com\/wp-content\/uploads\/2026\/04\/IMG-20260423-WA0010.jpg\",\"contentUrl\":\"https:\/\/infomatin-benin.com\/wp-content\/uploads\/2026\/04\/IMG-20260423-WA0010.jpg\",\"width\":600,\"height\":412},{\"@type\":\"BreadcrumbList\",\"@id\":\"http:\/\/infomatin-benin.com\/infomatinvrai2\/2026\/04\/creation-du-comite-scientifique-national-de-restitution-des-biens-culturels-le-benin-structure-lacte-ii-de-sa-reconquete-patrimoniale\/#breadcrumb\",\"itemListElement\":[{\"@type\":\"ListItem\",\"position\":1,\"name\":\"Accueil\",\"item\":\"https:\/\/infomatin-benin.com\/infomatinvrai2\/\"},{\"@type\":\"ListItem\",\"position\":2,\"name\":\"Cr\u00e9ation du Comit\u00e9 scientifique national de restitution des biens culturels : Le B\u00e9nin structure l\u2019acte II de sa reconqu\u00eate patrimoniale\"}]},{\"@type\":\"WebSite\",\"@id\":\"https:\/\/infomatin-benin.com\/infomatinvrai2\/#website\",\"url\":\"https:\/\/infomatin-benin.com\/infomatinvrai2\/\",\"name\":\"infomatin\",\"description\":\"Informer, notre m\u00e9tier\",\"potentialAction\":[{\"@type\":\"SearchAction\",\"target\":{\"@type\":\"EntryPoint\",\"urlTemplate\":\"https:\/\/infomatin-benin.com\/infomatinvrai2\/?s={search_term_string}\"},\"query-input\":{\"@type\":\"PropertyValueSpecification\",\"valueRequired\":true,\"valueName\":\"search_term_string\"}}],\"inLanguage\":\"fr-FR\"},{\"@type\":\"Person\",\"@id\":\"https:\/\/infomatin-benin.com\/infomatinvrai2\/#\/schema\/person\/6f847d9031293bab56c49b80b74bea0b\",\"name\":\"INFO MATIN\",\"image\":{\"@type\":\"ImageObject\",\"inLanguage\":\"fr-FR\",\"@id\":\"https:\/\/infomatin-benin.com\/infomatinvrai2\/#\/schema\/person\/image\/\",\"url\":\"https:\/\/secure.gravatar.com\/avatar\/2820a6de81a9d99fdb43e52acf2e17b10644be831bebe6d0c25e0e56ee49393f?s=96&d=mm&r=g\",\"contentUrl\":\"https:\/\/secure.gravatar.com\/avatar\/2820a6de81a9d99fdb43e52acf2e17b10644be831bebe6d0c25e0e56ee49393f?s=96&d=mm&r=g\",\"caption\":\"INFO MATIN\"},\"url\":\"https:\/\/infomatin-benin.com\/infomatinvrai2\/author\/ramatou\/\"}]}<\/script>\n<!-- \/ Yoast SEO plugin. -->","yoast_head_json":{"title":"Cr\u00e9ation du Comit\u00e9 scientifique national de restitution des biens culturels : Le B\u00e9nin structure l\u2019acte II de sa reconqu\u00eate patrimoniale - infomatin","robots":{"index":"index","follow":"follow","max-snippet":"max-snippet:-1","max-image-preview":"max-image-preview:large","max-video-preview":"max-video-preview:-1"},"canonical":"http:\/\/infomatin-benin.com\/infomatinvrai2\/2026\/04\/creation-du-comite-scientifique-national-de-restitution-des-biens-culturels-le-benin-structure-lacte-ii-de-sa-reconquete-patrimoniale\/","og_locale":"fr_FR","og_type":"article","og_title":"Cr\u00e9ation du Comit\u00e9 scientifique national de restitution des biens culturels : Le B\u00e9nin structure l\u2019acte II de sa reconqu\u00eate patrimoniale - infomatin","og_description":"La d\u00e9cision prise hier 22 avril en Conseil des ministres marque un tournant majeur dans la politique culturelle du B\u00e9nin. En actant la cr\u00e9ation et la nomination des membres du Comit\u00e9 scientifique national de restitution des biens culturels, le gouvernement ne se contente pas d&rsquo;une simple formalit\u00e9 administrative ; il dote le pays d&rsquo;un instrument &hellip;","og_url":"http:\/\/infomatin-benin.com\/infomatinvrai2\/2026\/04\/creation-du-comite-scientifique-national-de-restitution-des-biens-culturels-le-benin-structure-lacte-ii-de-sa-reconquete-patrimoniale\/","og_site_name":"infomatin","article_published_time":"2026-04-23T04:24:10+00:00","article_modified_time":"2026-04-23T04:24:11+00:00","og_image":[{"width":600,"height":412,"url":"http:\/\/infomatin-benin.com\/wp-content\/uploads\/2026\/04\/IMG-20260423-WA0010.jpg","type":"image\/jpeg"}],"author":"INFO MATIN","twitter_card":"summary_large_image","twitter_misc":{"\u00c9crit par":"INFO MATIN","Dur\u00e9e de lecture estim\u00e9e":"3 minutes"},"schema":{"@context":"https:\/\/schema.org","@graph":[{"@type":"WebPage","@id":"http:\/\/infomatin-benin.com\/infomatinvrai2\/2026\/04\/creation-du-comite-scientifique-national-de-restitution-des-biens-culturels-le-benin-structure-lacte-ii-de-sa-reconquete-patrimoniale\/","url":"http:\/\/infomatin-benin.com\/infomatinvrai2\/2026\/04\/creation-du-comite-scientifique-national-de-restitution-des-biens-culturels-le-benin-structure-lacte-ii-de-sa-reconquete-patrimoniale\/","name":"Cr\u00e9ation du Comit\u00e9 scientifique national de restitution des biens culturels : Le B\u00e9nin structure l\u2019acte II de sa reconqu\u00eate patrimoniale - infomatin","isPartOf":{"@id":"https:\/\/infomatin-benin.com\/infomatinvrai2\/#website"},"primaryImageOfPage":{"@id":"http:\/\/infomatin-benin.com\/infomatinvrai2\/2026\/04\/creation-du-comite-scientifique-national-de-restitution-des-biens-culturels-le-benin-structure-lacte-ii-de-sa-reconquete-patrimoniale\/#primaryimage"},"image":{"@id":"http:\/\/infomatin-benin.com\/infomatinvrai2\/2026\/04\/creation-du-comite-scientifique-national-de-restitution-des-biens-culturels-le-benin-structure-lacte-ii-de-sa-reconquete-patrimoniale\/#primaryimage"},"thumbnailUrl":"https:\/\/infomatin-benin.com\/wp-content\/uploads\/2026\/04\/IMG-20260423-WA0010.jpg","datePublished":"2026-04-23T04:24:10+00:00","dateModified":"2026-04-23T04:24:11+00:00","author":{"@id":"https:\/\/infomatin-benin.com\/infomatinvrai2\/#\/schema\/person\/6f847d9031293bab56c49b80b74bea0b"},"breadcrumb":{"@id":"http:\/\/infomatin-benin.com\/infomatinvrai2\/2026\/04\/creation-du-comite-scientifique-national-de-restitution-des-biens-culturels-le-benin-structure-lacte-ii-de-sa-reconquete-patrimoniale\/#breadcrumb"},"inLanguage":"fr-FR","potentialAction":[{"@type":"ReadAction","target":["http:\/\/infomatin-benin.com\/infomatinvrai2\/2026\/04\/creation-du-comite-scientifique-national-de-restitution-des-biens-culturels-le-benin-structure-lacte-ii-de-sa-reconquete-patrimoniale\/"]}]},{"@type":"ImageObject","inLanguage":"fr-FR","@id":"http:\/\/infomatin-benin.com\/infomatinvrai2\/2026\/04\/creation-du-comite-scientifique-national-de-restitution-des-biens-culturels-le-benin-structure-lacte-ii-de-sa-reconquete-patrimoniale\/#primaryimage","url":"https:\/\/infomatin-benin.com\/wp-content\/uploads\/2026\/04\/IMG-20260423-WA0010.jpg","contentUrl":"https:\/\/infomatin-benin.com\/wp-content\/uploads\/2026\/04\/IMG-20260423-WA0010.jpg","width":600,"height":412},{"@type":"BreadcrumbList","@id":"http:\/\/infomatin-benin.com\/infomatinvrai2\/2026\/04\/creation-du-comite-scientifique-national-de-restitution-des-biens-culturels-le-benin-structure-lacte-ii-de-sa-reconquete-patrimoniale\/#breadcrumb","itemListElement":[{"@type":"ListItem","position":1,"name":"Accueil","item":"https:\/\/infomatin-benin.com\/infomatinvrai2\/"},{"@type":"ListItem","position":2,"name":"Cr\u00e9ation du Comit\u00e9 scientifique national de restitution des biens culturels : Le B\u00e9nin structure l\u2019acte II de sa reconqu\u00eate patrimoniale"}]},{"@type":"WebSite","@id":"https:\/\/infomatin-benin.com\/infomatinvrai2\/#website","url":"https:\/\/infomatin-benin.com\/infomatinvrai2\/","name":"infomatin","description":"Informer, notre m\u00e9tier","potentialAction":[{"@type":"SearchAction","target":{"@type":"EntryPoint","urlTemplate":"https:\/\/infomatin-benin.com\/infomatinvrai2\/?s={search_term_string}"},"query-input":{"@type":"PropertyValueSpecification","valueRequired":true,"valueName":"search_term_string"}}],"inLanguage":"fr-FR"},{"@type":"Person","@id":"https:\/\/infomatin-benin.com\/infomatinvrai2\/#\/schema\/person\/6f847d9031293bab56c49b80b74bea0b","name":"INFO MATIN","image":{"@type":"ImageObject","inLanguage":"fr-FR","@id":"https:\/\/infomatin-benin.com\/infomatinvrai2\/#\/schema\/person\/image\/","url":"https:\/\/secure.gravatar.com\/avatar\/2820a6de81a9d99fdb43e52acf2e17b10644be831bebe6d0c25e0e56ee49393f?s=96&d=mm&r=g","contentUrl":"https:\/\/secure.gravatar.com\/avatar\/2820a6de81a9d99fdb43e52acf2e17b10644be831bebe6d0c25e0e56ee49393f?s=96&d=mm&r=g","caption":"INFO MATIN"},"url":"https:\/\/infomatin-benin.com\/infomatinvrai2\/author\/ramatou\/"}]}},"_links":{"self":[{"href":"https:\/\/infomatin-benin.com\/infomatinvrai2\/wp-json\/wp\/v2\/posts\/41135","targetHints":{"allow":["GET"]}}],"collection":[{"href":"https:\/\/infomatin-benin.com\/infomatinvrai2\/wp-json\/wp\/v2\/posts"}],"about":[{"href":"https:\/\/infomatin-benin.com\/infomatinvrai2\/wp-json\/wp\/v2\/types\/post"}],"author":[{"embeddable":true,"href":"https:\/\/infomatin-benin.com\/infomatinvrai2\/wp-json\/wp\/v2\/users\/2"}],"replies":[{"embeddable":true,"href":"https:\/\/infomatin-benin.com\/infomatinvrai2\/wp-json\/wp\/v2\/comments?post=41135"}],"version-history":[{"count":1,"href":"https:\/\/infomatin-benin.com\/infomatinvrai2\/wp-json\/wp\/v2\/posts\/41135\/revisions"}],"predecessor-version":[{"id":41136,"href":"https:\/\/infomatin-benin.com\/infomatinvrai2\/wp-json\/wp\/v2\/posts\/41135\/revisions\/41136"}],"wp:featuredmedia":[{"embeddable":true,"href":"https:\/\/infomatin-benin.com\/infomatinvrai2\/wp-json\/wp\/v2\/media\/41119"}],"wp:attachment":[{"href":"https:\/\/infomatin-benin.com\/infomatinvrai2\/wp-json\/wp\/v2\/media?parent=41135"}],"wp:term":[{"taxonomy":"category","embeddable":true,"href":"https:\/\/infomatin-benin.com\/infomatinvrai2\/wp-json\/wp\/v2\/categories?post=41135"},{"taxonomy":"post_tag","embeddable":true,"href":"https:\/\/infomatin-benin.com\/infomatinvrai2\/wp-json\/wp\/v2\/tags?post=41135"}],"curies":[{"name":"wp","href":"https:\/\/api.w.org\/{rel}","templated":true}]}}