{"id":41133,"date":"2026-04-23T06:10:08","date_gmt":"2026-04-23T04:10:08","guid":{"rendered":"https:\/\/infomatin-benin.com\/infomatinvrai2\/?p=41133"},"modified":"2026-04-23T06:10:08","modified_gmt":"2026-04-23T04:10:08","slug":"guerre-inutile-entre-le-br-et-lupr-a-glo-djigbe-les-dessous-dun-blocage-politique-paradoxal","status":"publish","type":"post","link":"https:\/\/infomatin-benin.com\/infomatinvrai2\/2026\/04\/guerre-inutile-entre-le-br-et-lupr-a-glo-djigbe-les-dessous-dun-blocage-politique-paradoxal\/","title":{"rendered":"Guerre inutile entre le BR et l\u2019UPR \u00e0 Glo-Djigb\u00e9 : Les dessous d\u2019un blocage politique paradoxal"},"content":{"rendered":"\n<p>Alors que les r\u00e9sultats des communales de 2026 donnent clairement l\u2019avantage au Bloc R\u00e9publicain (BR) dans l\u2019arrondissement de Glo-Djigb\u00e9, l\u2019installation du chef d\u2019arrondissement tarde \u00e0 se concr\u00e9tiser et c&rsquo;est le CA d&rsquo;Akassato qui assure l&rsquo;int\u00e9rim. Une situation qui interroge et r\u00e9v\u00e8le les tensions internes au sein m\u00eame de la mouvance pr\u00e9sidentielle.<\/p>\n\n\n\n<p><strong>Une victoire \u00e9lectorale qui ne suffit pas<\/strong><\/p>\n\n\n\n<p>\u00c0 l\u2019issue des \u00e9lections communales de janvier 2026, le paysage politique b\u00e9ninois s\u2019est resserr\u00e9 autour de deux formations majeures : le Bloc R\u00e9publicain (BR) et l\u2019Union Progressiste le Renouveau (UPR), seuls partis \u00e0 avoir franchi le seuil \u00e9lectoral et \u00e0 se partager l\u2019ensemble des si\u00e8ges.Dans la commune d\u2019Abomey-Calavi, et particuli\u00e8rement \u00e0 Glo-Djigb\u00e9, le BR a r\u00e9ussi \u00e0 tirer son \u00e9pingle du jeu en remportant l\u2019arrondissement avec deux conseillers, contrairement \u00e0 la domination globale de l\u2019UPR dans la commune. Logiquement, cette victoire devrait lui conf\u00e9rer la main sur la d\u00e9signation du chef d\u2019arrondissement.Mais sur le terrain, la r\u00e9alit\u00e9 est tout autre.<\/p>\n\n\n\n<p><strong>Le principe de la \u00abgouvernance coll\u00e9giale\u00bb en question<\/strong><\/p>\n\n\n\n<p>Le premier facteur explicatif de ce blocage r\u00e9side dans les accords politiques entre les deux partis alli\u00e9s de la mouvance. En effet, l\u2019UPR a officiellement d\u00e9fendu une approche bas\u00e9e sur la gouvernance coll\u00e9giale, visant \u00e0 partager les responsabilit\u00e9s locales afin de pr\u00e9server les \u00e9quilibres politiques.Dans ce contexte, la d\u00e9signation des chefs d\u2019arrondissement ne repose pas uniquement sur les r\u00e9sultats locaux, mais aussi sur des n\u00e9gociations politiques \u00e0 un niveau sup\u00e9rieur. Autrement dit, gagner un arrondissement ne garantit pas automatiquement le contr\u00f4le total de son ex\u00e9cutif.Cette logique, pens\u00e9e pour \u00e9viter les frustrations et maintenir la coh\u00e9sion, devient paradoxalement une source de tensions sur le terrain malheureusement.<\/p>\n\n\n\n<p><strong>Rivalit\u00e9s locales et enjeux de positionnement<\/strong><\/p>\n\n\n\n<p>Au-del\u00e0 des textes, la situation \u00e0 Glo traduit surtout une lutte d\u2019influence entre acteurs locaux. Derri\u00e8re les partis, ce sont des personnalit\u00e9s, des ambitions et des r\u00e9seaux qui s\u2019affrontent.Plusieurs \u00e9l\u00e9ments peuvent expliquer le blocage. Apr\u00e8s enqu\u00eate de votre journal, les d\u00e9saccords s&rsquo;observent surtout sur le choix du candidat au poste de chef d\u2019arrondissement. Qu&rsquo;il vous souvienne que cette victoire n&rsquo;est rien d&rsquo;autre celle d&rsquo;un ancien dissident de l&rsquo;UPR. Aussi, on peut noter des rivalit\u00e9s internes au BR lui-m\u00eame, entre \u00e9lus et leaders locaux. Peut s&rsquo;ajouter la volont\u00e9 de l\u2019UPR de peser malgr\u00e9 sa lourde d\u00e9faite locale, en s\u2019appuyant sur sa majorit\u00e9 communale. Ce cocktail cr\u00e9e une situation de blocage o\u00f9 aucun camp ne veut c\u00e9der, au risque de retarder le fonctionnement normal de l\u2019administration locale.<\/p>\n\n\n\n<p><strong>Un pr\u00e9c\u00e9dent lourd de tensions<\/strong><\/p>\n\n\n\n<p>Glo-Djigb\u00e9 n\u2019en est pas \u00e0 sa premi\u00e8re crise malheureusement. La suspension d\u2019un pr\u00e9c\u00e9dent chef d\u2019arrondissement en 2025 avait d\u00e9j\u00e0 r\u00e9v\u00e9l\u00e9 des divergences profondes sur la gestion locale et le respect des proc\u00e9dures.Ce passif alimente aujourd\u2019hui la m\u00e9fiance entre acteurs et complique davantage les compromis politiques.<\/p>\n\n\n\n<p><strong>Une contradiction au sommet de la mouvance<\/strong><\/p>\n\n\n\n<p>Ce bras de fer appara\u00eet d\u2019autant plus surprenant que le BR et l\u2019UPR appartiennent \u00e0 la m\u00eame mouvance pr\u00e9sidentielle, qui contr\u00f4le l\u2019essentiel des institutions nationales et locales.Au niveau national, ces deux partis gouvernent ensemble avec une majorit\u00e9 \u00e9crasante. Mais au niveau local, cette alliance se fissure sous le poids des int\u00e9r\u00eats particuliers.<\/p>\n\n\n\n<p><strong>Une \u00ab guerre inutile \u00bb aux cons\u00e9quences r\u00e9elles<\/strong><\/p>\n\n\n\n<p>Ce blocage n\u2019est pas sans cons\u00e9quences :le retard dans la mise en place de l\u2019administration locale, suivi du frein aux projets de d\u00e9veloppement de l\u2019arrondissement. Sans compter la perte de confiance des populations envers les \u00e9lus. En somme, une bataille politique qui semble d\u00e9connect\u00e9e des priorit\u00e9s des citoyens.<\/p>\n\n\n\n<p>Quelle issue ?<\/p>\n\n\n\n<p>La sortie de crise passe n\u00e9cessairement par un arbitrage clair au niveau des \u00e9tats-majors politiques. Que le verdict des urnes soit respect\u00e9 pour pr\u00e9server la cr\u00e9dibilit\u00e9 du processus \u00e9lectoral.Enfin, un compromis local doit \u00eatre trouv\u00e9 afin de relancer rapidement la gouvernance locale. Nous pouvons alors conclure que ce blocage autour de l\u2019installation du chef d\u2019arrondissement \u00e0 Glo-Djigb\u00e9 illustre les limites d\u2019une alliance politique lorsque les int\u00e9r\u00eats locaux prennent le dessus. Entre logique \u00e9lectorale et calculs strat\u00e9giques, le BR et l\u2019UPR donnent l\u2019image d\u2019une rivalit\u00e9 fratricide.Une \u00ab guerre inutile \u00bb, en effet, dont les premi\u00e8res victimes restent les populations, en attente d\u2019une gouvernance efficace et apais\u00e9e.<\/p>\n\n\n\n<p>LA R\u00c9DACTION<\/p>\n","protected":false},"excerpt":{"rendered":"<p>Alors que les r\u00e9sultats des communales de 2026 donnent clairement l\u2019avantage au Bloc R\u00e9publicain (BR) dans l\u2019arrondissement de Glo-Djigb\u00e9, l\u2019installation du chef d\u2019arrondissement tarde \u00e0 se concr\u00e9tiser et c&rsquo;est le CA d&rsquo;Akassato qui assure l&rsquo;int\u00e9rim. Une situation qui interroge et r\u00e9v\u00e8le les tensions internes au sein m\u00eame de la mouvance pr\u00e9sidentielle. Une victoire \u00e9lectorale qui &hellip;<\/p>\n","protected":false},"author":2,"featured_media":41121,"comment_status":"open","ping_status":"open","sticky":false,"template":"","format":"standard","meta":{"footnotes":""},"categories":[33],"tags":[],"class_list":["post-41133","post","type-post","status-publish","format-standard","has-post-thumbnail","hentry","category-politique"],"yoast_head":"<!-- This site is optimized with the Yoast SEO plugin v26.3 - https:\/\/yoast.com\/wordpress\/plugins\/seo\/ -->\n<title>Guerre inutile entre le BR et l\u2019UPR \u00e0 Glo-Djigb\u00e9 : Les dessous d\u2019un blocage politique paradoxal - infomatin<\/title>\n<meta name=\"robots\" content=\"index, follow, max-snippet:-1, max-image-preview:large, max-video-preview:-1\" \/>\n<link rel=\"canonical\" href=\"http:\/\/infomatin-benin.com\/infomatinvrai2\/2026\/04\/guerre-inutile-entre-le-br-et-lupr-a-glo-djigbe-les-dessous-dun-blocage-politique-paradoxal\/\" \/>\n<meta property=\"og:locale\" content=\"fr_FR\" \/>\n<meta property=\"og:type\" content=\"article\" \/>\n<meta property=\"og:title\" content=\"Guerre inutile entre le BR et l\u2019UPR \u00e0 Glo-Djigb\u00e9 : Les dessous d\u2019un blocage politique paradoxal - infomatin\" \/>\n<meta property=\"og:description\" content=\"Alors que les r\u00e9sultats des communales de 2026 donnent clairement l\u2019avantage au Bloc R\u00e9publicain (BR) dans l\u2019arrondissement de Glo-Djigb\u00e9, l\u2019installation du chef d\u2019arrondissement tarde \u00e0 se concr\u00e9tiser et c&rsquo;est le CA d&rsquo;Akassato qui assure l&rsquo;int\u00e9rim. Une situation qui interroge et r\u00e9v\u00e8le les tensions internes au sein m\u00eame de la mouvance pr\u00e9sidentielle. Une victoire \u00e9lectorale qui &hellip;\" \/>\n<meta property=\"og:url\" content=\"http:\/\/infomatin-benin.com\/infomatinvrai2\/2026\/04\/guerre-inutile-entre-le-br-et-lupr-a-glo-djigbe-les-dessous-dun-blocage-politique-paradoxal\/\" \/>\n<meta property=\"og:site_name\" content=\"infomatin\" \/>\n<meta property=\"article:published_time\" content=\"2026-04-23T04:10:08+00:00\" \/>\n<meta property=\"og:image\" content=\"http:\/\/infomatin-benin.com\/wp-content\/uploads\/2026\/04\/IMG-20260423-WA0000.jpg\" \/>\n\t<meta property=\"og:image:width\" content=\"1200\" \/>\n\t<meta property=\"og:image:height\" content=\"674\" \/>\n\t<meta property=\"og:image:type\" content=\"image\/jpeg\" \/>\n<meta name=\"author\" content=\"INFO MATIN\" \/>\n<meta name=\"twitter:card\" content=\"summary_large_image\" \/>\n<meta name=\"twitter:label1\" content=\"\u00c9crit par\" \/>\n\t<meta name=\"twitter:data1\" content=\"INFO MATIN\" \/>\n\t<meta name=\"twitter:label2\" content=\"Dur\u00e9e de lecture estim\u00e9e\" \/>\n\t<meta name=\"twitter:data2\" content=\"4 minutes\" \/>\n<script type=\"application\/ld+json\" class=\"yoast-schema-graph\">{\"@context\":\"https:\/\/schema.org\",\"@graph\":[{\"@type\":\"WebPage\",\"@id\":\"http:\/\/infomatin-benin.com\/infomatinvrai2\/2026\/04\/guerre-inutile-entre-le-br-et-lupr-a-glo-djigbe-les-dessous-dun-blocage-politique-paradoxal\/\",\"url\":\"http:\/\/infomatin-benin.com\/infomatinvrai2\/2026\/04\/guerre-inutile-entre-le-br-et-lupr-a-glo-djigbe-les-dessous-dun-blocage-politique-paradoxal\/\",\"name\":\"Guerre inutile entre le BR et l\u2019UPR \u00e0 Glo-Djigb\u00e9 : Les dessous d\u2019un blocage politique paradoxal - infomatin\",\"isPartOf\":{\"@id\":\"https:\/\/infomatin-benin.com\/infomatinvrai2\/#website\"},\"primaryImageOfPage\":{\"@id\":\"http:\/\/infomatin-benin.com\/infomatinvrai2\/2026\/04\/guerre-inutile-entre-le-br-et-lupr-a-glo-djigbe-les-dessous-dun-blocage-politique-paradoxal\/#primaryimage\"},\"image\":{\"@id\":\"http:\/\/infomatin-benin.com\/infomatinvrai2\/2026\/04\/guerre-inutile-entre-le-br-et-lupr-a-glo-djigbe-les-dessous-dun-blocage-politique-paradoxal\/#primaryimage\"},\"thumbnailUrl\":\"https:\/\/infomatin-benin.com\/wp-content\/uploads\/2026\/04\/IMG-20260423-WA0000.jpg\",\"datePublished\":\"2026-04-23T04:10:08+00:00\",\"author\":{\"@id\":\"https:\/\/infomatin-benin.com\/infomatinvrai2\/#\/schema\/person\/6f847d9031293bab56c49b80b74bea0b\"},\"breadcrumb\":{\"@id\":\"http:\/\/infomatin-benin.com\/infomatinvrai2\/2026\/04\/guerre-inutile-entre-le-br-et-lupr-a-glo-djigbe-les-dessous-dun-blocage-politique-paradoxal\/#breadcrumb\"},\"inLanguage\":\"fr-FR\",\"potentialAction\":[{\"@type\":\"ReadAction\",\"target\":[\"http:\/\/infomatin-benin.com\/infomatinvrai2\/2026\/04\/guerre-inutile-entre-le-br-et-lupr-a-glo-djigbe-les-dessous-dun-blocage-politique-paradoxal\/\"]}]},{\"@type\":\"ImageObject\",\"inLanguage\":\"fr-FR\",\"@id\":\"http:\/\/infomatin-benin.com\/infomatinvrai2\/2026\/04\/guerre-inutile-entre-le-br-et-lupr-a-glo-djigbe-les-dessous-dun-blocage-politique-paradoxal\/#primaryimage\",\"url\":\"https:\/\/infomatin-benin.com\/wp-content\/uploads\/2026\/04\/IMG-20260423-WA0000.jpg\",\"contentUrl\":\"https:\/\/infomatin-benin.com\/wp-content\/uploads\/2026\/04\/IMG-20260423-WA0000.jpg\",\"width\":1200,\"height\":674},{\"@type\":\"BreadcrumbList\",\"@id\":\"http:\/\/infomatin-benin.com\/infomatinvrai2\/2026\/04\/guerre-inutile-entre-le-br-et-lupr-a-glo-djigbe-les-dessous-dun-blocage-politique-paradoxal\/#breadcrumb\",\"itemListElement\":[{\"@type\":\"ListItem\",\"position\":1,\"name\":\"Accueil\",\"item\":\"https:\/\/infomatin-benin.com\/infomatinvrai2\/\"},{\"@type\":\"ListItem\",\"position\":2,\"name\":\"Guerre inutile entre le BR et l\u2019UPR \u00e0 Glo-Djigb\u00e9 : Les dessous d\u2019un blocage politique paradoxal\"}]},{\"@type\":\"WebSite\",\"@id\":\"https:\/\/infomatin-benin.com\/infomatinvrai2\/#website\",\"url\":\"https:\/\/infomatin-benin.com\/infomatinvrai2\/\",\"name\":\"infomatin\",\"description\":\"Informer, notre m\u00e9tier\",\"potentialAction\":[{\"@type\":\"SearchAction\",\"target\":{\"@type\":\"EntryPoint\",\"urlTemplate\":\"https:\/\/infomatin-benin.com\/infomatinvrai2\/?s={search_term_string}\"},\"query-input\":{\"@type\":\"PropertyValueSpecification\",\"valueRequired\":true,\"valueName\":\"search_term_string\"}}],\"inLanguage\":\"fr-FR\"},{\"@type\":\"Person\",\"@id\":\"https:\/\/infomatin-benin.com\/infomatinvrai2\/#\/schema\/person\/6f847d9031293bab56c49b80b74bea0b\",\"name\":\"INFO MATIN\",\"image\":{\"@type\":\"ImageObject\",\"inLanguage\":\"fr-FR\",\"@id\":\"https:\/\/infomatin-benin.com\/infomatinvrai2\/#\/schema\/person\/image\/\",\"url\":\"https:\/\/secure.gravatar.com\/avatar\/2820a6de81a9d99fdb43e52acf2e17b10644be831bebe6d0c25e0e56ee49393f?s=96&d=mm&r=g\",\"contentUrl\":\"https:\/\/secure.gravatar.com\/avatar\/2820a6de81a9d99fdb43e52acf2e17b10644be831bebe6d0c25e0e56ee49393f?s=96&d=mm&r=g\",\"caption\":\"INFO MATIN\"},\"url\":\"https:\/\/infomatin-benin.com\/infomatinvrai2\/author\/ramatou\/\"}]}<\/script>\n<!-- \/ Yoast SEO plugin. -->","yoast_head_json":{"title":"Guerre inutile entre le BR et l\u2019UPR \u00e0 Glo-Djigb\u00e9 : Les dessous d\u2019un blocage politique paradoxal - infomatin","robots":{"index":"index","follow":"follow","max-snippet":"max-snippet:-1","max-image-preview":"max-image-preview:large","max-video-preview":"max-video-preview:-1"},"canonical":"http:\/\/infomatin-benin.com\/infomatinvrai2\/2026\/04\/guerre-inutile-entre-le-br-et-lupr-a-glo-djigbe-les-dessous-dun-blocage-politique-paradoxal\/","og_locale":"fr_FR","og_type":"article","og_title":"Guerre inutile entre le BR et l\u2019UPR \u00e0 Glo-Djigb\u00e9 : Les dessous d\u2019un blocage politique paradoxal - infomatin","og_description":"Alors que les r\u00e9sultats des communales de 2026 donnent clairement l\u2019avantage au Bloc R\u00e9publicain (BR) dans l\u2019arrondissement de Glo-Djigb\u00e9, l\u2019installation du chef d\u2019arrondissement tarde \u00e0 se concr\u00e9tiser et c&rsquo;est le CA d&rsquo;Akassato qui assure l&rsquo;int\u00e9rim. Une situation qui interroge et r\u00e9v\u00e8le les tensions internes au sein m\u00eame de la mouvance pr\u00e9sidentielle. Une victoire \u00e9lectorale qui &hellip;","og_url":"http:\/\/infomatin-benin.com\/infomatinvrai2\/2026\/04\/guerre-inutile-entre-le-br-et-lupr-a-glo-djigbe-les-dessous-dun-blocage-politique-paradoxal\/","og_site_name":"infomatin","article_published_time":"2026-04-23T04:10:08+00:00","og_image":[{"width":1200,"height":674,"url":"http:\/\/infomatin-benin.com\/wp-content\/uploads\/2026\/04\/IMG-20260423-WA0000.jpg","type":"image\/jpeg"}],"author":"INFO MATIN","twitter_card":"summary_large_image","twitter_misc":{"\u00c9crit par":"INFO MATIN","Dur\u00e9e de lecture estim\u00e9e":"4 minutes"},"schema":{"@context":"https:\/\/schema.org","@graph":[{"@type":"WebPage","@id":"http:\/\/infomatin-benin.com\/infomatinvrai2\/2026\/04\/guerre-inutile-entre-le-br-et-lupr-a-glo-djigbe-les-dessous-dun-blocage-politique-paradoxal\/","url":"http:\/\/infomatin-benin.com\/infomatinvrai2\/2026\/04\/guerre-inutile-entre-le-br-et-lupr-a-glo-djigbe-les-dessous-dun-blocage-politique-paradoxal\/","name":"Guerre inutile entre le BR et l\u2019UPR \u00e0 Glo-Djigb\u00e9 : Les dessous d\u2019un blocage politique paradoxal - infomatin","isPartOf":{"@id":"https:\/\/infomatin-benin.com\/infomatinvrai2\/#website"},"primaryImageOfPage":{"@id":"http:\/\/infomatin-benin.com\/infomatinvrai2\/2026\/04\/guerre-inutile-entre-le-br-et-lupr-a-glo-djigbe-les-dessous-dun-blocage-politique-paradoxal\/#primaryimage"},"image":{"@id":"http:\/\/infomatin-benin.com\/infomatinvrai2\/2026\/04\/guerre-inutile-entre-le-br-et-lupr-a-glo-djigbe-les-dessous-dun-blocage-politique-paradoxal\/#primaryimage"},"thumbnailUrl":"https:\/\/infomatin-benin.com\/wp-content\/uploads\/2026\/04\/IMG-20260423-WA0000.jpg","datePublished":"2026-04-23T04:10:08+00:00","author":{"@id":"https:\/\/infomatin-benin.com\/infomatinvrai2\/#\/schema\/person\/6f847d9031293bab56c49b80b74bea0b"},"breadcrumb":{"@id":"http:\/\/infomatin-benin.com\/infomatinvrai2\/2026\/04\/guerre-inutile-entre-le-br-et-lupr-a-glo-djigbe-les-dessous-dun-blocage-politique-paradoxal\/#breadcrumb"},"inLanguage":"fr-FR","potentialAction":[{"@type":"ReadAction","target":["http:\/\/infomatin-benin.com\/infomatinvrai2\/2026\/04\/guerre-inutile-entre-le-br-et-lupr-a-glo-djigbe-les-dessous-dun-blocage-politique-paradoxal\/"]}]},{"@type":"ImageObject","inLanguage":"fr-FR","@id":"http:\/\/infomatin-benin.com\/infomatinvrai2\/2026\/04\/guerre-inutile-entre-le-br-et-lupr-a-glo-djigbe-les-dessous-dun-blocage-politique-paradoxal\/#primaryimage","url":"https:\/\/infomatin-benin.com\/wp-content\/uploads\/2026\/04\/IMG-20260423-WA0000.jpg","contentUrl":"https:\/\/infomatin-benin.com\/wp-content\/uploads\/2026\/04\/IMG-20260423-WA0000.jpg","width":1200,"height":674},{"@type":"BreadcrumbList","@id":"http:\/\/infomatin-benin.com\/infomatinvrai2\/2026\/04\/guerre-inutile-entre-le-br-et-lupr-a-glo-djigbe-les-dessous-dun-blocage-politique-paradoxal\/#breadcrumb","itemListElement":[{"@type":"ListItem","position":1,"name":"Accueil","item":"https:\/\/infomatin-benin.com\/infomatinvrai2\/"},{"@type":"ListItem","position":2,"name":"Guerre inutile entre le BR et l\u2019UPR \u00e0 Glo-Djigb\u00e9 : Les dessous d\u2019un blocage politique paradoxal"}]},{"@type":"WebSite","@id":"https:\/\/infomatin-benin.com\/infomatinvrai2\/#website","url":"https:\/\/infomatin-benin.com\/infomatinvrai2\/","name":"infomatin","description":"Informer, notre m\u00e9tier","potentialAction":[{"@type":"SearchAction","target":{"@type":"EntryPoint","urlTemplate":"https:\/\/infomatin-benin.com\/infomatinvrai2\/?s={search_term_string}"},"query-input":{"@type":"PropertyValueSpecification","valueRequired":true,"valueName":"search_term_string"}}],"inLanguage":"fr-FR"},{"@type":"Person","@id":"https:\/\/infomatin-benin.com\/infomatinvrai2\/#\/schema\/person\/6f847d9031293bab56c49b80b74bea0b","name":"INFO MATIN","image":{"@type":"ImageObject","inLanguage":"fr-FR","@id":"https:\/\/infomatin-benin.com\/infomatinvrai2\/#\/schema\/person\/image\/","url":"https:\/\/secure.gravatar.com\/avatar\/2820a6de81a9d99fdb43e52acf2e17b10644be831bebe6d0c25e0e56ee49393f?s=96&d=mm&r=g","contentUrl":"https:\/\/secure.gravatar.com\/avatar\/2820a6de81a9d99fdb43e52acf2e17b10644be831bebe6d0c25e0e56ee49393f?s=96&d=mm&r=g","caption":"INFO MATIN"},"url":"https:\/\/infomatin-benin.com\/infomatinvrai2\/author\/ramatou\/"}]}},"_links":{"self":[{"href":"https:\/\/infomatin-benin.com\/infomatinvrai2\/wp-json\/wp\/v2\/posts\/41133","targetHints":{"allow":["GET"]}}],"collection":[{"href":"https:\/\/infomatin-benin.com\/infomatinvrai2\/wp-json\/wp\/v2\/posts"}],"about":[{"href":"https:\/\/infomatin-benin.com\/infomatinvrai2\/wp-json\/wp\/v2\/types\/post"}],"author":[{"embeddable":true,"href":"https:\/\/infomatin-benin.com\/infomatinvrai2\/wp-json\/wp\/v2\/users\/2"}],"replies":[{"embeddable":true,"href":"https:\/\/infomatin-benin.com\/infomatinvrai2\/wp-json\/wp\/v2\/comments?post=41133"}],"version-history":[{"count":1,"href":"https:\/\/infomatin-benin.com\/infomatinvrai2\/wp-json\/wp\/v2\/posts\/41133\/revisions"}],"predecessor-version":[{"id":41134,"href":"https:\/\/infomatin-benin.com\/infomatinvrai2\/wp-json\/wp\/v2\/posts\/41133\/revisions\/41134"}],"wp:featuredmedia":[{"embeddable":true,"href":"https:\/\/infomatin-benin.com\/infomatinvrai2\/wp-json\/wp\/v2\/media\/41121"}],"wp:attachment":[{"href":"https:\/\/infomatin-benin.com\/infomatinvrai2\/wp-json\/wp\/v2\/media?parent=41133"}],"wp:term":[{"taxonomy":"category","embeddable":true,"href":"https:\/\/infomatin-benin.com\/infomatinvrai2\/wp-json\/wp\/v2\/categories?post=41133"},{"taxonomy":"post_tag","embeddable":true,"href":"https:\/\/infomatin-benin.com\/infomatinvrai2\/wp-json\/wp\/v2\/tags?post=41133"}],"curies":[{"name":"wp","href":"https:\/\/api.w.org\/{rel}","templated":true}]}}