{"id":41122,"date":"2026-04-23T06:03:32","date_gmt":"2026-04-23T04:03:32","guid":{"rendered":"https:\/\/infomatin-benin.com\/infomatinvrai2\/?p=41122"},"modified":"2026-04-23T06:03:33","modified_gmt":"2026-04-23T04:03:33","slug":"seance-de-municipalite-a-la-mairie-dabomey-calavi-nathanael-koty-et-son-equipe-face-aux-priorites-urbaines-financieres-et-routieres","status":"publish","type":"post","link":"https:\/\/infomatin-benin.com\/infomatinvrai2\/2026\/04\/seance-de-municipalite-a-la-mairie-dabomey-calavi-nathanael-koty-et-son-equipe-face-aux-priorites-urbaines-financieres-et-routieres\/","title":{"rendered":"S\u00e9ance de municipalit\u00e9 \u00e0 la mairie d\u2019Abomey-Calavi : Nathana\u00ebl Koty et son \u00e9quipe face aux priorit\u00e9s urbaines, financi\u00e8res et routi\u00e8res"},"content":{"rendered":"\n<p>Le mercredi 22 avril 2026, la salle de conf\u00e9rence de la mairie d\u2019Abomey-Calavi a servi de cadre \u00e0 une s\u00e9ance de municipalit\u00e9 pr\u00e9sid\u00e9e par le maire, Nathana\u00ebl Koty. Autour de lui, les adjoints au maire, les chefs d\u2019arrondissement ainsi que le Secr\u00e9tariat ex\u00e9cutif ont examin\u00e9 plusieurs dossiers strat\u00e9giques relatifs au d\u00e9veloppement de la commune.En ouverture des travaux, le Directeur des Affaires domaniales a pr\u00e9sent\u00e9 une communication approfondie sur les op\u00e9rations de lotissement en cours. L\u2019accent a \u00e9t\u00e9 mis sur la n\u00e9cessit\u00e9 d\u2019une r\u00e9gularisation rigoureuse des parcelles afin de garantir une urbanisation ma\u00eetris\u00e9e et conforme aux normes en vigueur. Les \u00e9changes ont \u00e9galement permis de relever les d\u00e9fis persistants en mati\u00e8re de planification urbaine, avec un appel \u00e0 un renforcement de la collaboration entre les diff\u00e9rentes parties prenantes.La question de la mobilisation des ressources propres de la commune a ensuite \u00e9t\u00e9 au c\u0153ur des discussions. Le maire a plaid\u00e9 pour une diversification accrue des sources de revenus, notamment \u00e0 travers une meilleure collecte des taxes locales et la promotion de l\u2019investissement priv\u00e9. Les \u00e9lus communaux ont, pour leur part, insist\u00e9 sur l\u2019importance de leur implication active dans ce processus, en vue de consolider l\u2019autonomie financi\u00e8re de la municipalit\u00e9 et d\u2019acc\u00e9l\u00e9rer la mise en \u0153uvre des projets de d\u00e9veloppement.Par ailleurs, la municipalit\u00e9 a proc\u00e9d\u00e9 \u00e0 la s\u00e9lection des voies prioritaires \u00e0 reprofiler au titre de l\u2019ann\u00e9e 2026. Cette mesure s\u2019inscrit dans une dynamique d\u2019am\u00e9lioration du r\u00e9seau routier communal, visant \u00e0 faciliter la circulation et \u00e0 renforcer la s\u00e9curit\u00e9 des usagers.Dans cette perspective, le maire a instruit les chefs d\u2019arrondissement de sensibiliser les occupants des abords du tron\u00e7on Arconville\u2013Akassato afin de lib\u00e9rer les emprises n\u00e9cessaires au d\u00e9marrage des travaux d\u2019am\u00e9nagement, annonc\u00e9 pour le 15 mai prochain.La s\u00e9ance s\u2019est achev\u00e9e sur l\u2019examen de divers points, traduisant la volont\u00e9 constante des autorit\u00e9s communales de r\u00e9pondre avec efficacit\u00e9 aux attentes des populations d\u2019Abomey-Calavi et de promouvoir un d\u00e9veloppement harmonieux du territoire.<\/p>\n\n\n\n<p>LA R\u00c9DACTION<\/p>\n\n\n\n<figure class=\"wp-block-gallery has-nested-images columns-default is-cropped wp-block-gallery-1 is-layout-flex wp-block-gallery-is-layout-flex\">\n<figure class=\"wp-block-image size-large\"><img loading=\"lazy\" decoding=\"async\" width=\"1024\" height=\"683\" data-id=\"41126\" src=\"https:\/\/infomatin-benin.com\/wp-content\/uploads\/2026\/04\/1000505785-1024x683.jpg\" alt=\"\" class=\"wp-image-41126\" srcset=\"https:\/\/infomatin-benin.com\/wp-content\/uploads\/2026\/04\/1000505785-1024x683.jpg 1024w, https:\/\/infomatin-benin.com\/wp-content\/uploads\/2026\/04\/1000505785-300x200.jpg 300w, https:\/\/infomatin-benin.com\/wp-content\/uploads\/2026\/04\/1000505785-768x512.jpg 768w, https:\/\/infomatin-benin.com\/wp-content\/uploads\/2026\/04\/1000505785.jpg 1080w\" sizes=\"auto, (max-width: 1024px) 100vw, 1024px\" \/><\/figure>\n\n\n\n<figure class=\"wp-block-image size-large\"><img loading=\"lazy\" decoding=\"async\" width=\"1024\" height=\"683\" data-id=\"41125\" src=\"https:\/\/infomatin-benin.com\/wp-content\/uploads\/2026\/04\/1000505784-1024x683.jpg\" alt=\"\" class=\"wp-image-41125\" srcset=\"https:\/\/infomatin-benin.com\/wp-content\/uploads\/2026\/04\/1000505784-1024x683.jpg 1024w, https:\/\/infomatin-benin.com\/wp-content\/uploads\/2026\/04\/1000505784-300x200.jpg 300w, https:\/\/infomatin-benin.com\/wp-content\/uploads\/2026\/04\/1000505784-768x512.jpg 768w, https:\/\/infomatin-benin.com\/wp-content\/uploads\/2026\/04\/1000505784.jpg 1080w\" sizes=\"auto, (max-width: 1024px) 100vw, 1024px\" \/><\/figure>\n\n\n\n<figure class=\"wp-block-image size-large\"><img loading=\"lazy\" decoding=\"async\" width=\"1024\" height=\"683\" data-id=\"41127\" src=\"https:\/\/infomatin-benin.com\/wp-content\/uploads\/2026\/04\/1000505783-1024x683.jpg\" alt=\"\" class=\"wp-image-41127\" srcset=\"https:\/\/infomatin-benin.com\/wp-content\/uploads\/2026\/04\/1000505783-1024x683.jpg 1024w, https:\/\/infomatin-benin.com\/wp-content\/uploads\/2026\/04\/1000505783-300x200.jpg 300w, https:\/\/infomatin-benin.com\/wp-content\/uploads\/2026\/04\/1000505783-768x512.jpg 768w, https:\/\/infomatin-benin.com\/wp-content\/uploads\/2026\/04\/1000505783.jpg 1080w\" sizes=\"auto, (max-width: 1024px) 100vw, 1024px\" \/><\/figure>\n\n\n\n<figure class=\"wp-block-image size-large\"><img loading=\"lazy\" decoding=\"async\" width=\"1024\" height=\"683\" data-id=\"41123\" src=\"https:\/\/infomatin-benin.com\/wp-content\/uploads\/2026\/04\/1000505782-1024x683.jpg\" alt=\"\" class=\"wp-image-41123\" srcset=\"https:\/\/infomatin-benin.com\/wp-content\/uploads\/2026\/04\/1000505782-1024x683.jpg 1024w, https:\/\/infomatin-benin.com\/wp-content\/uploads\/2026\/04\/1000505782-300x200.jpg 300w, https:\/\/infomatin-benin.com\/wp-content\/uploads\/2026\/04\/1000505782-768x512.jpg 768w, https:\/\/infomatin-benin.com\/wp-content\/uploads\/2026\/04\/1000505782.jpg 1080w\" sizes=\"auto, (max-width: 1024px) 100vw, 1024px\" \/><\/figure>\n\n\n\n<figure class=\"wp-block-image size-large\"><img loading=\"lazy\" decoding=\"async\" width=\"1024\" height=\"683\" data-id=\"41124\" src=\"https:\/\/infomatin-benin.com\/wp-content\/uploads\/2026\/04\/1000505779-1024x683.jpg\" alt=\"\" class=\"wp-image-41124\" srcset=\"https:\/\/infomatin-benin.com\/wp-content\/uploads\/2026\/04\/1000505779-1024x683.jpg 1024w, https:\/\/infomatin-benin.com\/wp-content\/uploads\/2026\/04\/1000505779-300x200.jpg 300w, https:\/\/infomatin-benin.com\/wp-content\/uploads\/2026\/04\/1000505779-768x512.jpg 768w, https:\/\/infomatin-benin.com\/wp-content\/uploads\/2026\/04\/1000505779.jpg 1080w\" sizes=\"auto, (max-width: 1024px) 100vw, 1024px\" \/><\/figure>\n\n\n\n<figure class=\"wp-block-image size-large\"><img loading=\"lazy\" decoding=\"async\" width=\"1024\" height=\"683\" data-id=\"41130\" src=\"https:\/\/infomatin-benin.com\/wp-content\/uploads\/2026\/04\/1000505778-1024x683.jpg\" alt=\"\" class=\"wp-image-41130\" srcset=\"https:\/\/infomatin-benin.com\/wp-content\/uploads\/2026\/04\/1000505778-1024x683.jpg 1024w, https:\/\/infomatin-benin.com\/wp-content\/uploads\/2026\/04\/1000505778-300x200.jpg 300w, https:\/\/infomatin-benin.com\/wp-content\/uploads\/2026\/04\/1000505778-768x512.jpg 768w, https:\/\/infomatin-benin.com\/wp-content\/uploads\/2026\/04\/1000505778.jpg 1080w\" sizes=\"auto, (max-width: 1024px) 100vw, 1024px\" \/><\/figure>\n\n\n\n<figure class=\"wp-block-image size-large\"><img loading=\"lazy\" decoding=\"async\" width=\"1024\" height=\"683\" data-id=\"41129\" src=\"https:\/\/infomatin-benin.com\/wp-content\/uploads\/2026\/04\/1000505777-1024x683.jpg\" alt=\"\" class=\"wp-image-41129\" srcset=\"https:\/\/infomatin-benin.com\/wp-content\/uploads\/2026\/04\/1000505777-1024x683.jpg 1024w, https:\/\/infomatin-benin.com\/wp-content\/uploads\/2026\/04\/1000505777-300x200.jpg 300w, https:\/\/infomatin-benin.com\/wp-content\/uploads\/2026\/04\/1000505777-768x512.jpg 768w, https:\/\/infomatin-benin.com\/wp-content\/uploads\/2026\/04\/1000505777.jpg 1080w\" sizes=\"auto, (max-width: 1024px) 100vw, 1024px\" \/><\/figure>\n\n\n\n<figure class=\"wp-block-image size-large\"><img loading=\"lazy\" decoding=\"async\" width=\"1024\" height=\"683\" data-id=\"41131\" src=\"https:\/\/infomatin-benin.com\/wp-content\/uploads\/2026\/04\/1000505776-1024x683.jpg\" alt=\"\" class=\"wp-image-41131\" srcset=\"https:\/\/infomatin-benin.com\/wp-content\/uploads\/2026\/04\/1000505776-1024x683.jpg 1024w, https:\/\/infomatin-benin.com\/wp-content\/uploads\/2026\/04\/1000505776-300x200.jpg 300w, https:\/\/infomatin-benin.com\/wp-content\/uploads\/2026\/04\/1000505776-768x512.jpg 768w, https:\/\/infomatin-benin.com\/wp-content\/uploads\/2026\/04\/1000505776.jpg 1080w\" sizes=\"auto, (max-width: 1024px) 100vw, 1024px\" \/><\/figure>\n\n\n\n<figure class=\"wp-block-image size-large\"><img loading=\"lazy\" decoding=\"async\" width=\"1024\" height=\"683\" data-id=\"41128\" src=\"https:\/\/infomatin-benin.com\/wp-content\/uploads\/2026\/04\/1000505775-1024x683.jpg\" alt=\"\" class=\"wp-image-41128\" srcset=\"https:\/\/infomatin-benin.com\/wp-content\/uploads\/2026\/04\/1000505775-1024x683.jpg 1024w, https:\/\/infomatin-benin.com\/wp-content\/uploads\/2026\/04\/1000505775-300x200.jpg 300w, https:\/\/infomatin-benin.com\/wp-content\/uploads\/2026\/04\/1000505775-768x512.jpg 768w, https:\/\/infomatin-benin.com\/wp-content\/uploads\/2026\/04\/1000505775.jpg 1080w\" sizes=\"auto, (max-width: 1024px) 100vw, 1024px\" \/><\/figure>\n<\/figure>\n","protected":false},"excerpt":{"rendered":"<p>Le mercredi 22 avril 2026, la salle de conf\u00e9rence de la mairie d\u2019Abomey-Calavi a servi de cadre \u00e0 une s\u00e9ance de municipalit\u00e9 pr\u00e9sid\u00e9e par le maire, Nathana\u00ebl Koty. Autour de lui, les adjoints au maire, les chefs d\u2019arrondissement ainsi que le Secr\u00e9tariat ex\u00e9cutif ont examin\u00e9 plusieurs dossiers strat\u00e9giques relatifs au d\u00e9veloppement de la commune.En ouverture &hellip;<\/p>\n","protected":false},"author":2,"featured_media":41120,"comment_status":"open","ping_status":"open","sticky":false,"template":"","format":"standard","meta":{"footnotes":""},"categories":[2],"tags":[],"class_list":["post-41122","post","type-post","status-publish","format-standard","has-post-thumbnail","hentry","category-societe"],"yoast_head":"<!-- This site is optimized with the Yoast SEO plugin v26.3 - https:\/\/yoast.com\/wordpress\/plugins\/seo\/ -->\n<title>S\u00e9ance de municipalit\u00e9 \u00e0 la mairie d\u2019Abomey-Calavi : Nathana\u00ebl Koty et son \u00e9quipe face aux priorit\u00e9s urbaines, financi\u00e8res et routi\u00e8res - infomatin<\/title>\n<meta name=\"robots\" content=\"index, follow, max-snippet:-1, max-image-preview:large, max-video-preview:-1\" \/>\n<link rel=\"canonical\" href=\"http:\/\/infomatin-benin.com\/infomatinvrai2\/2026\/04\/seance-de-municipalite-a-la-mairie-dabomey-calavi-nathanael-koty-et-son-equipe-face-aux-priorites-urbaines-financieres-et-routieres\/\" \/>\n<meta property=\"og:locale\" content=\"fr_FR\" \/>\n<meta property=\"og:type\" content=\"article\" \/>\n<meta property=\"og:title\" content=\"S\u00e9ance de municipalit\u00e9 \u00e0 la mairie d\u2019Abomey-Calavi : Nathana\u00ebl Koty et son \u00e9quipe face aux priorit\u00e9s urbaines, financi\u00e8res et routi\u00e8res - infomatin\" \/>\n<meta property=\"og:description\" content=\"Le mercredi 22 avril 2026, la salle de conf\u00e9rence de la mairie d\u2019Abomey-Calavi a servi de cadre \u00e0 une s\u00e9ance de municipalit\u00e9 pr\u00e9sid\u00e9e par le maire, Nathana\u00ebl Koty. Autour de lui, les adjoints au maire, les chefs d\u2019arrondissement ainsi que le Secr\u00e9tariat ex\u00e9cutif ont examin\u00e9 plusieurs dossiers strat\u00e9giques relatifs au d\u00e9veloppement de la commune.En ouverture &hellip;\" \/>\n<meta property=\"og:url\" content=\"http:\/\/infomatin-benin.com\/infomatinvrai2\/2026\/04\/seance-de-municipalite-a-la-mairie-dabomey-calavi-nathanael-koty-et-son-equipe-face-aux-priorites-urbaines-financieres-et-routieres\/\" \/>\n<meta property=\"og:site_name\" content=\"infomatin\" \/>\n<meta property=\"article:published_time\" content=\"2026-04-23T04:03:32+00:00\" \/>\n<meta property=\"article:modified_time\" content=\"2026-04-23T04:03:33+00:00\" \/>\n<meta property=\"og:image\" content=\"http:\/\/infomatin-benin.com\/wp-content\/uploads\/2026\/04\/IMG-20260423-WA0001.jpg\" \/>\n\t<meta property=\"og:image:width\" content=\"1080\" \/>\n\t<meta property=\"og:image:height\" content=\"720\" \/>\n\t<meta property=\"og:image:type\" content=\"image\/jpeg\" \/>\n<meta name=\"author\" content=\"INFO MATIN\" \/>\n<meta name=\"twitter:card\" content=\"summary_large_image\" \/>\n<meta name=\"twitter:label1\" content=\"\u00c9crit par\" \/>\n\t<meta name=\"twitter:data1\" content=\"INFO MATIN\" \/>\n\t<meta name=\"twitter:label2\" content=\"Dur\u00e9e de lecture estim\u00e9e\" \/>\n\t<meta name=\"twitter:data2\" content=\"4 minutes\" \/>\n<script type=\"application\/ld+json\" class=\"yoast-schema-graph\">{\"@context\":\"https:\/\/schema.org\",\"@graph\":[{\"@type\":\"WebPage\",\"@id\":\"http:\/\/infomatin-benin.com\/infomatinvrai2\/2026\/04\/seance-de-municipalite-a-la-mairie-dabomey-calavi-nathanael-koty-et-son-equipe-face-aux-priorites-urbaines-financieres-et-routieres\/\",\"url\":\"http:\/\/infomatin-benin.com\/infomatinvrai2\/2026\/04\/seance-de-municipalite-a-la-mairie-dabomey-calavi-nathanael-koty-et-son-equipe-face-aux-priorites-urbaines-financieres-et-routieres\/\",\"name\":\"S\u00e9ance de municipalit\u00e9 \u00e0 la mairie d\u2019Abomey-Calavi : Nathana\u00ebl Koty et son \u00e9quipe face aux priorit\u00e9s urbaines, financi\u00e8res et routi\u00e8res - infomatin\",\"isPartOf\":{\"@id\":\"https:\/\/infomatin-benin.com\/infomatinvrai2\/#website\"},\"primaryImageOfPage\":{\"@id\":\"http:\/\/infomatin-benin.com\/infomatinvrai2\/2026\/04\/seance-de-municipalite-a-la-mairie-dabomey-calavi-nathanael-koty-et-son-equipe-face-aux-priorites-urbaines-financieres-et-routieres\/#primaryimage\"},\"image\":{\"@id\":\"http:\/\/infomatin-benin.com\/infomatinvrai2\/2026\/04\/seance-de-municipalite-a-la-mairie-dabomey-calavi-nathanael-koty-et-son-equipe-face-aux-priorites-urbaines-financieres-et-routieres\/#primaryimage\"},\"thumbnailUrl\":\"https:\/\/infomatin-benin.com\/wp-content\/uploads\/2026\/04\/IMG-20260423-WA0001.jpg\",\"datePublished\":\"2026-04-23T04:03:32+00:00\",\"dateModified\":\"2026-04-23T04:03:33+00:00\",\"author\":{\"@id\":\"https:\/\/infomatin-benin.com\/infomatinvrai2\/#\/schema\/person\/6f847d9031293bab56c49b80b74bea0b\"},\"breadcrumb\":{\"@id\":\"http:\/\/infomatin-benin.com\/infomatinvrai2\/2026\/04\/seance-de-municipalite-a-la-mairie-dabomey-calavi-nathanael-koty-et-son-equipe-face-aux-priorites-urbaines-financieres-et-routieres\/#breadcrumb\"},\"inLanguage\":\"fr-FR\",\"potentialAction\":[{\"@type\":\"ReadAction\",\"target\":[\"http:\/\/infomatin-benin.com\/infomatinvrai2\/2026\/04\/seance-de-municipalite-a-la-mairie-dabomey-calavi-nathanael-koty-et-son-equipe-face-aux-priorites-urbaines-financieres-et-routieres\/\"]}]},{\"@type\":\"ImageObject\",\"inLanguage\":\"fr-FR\",\"@id\":\"http:\/\/infomatin-benin.com\/infomatinvrai2\/2026\/04\/seance-de-municipalite-a-la-mairie-dabomey-calavi-nathanael-koty-et-son-equipe-face-aux-priorites-urbaines-financieres-et-routieres\/#primaryimage\",\"url\":\"https:\/\/infomatin-benin.com\/wp-content\/uploads\/2026\/04\/IMG-20260423-WA0001.jpg\",\"contentUrl\":\"https:\/\/infomatin-benin.com\/wp-content\/uploads\/2026\/04\/IMG-20260423-WA0001.jpg\",\"width\":1080,\"height\":720},{\"@type\":\"BreadcrumbList\",\"@id\":\"http:\/\/infomatin-benin.com\/infomatinvrai2\/2026\/04\/seance-de-municipalite-a-la-mairie-dabomey-calavi-nathanael-koty-et-son-equipe-face-aux-priorites-urbaines-financieres-et-routieres\/#breadcrumb\",\"itemListElement\":[{\"@type\":\"ListItem\",\"position\":1,\"name\":\"Accueil\",\"item\":\"https:\/\/infomatin-benin.com\/infomatinvrai2\/\"},{\"@type\":\"ListItem\",\"position\":2,\"name\":\"S\u00e9ance de municipalit\u00e9 \u00e0 la mairie d\u2019Abomey-Calavi : Nathana\u00ebl Koty et son \u00e9quipe face aux priorit\u00e9s urbaines, financi\u00e8res et routi\u00e8res\"}]},{\"@type\":\"WebSite\",\"@id\":\"https:\/\/infomatin-benin.com\/infomatinvrai2\/#website\",\"url\":\"https:\/\/infomatin-benin.com\/infomatinvrai2\/\",\"name\":\"infomatin\",\"description\":\"Informer, notre m\u00e9tier\",\"potentialAction\":[{\"@type\":\"SearchAction\",\"target\":{\"@type\":\"EntryPoint\",\"urlTemplate\":\"https:\/\/infomatin-benin.com\/infomatinvrai2\/?s={search_term_string}\"},\"query-input\":{\"@type\":\"PropertyValueSpecification\",\"valueRequired\":true,\"valueName\":\"search_term_string\"}}],\"inLanguage\":\"fr-FR\"},{\"@type\":\"Person\",\"@id\":\"https:\/\/infomatin-benin.com\/infomatinvrai2\/#\/schema\/person\/6f847d9031293bab56c49b80b74bea0b\",\"name\":\"INFO MATIN\",\"image\":{\"@type\":\"ImageObject\",\"inLanguage\":\"fr-FR\",\"@id\":\"https:\/\/infomatin-benin.com\/infomatinvrai2\/#\/schema\/person\/image\/\",\"url\":\"https:\/\/secure.gravatar.com\/avatar\/2820a6de81a9d99fdb43e52acf2e17b10644be831bebe6d0c25e0e56ee49393f?s=96&d=mm&r=g\",\"contentUrl\":\"https:\/\/secure.gravatar.com\/avatar\/2820a6de81a9d99fdb43e52acf2e17b10644be831bebe6d0c25e0e56ee49393f?s=96&d=mm&r=g\",\"caption\":\"INFO MATIN\"},\"url\":\"https:\/\/infomatin-benin.com\/infomatinvrai2\/author\/ramatou\/\"}]}<\/script>\n<!-- \/ Yoast SEO plugin. -->","yoast_head_json":{"title":"S\u00e9ance de municipalit\u00e9 \u00e0 la mairie d\u2019Abomey-Calavi : Nathana\u00ebl Koty et son \u00e9quipe face aux priorit\u00e9s urbaines, financi\u00e8res et routi\u00e8res - infomatin","robots":{"index":"index","follow":"follow","max-snippet":"max-snippet:-1","max-image-preview":"max-image-preview:large","max-video-preview":"max-video-preview:-1"},"canonical":"http:\/\/infomatin-benin.com\/infomatinvrai2\/2026\/04\/seance-de-municipalite-a-la-mairie-dabomey-calavi-nathanael-koty-et-son-equipe-face-aux-priorites-urbaines-financieres-et-routieres\/","og_locale":"fr_FR","og_type":"article","og_title":"S\u00e9ance de municipalit\u00e9 \u00e0 la mairie d\u2019Abomey-Calavi : Nathana\u00ebl Koty et son \u00e9quipe face aux priorit\u00e9s urbaines, financi\u00e8res et routi\u00e8res - infomatin","og_description":"Le mercredi 22 avril 2026, la salle de conf\u00e9rence de la mairie d\u2019Abomey-Calavi a servi de cadre \u00e0 une s\u00e9ance de municipalit\u00e9 pr\u00e9sid\u00e9e par le maire, Nathana\u00ebl Koty. Autour de lui, les adjoints au maire, les chefs d\u2019arrondissement ainsi que le Secr\u00e9tariat ex\u00e9cutif ont examin\u00e9 plusieurs dossiers strat\u00e9giques relatifs au d\u00e9veloppement de la commune.En ouverture &hellip;","og_url":"http:\/\/infomatin-benin.com\/infomatinvrai2\/2026\/04\/seance-de-municipalite-a-la-mairie-dabomey-calavi-nathanael-koty-et-son-equipe-face-aux-priorites-urbaines-financieres-et-routieres\/","og_site_name":"infomatin","article_published_time":"2026-04-23T04:03:32+00:00","article_modified_time":"2026-04-23T04:03:33+00:00","og_image":[{"width":1080,"height":720,"url":"http:\/\/infomatin-benin.com\/wp-content\/uploads\/2026\/04\/IMG-20260423-WA0001.jpg","type":"image\/jpeg"}],"author":"INFO MATIN","twitter_card":"summary_large_image","twitter_misc":{"\u00c9crit par":"INFO MATIN","Dur\u00e9e de lecture estim\u00e9e":"4 minutes"},"schema":{"@context":"https:\/\/schema.org","@graph":[{"@type":"WebPage","@id":"http:\/\/infomatin-benin.com\/infomatinvrai2\/2026\/04\/seance-de-municipalite-a-la-mairie-dabomey-calavi-nathanael-koty-et-son-equipe-face-aux-priorites-urbaines-financieres-et-routieres\/","url":"http:\/\/infomatin-benin.com\/infomatinvrai2\/2026\/04\/seance-de-municipalite-a-la-mairie-dabomey-calavi-nathanael-koty-et-son-equipe-face-aux-priorites-urbaines-financieres-et-routieres\/","name":"S\u00e9ance de municipalit\u00e9 \u00e0 la mairie d\u2019Abomey-Calavi : Nathana\u00ebl Koty et son \u00e9quipe face aux priorit\u00e9s urbaines, financi\u00e8res et routi\u00e8res - infomatin","isPartOf":{"@id":"https:\/\/infomatin-benin.com\/infomatinvrai2\/#website"},"primaryImageOfPage":{"@id":"http:\/\/infomatin-benin.com\/infomatinvrai2\/2026\/04\/seance-de-municipalite-a-la-mairie-dabomey-calavi-nathanael-koty-et-son-equipe-face-aux-priorites-urbaines-financieres-et-routieres\/#primaryimage"},"image":{"@id":"http:\/\/infomatin-benin.com\/infomatinvrai2\/2026\/04\/seance-de-municipalite-a-la-mairie-dabomey-calavi-nathanael-koty-et-son-equipe-face-aux-priorites-urbaines-financieres-et-routieres\/#primaryimage"},"thumbnailUrl":"https:\/\/infomatin-benin.com\/wp-content\/uploads\/2026\/04\/IMG-20260423-WA0001.jpg","datePublished":"2026-04-23T04:03:32+00:00","dateModified":"2026-04-23T04:03:33+00:00","author":{"@id":"https:\/\/infomatin-benin.com\/infomatinvrai2\/#\/schema\/person\/6f847d9031293bab56c49b80b74bea0b"},"breadcrumb":{"@id":"http:\/\/infomatin-benin.com\/infomatinvrai2\/2026\/04\/seance-de-municipalite-a-la-mairie-dabomey-calavi-nathanael-koty-et-son-equipe-face-aux-priorites-urbaines-financieres-et-routieres\/#breadcrumb"},"inLanguage":"fr-FR","potentialAction":[{"@type":"ReadAction","target":["http:\/\/infomatin-benin.com\/infomatinvrai2\/2026\/04\/seance-de-municipalite-a-la-mairie-dabomey-calavi-nathanael-koty-et-son-equipe-face-aux-priorites-urbaines-financieres-et-routieres\/"]}]},{"@type":"ImageObject","inLanguage":"fr-FR","@id":"http:\/\/infomatin-benin.com\/infomatinvrai2\/2026\/04\/seance-de-municipalite-a-la-mairie-dabomey-calavi-nathanael-koty-et-son-equipe-face-aux-priorites-urbaines-financieres-et-routieres\/#primaryimage","url":"https:\/\/infomatin-benin.com\/wp-content\/uploads\/2026\/04\/IMG-20260423-WA0001.jpg","contentUrl":"https:\/\/infomatin-benin.com\/wp-content\/uploads\/2026\/04\/IMG-20260423-WA0001.jpg","width":1080,"height":720},{"@type":"BreadcrumbList","@id":"http:\/\/infomatin-benin.com\/infomatinvrai2\/2026\/04\/seance-de-municipalite-a-la-mairie-dabomey-calavi-nathanael-koty-et-son-equipe-face-aux-priorites-urbaines-financieres-et-routieres\/#breadcrumb","itemListElement":[{"@type":"ListItem","position":1,"name":"Accueil","item":"https:\/\/infomatin-benin.com\/infomatinvrai2\/"},{"@type":"ListItem","position":2,"name":"S\u00e9ance de municipalit\u00e9 \u00e0 la mairie d\u2019Abomey-Calavi : Nathana\u00ebl Koty et son \u00e9quipe face aux priorit\u00e9s urbaines, financi\u00e8res et routi\u00e8res"}]},{"@type":"WebSite","@id":"https:\/\/infomatin-benin.com\/infomatinvrai2\/#website","url":"https:\/\/infomatin-benin.com\/infomatinvrai2\/","name":"infomatin","description":"Informer, notre m\u00e9tier","potentialAction":[{"@type":"SearchAction","target":{"@type":"EntryPoint","urlTemplate":"https:\/\/infomatin-benin.com\/infomatinvrai2\/?s={search_term_string}"},"query-input":{"@type":"PropertyValueSpecification","valueRequired":true,"valueName":"search_term_string"}}],"inLanguage":"fr-FR"},{"@type":"Person","@id":"https:\/\/infomatin-benin.com\/infomatinvrai2\/#\/schema\/person\/6f847d9031293bab56c49b80b74bea0b","name":"INFO MATIN","image":{"@type":"ImageObject","inLanguage":"fr-FR","@id":"https:\/\/infomatin-benin.com\/infomatinvrai2\/#\/schema\/person\/image\/","url":"https:\/\/secure.gravatar.com\/avatar\/2820a6de81a9d99fdb43e52acf2e17b10644be831bebe6d0c25e0e56ee49393f?s=96&d=mm&r=g","contentUrl":"https:\/\/secure.gravatar.com\/avatar\/2820a6de81a9d99fdb43e52acf2e17b10644be831bebe6d0c25e0e56ee49393f?s=96&d=mm&r=g","caption":"INFO MATIN"},"url":"https:\/\/infomatin-benin.com\/infomatinvrai2\/author\/ramatou\/"}]}},"_links":{"self":[{"href":"https:\/\/infomatin-benin.com\/infomatinvrai2\/wp-json\/wp\/v2\/posts\/41122","targetHints":{"allow":["GET"]}}],"collection":[{"href":"https:\/\/infomatin-benin.com\/infomatinvrai2\/wp-json\/wp\/v2\/posts"}],"about":[{"href":"https:\/\/infomatin-benin.com\/infomatinvrai2\/wp-json\/wp\/v2\/types\/post"}],"author":[{"embeddable":true,"href":"https:\/\/infomatin-benin.com\/infomatinvrai2\/wp-json\/wp\/v2\/users\/2"}],"replies":[{"embeddable":true,"href":"https:\/\/infomatin-benin.com\/infomatinvrai2\/wp-json\/wp\/v2\/comments?post=41122"}],"version-history":[{"count":1,"href":"https:\/\/infomatin-benin.com\/infomatinvrai2\/wp-json\/wp\/v2\/posts\/41122\/revisions"}],"predecessor-version":[{"id":41132,"href":"https:\/\/infomatin-benin.com\/infomatinvrai2\/wp-json\/wp\/v2\/posts\/41122\/revisions\/41132"}],"wp:featuredmedia":[{"embeddable":true,"href":"https:\/\/infomatin-benin.com\/infomatinvrai2\/wp-json\/wp\/v2\/media\/41120"}],"wp:attachment":[{"href":"https:\/\/infomatin-benin.com\/infomatinvrai2\/wp-json\/wp\/v2\/media?parent=41122"}],"wp:term":[{"taxonomy":"category","embeddable":true,"href":"https:\/\/infomatin-benin.com\/infomatinvrai2\/wp-json\/wp\/v2\/categories?post=41122"},{"taxonomy":"post_tag","embeddable":true,"href":"https:\/\/infomatin-benin.com\/infomatinvrai2\/wp-json\/wp\/v2\/tags?post=41122"}],"curies":[{"name":"wp","href":"https:\/\/api.w.org\/{rel}","templated":true}]}}