{"id":41112,"date":"2026-04-21T05:58:02","date_gmt":"2026-04-21T03:58:02","guid":{"rendered":"https:\/\/infomatin-benin.com\/infomatinvrai2\/?p=41112"},"modified":"2026-04-21T05:58:03","modified_gmt":"2026-04-21T03:58:03","slug":"soutenance-de-these-a-luac-lhe-edmonde-fonton-decroche-son-parchemin-avec-brio","status":"publish","type":"post","link":"https:\/\/infomatin-benin.com\/infomatinvrai2\/2026\/04\/soutenance-de-these-a-luac-lhe-edmonde-fonton-decroche-son-parchemin-avec-brio\/","title":{"rendered":"Soutenance de th\u00e8se \u00e0 l\u2019UAC : L\u2019He Edmonde Fonton d\u00e9croche son parchemin avec brio"},"content":{"rendered":"\n<p>La salle de conf\u00e9rence de l\u2019\u00c9cole Doctorale Pluridisciplinaire de l\u2019Universit\u00e9 d\u2019Abomey-Calavi (UAC) a servi de cadre, en fin de matin\u00e9e ce lundi 20 avril 2026, \u00e0 la soutenance de th\u00e8se de la d\u00e9put\u00e9e honoraire Edmonde Tagnonnanon Fonton. Devant un jury pr\u00e9sid\u00e9 par le Professeur Vissoh Vincent et compos\u00e9 d\u2019enseignants-chercheurs venus du B\u00e9nin, du Togo et de la C\u00f4te d\u2019Ivoire, l\u2019imp\u00e9trante a d\u00e9fendu avec brio les fruits de ses recherches.Son travail de recherche, men\u00e9 sous la supervision du Professeur Placide Cledjo, portait sur le th\u00e8me : \u00ab La gestion et la valorisation des d\u00e9chets de la fili\u00e8re ananas dans le d\u00e9partement de l\u2019Atlantique. \u00bbCe sujet a suscit\u00e9 un vif int\u00e9r\u00eat au sein du jury, tant par sa pertinence que par son caract\u00e8re novateur pour le secteur agricole. \u00c0 travers le paradigme de l\u2019\u00e9conomie circulaire, la candidate a d\u00e9montr\u00e9 que les r\u00e9sidus issus de la culture, de la transformation et de la consommation de l\u2019ananas peuvent \u00eatre r\u00e9int\u00e9gr\u00e9s dans la cha\u00eene de valeur comme mati\u00e8res premi\u00e8res.L\u2019approche d\u00e9fendue par Edmonde Fonton prouve que ces d\u00e9chets, loin d&rsquo;\u00eatre une simple nuisance environnementale ou sanitaire, constituent une source potentielle de richesse. Elle propose notamment des solutions concr\u00e8tes pour la production de biogaz destin\u00e9 \u00e0 alimenter des \u00e9quipements \u00e9nerg\u00e9tiques.Au terme d\u2019une pr\u00e9sentation ma\u00eetris\u00e9e, l\u2019honorable Fonton a \u00e9t\u00e9 \u00e9lev\u00e9e au grade de Docteur en G\u00e9ographie et Gestion de l\u2019Environnement (option G\u00e9osciences et Am\u00e9nagement de l\u2019Espace), avec la mention Tr\u00e8s Honorable et les f\u00e9licitations du jury.Avec ce nouveau titre acad\u00e9mique, une nouvelle carri\u00e8re s&rsquo;ouvre d\u00e9sormais pour l&rsquo;ancienne parlementaire, qui met son expertise au service du d\u00e9veloppement durable et de la recherche scientifique.<\/p>\n\n\n\n<p>S.B.<\/p>\n\n\n\n<figure class=\"wp-block-gallery has-nested-images columns-default is-cropped wp-block-gallery-1 is-layout-flex wp-block-gallery-is-layout-flex\">\n<figure class=\"wp-block-image size-large\"><img loading=\"lazy\" decoding=\"async\" width=\"1024\" height=\"770\" data-id=\"41114\" src=\"https:\/\/infomatin-benin.com\/wp-content\/uploads\/2026\/04\/1000494286-1024x770.jpg\" alt=\"\" class=\"wp-image-41114\" srcset=\"https:\/\/infomatin-benin.com\/wp-content\/uploads\/2026\/04\/1000494286-1024x770.jpg 1024w, https:\/\/infomatin-benin.com\/wp-content\/uploads\/2026\/04\/1000494286-300x226.jpg 300w, https:\/\/infomatin-benin.com\/wp-content\/uploads\/2026\/04\/1000494286-768x578.jpg 768w, https:\/\/infomatin-benin.com\/wp-content\/uploads\/2026\/04\/1000494286.jpg 1280w\" sizes=\"auto, (max-width: 1024px) 100vw, 1024px\" \/><\/figure>\n\n\n\n<figure class=\"wp-block-image size-large\"><img loading=\"lazy\" decoding=\"async\" width=\"770\" height=\"1024\" data-id=\"41113\" src=\"https:\/\/infomatin-benin.com\/wp-content\/uploads\/2026\/04\/1000494285-770x1024.jpg\" alt=\"\" class=\"wp-image-41113\" srcset=\"https:\/\/infomatin-benin.com\/wp-content\/uploads\/2026\/04\/1000494285-770x1024.jpg 770w, https:\/\/infomatin-benin.com\/wp-content\/uploads\/2026\/04\/1000494285-226x300.jpg 226w, https:\/\/infomatin-benin.com\/wp-content\/uploads\/2026\/04\/1000494285-768x1021.jpg 768w, https:\/\/infomatin-benin.com\/wp-content\/uploads\/2026\/04\/1000494285.jpg 963w\" sizes=\"auto, (max-width: 770px) 100vw, 770px\" \/><\/figure>\n\n\n\n<figure class=\"wp-block-image size-large\"><img loading=\"lazy\" decoding=\"async\" width=\"1024\" height=\"770\" data-id=\"41115\" src=\"https:\/\/infomatin-benin.com\/wp-content\/uploads\/2026\/04\/1000494284-1024x770.jpg\" alt=\"\" class=\"wp-image-41115\" srcset=\"https:\/\/infomatin-benin.com\/wp-content\/uploads\/2026\/04\/1000494284-1024x770.jpg 1024w, https:\/\/infomatin-benin.com\/wp-content\/uploads\/2026\/04\/1000494284-300x226.jpg 300w, https:\/\/infomatin-benin.com\/wp-content\/uploads\/2026\/04\/1000494284-768x578.jpg 768w, https:\/\/infomatin-benin.com\/wp-content\/uploads\/2026\/04\/1000494284.jpg 1280w\" sizes=\"auto, (max-width: 1024px) 100vw, 1024px\" \/><\/figure>\n\n\n\n<figure class=\"wp-block-image size-large\"><img loading=\"lazy\" decoding=\"async\" width=\"1024\" height=\"770\" data-id=\"41116\" src=\"https:\/\/infomatin-benin.com\/wp-content\/uploads\/2026\/04\/1000494283-1024x770.jpg\" alt=\"\" class=\"wp-image-41116\" srcset=\"https:\/\/infomatin-benin.com\/wp-content\/uploads\/2026\/04\/1000494283-1024x770.jpg 1024w, https:\/\/infomatin-benin.com\/wp-content\/uploads\/2026\/04\/1000494283-300x226.jpg 300w, https:\/\/infomatin-benin.com\/wp-content\/uploads\/2026\/04\/1000494283-768x578.jpg 768w, https:\/\/infomatin-benin.com\/wp-content\/uploads\/2026\/04\/1000494283.jpg 1280w\" sizes=\"auto, (max-width: 1024px) 100vw, 1024px\" \/><\/figure>\n<\/figure>\n","protected":false},"excerpt":{"rendered":"<p>La salle de conf\u00e9rence de l\u2019\u00c9cole Doctorale Pluridisciplinaire de l\u2019Universit\u00e9 d\u2019Abomey-Calavi (UAC) a servi de cadre, en fin de matin\u00e9e ce lundi 20 avril 2026, \u00e0 la soutenance de th\u00e8se de la d\u00e9put\u00e9e honoraire Edmonde Tagnonnanon Fonton. Devant un jury pr\u00e9sid\u00e9 par le Professeur Vissoh Vincent et compos\u00e9 d\u2019enseignants-chercheurs venus du B\u00e9nin, du Togo et &hellip;<\/p>\n","protected":false},"author":2,"featured_media":41099,"comment_status":"open","ping_status":"open","sticky":false,"template":"","format":"standard","meta":{"footnotes":""},"categories":[341],"tags":[],"class_list":["post-41112","post","type-post","status-publish","format-standard","has-post-thumbnail","hentry","category-education"],"yoast_head":"<!-- This site is optimized with the Yoast SEO plugin v26.3 - https:\/\/yoast.com\/wordpress\/plugins\/seo\/ -->\n<title>Soutenance de th\u00e8se \u00e0 l\u2019UAC : L\u2019He Edmonde Fonton d\u00e9croche son parchemin avec brio - infomatin<\/title>\n<meta name=\"robots\" content=\"index, follow, max-snippet:-1, max-image-preview:large, max-video-preview:-1\" \/>\n<link rel=\"canonical\" href=\"https:\/\/infomatin-benin.com\/infomatinvrai2\/2026\/04\/soutenance-de-these-a-luac-lhe-edmonde-fonton-decroche-son-parchemin-avec-brio\/\" \/>\n<meta property=\"og:locale\" content=\"fr_FR\" \/>\n<meta property=\"og:type\" content=\"article\" \/>\n<meta property=\"og:title\" content=\"Soutenance de th\u00e8se \u00e0 l\u2019UAC : L\u2019He Edmonde Fonton d\u00e9croche son parchemin avec brio - infomatin\" \/>\n<meta property=\"og:description\" content=\"La salle de conf\u00e9rence de l\u2019\u00c9cole Doctorale Pluridisciplinaire de l\u2019Universit\u00e9 d\u2019Abomey-Calavi (UAC) a servi de cadre, en fin de matin\u00e9e ce lundi 20 avril 2026, \u00e0 la soutenance de th\u00e8se de la d\u00e9put\u00e9e honoraire Edmonde Tagnonnanon Fonton. Devant un jury pr\u00e9sid\u00e9 par le Professeur Vissoh Vincent et compos\u00e9 d\u2019enseignants-chercheurs venus du B\u00e9nin, du Togo et &hellip;\" \/>\n<meta property=\"og:url\" content=\"https:\/\/infomatin-benin.com\/infomatinvrai2\/2026\/04\/soutenance-de-these-a-luac-lhe-edmonde-fonton-decroche-son-parchemin-avec-brio\/\" \/>\n<meta property=\"og:site_name\" content=\"infomatin\" \/>\n<meta property=\"article:published_time\" content=\"2026-04-21T03:58:02+00:00\" \/>\n<meta property=\"article:modified_time\" content=\"2026-04-21T03:58:03+00:00\" \/>\n<meta property=\"og:image\" content=\"https:\/\/infomatin-benin.com\/wp-content\/uploads\/2026\/04\/IMG-20260421-WA0003.jpg\" \/>\n\t<meta property=\"og:image:width\" content=\"963\" \/>\n\t<meta property=\"og:image:height\" content=\"1280\" \/>\n\t<meta property=\"og:image:type\" content=\"image\/jpeg\" \/>\n<meta name=\"author\" content=\"INFO MATIN\" \/>\n<meta name=\"twitter:card\" content=\"summary_large_image\" \/>\n<meta name=\"twitter:label1\" content=\"\u00c9crit par\" \/>\n\t<meta name=\"twitter:data1\" content=\"INFO MATIN\" \/>\n\t<meta name=\"twitter:label2\" content=\"Dur\u00e9e de lecture estim\u00e9e\" \/>\n\t<meta name=\"twitter:data2\" content=\"3 minutes\" \/>\n<script type=\"application\/ld+json\" class=\"yoast-schema-graph\">{\"@context\":\"https:\/\/schema.org\",\"@graph\":[{\"@type\":\"WebPage\",\"@id\":\"https:\/\/infomatin-benin.com\/infomatinvrai2\/2026\/04\/soutenance-de-these-a-luac-lhe-edmonde-fonton-decroche-son-parchemin-avec-brio\/\",\"url\":\"https:\/\/infomatin-benin.com\/infomatinvrai2\/2026\/04\/soutenance-de-these-a-luac-lhe-edmonde-fonton-decroche-son-parchemin-avec-brio\/\",\"name\":\"Soutenance de th\u00e8se \u00e0 l\u2019UAC : L\u2019He Edmonde Fonton d\u00e9croche son parchemin avec brio - infomatin\",\"isPartOf\":{\"@id\":\"https:\/\/infomatin-benin.com\/infomatinvrai2\/#website\"},\"primaryImageOfPage\":{\"@id\":\"https:\/\/infomatin-benin.com\/infomatinvrai2\/2026\/04\/soutenance-de-these-a-luac-lhe-edmonde-fonton-decroche-son-parchemin-avec-brio\/#primaryimage\"},\"image\":{\"@id\":\"https:\/\/infomatin-benin.com\/infomatinvrai2\/2026\/04\/soutenance-de-these-a-luac-lhe-edmonde-fonton-decroche-son-parchemin-avec-brio\/#primaryimage\"},\"thumbnailUrl\":\"https:\/\/infomatin-benin.com\/wp-content\/uploads\/2026\/04\/IMG-20260421-WA0003.jpg\",\"datePublished\":\"2026-04-21T03:58:02+00:00\",\"dateModified\":\"2026-04-21T03:58:03+00:00\",\"author\":{\"@id\":\"https:\/\/infomatin-benin.com\/infomatinvrai2\/#\/schema\/person\/6f847d9031293bab56c49b80b74bea0b\"},\"breadcrumb\":{\"@id\":\"https:\/\/infomatin-benin.com\/infomatinvrai2\/2026\/04\/soutenance-de-these-a-luac-lhe-edmonde-fonton-decroche-son-parchemin-avec-brio\/#breadcrumb\"},\"inLanguage\":\"fr-FR\",\"potentialAction\":[{\"@type\":\"ReadAction\",\"target\":[\"https:\/\/infomatin-benin.com\/infomatinvrai2\/2026\/04\/soutenance-de-these-a-luac-lhe-edmonde-fonton-decroche-son-parchemin-avec-brio\/\"]}]},{\"@type\":\"ImageObject\",\"inLanguage\":\"fr-FR\",\"@id\":\"https:\/\/infomatin-benin.com\/infomatinvrai2\/2026\/04\/soutenance-de-these-a-luac-lhe-edmonde-fonton-decroche-son-parchemin-avec-brio\/#primaryimage\",\"url\":\"https:\/\/infomatin-benin.com\/wp-content\/uploads\/2026\/04\/IMG-20260421-WA0003.jpg\",\"contentUrl\":\"https:\/\/infomatin-benin.com\/wp-content\/uploads\/2026\/04\/IMG-20260421-WA0003.jpg\",\"width\":963,\"height\":1280},{\"@type\":\"BreadcrumbList\",\"@id\":\"https:\/\/infomatin-benin.com\/infomatinvrai2\/2026\/04\/soutenance-de-these-a-luac-lhe-edmonde-fonton-decroche-son-parchemin-avec-brio\/#breadcrumb\",\"itemListElement\":[{\"@type\":\"ListItem\",\"position\":1,\"name\":\"Accueil\",\"item\":\"https:\/\/infomatin-benin.com\/infomatinvrai2\/\"},{\"@type\":\"ListItem\",\"position\":2,\"name\":\"Soutenance de th\u00e8se \u00e0 l\u2019UAC : L\u2019He Edmonde Fonton d\u00e9croche son parchemin avec brio\"}]},{\"@type\":\"WebSite\",\"@id\":\"https:\/\/infomatin-benin.com\/infomatinvrai2\/#website\",\"url\":\"https:\/\/infomatin-benin.com\/infomatinvrai2\/\",\"name\":\"infomatin\",\"description\":\"Informer, notre m\u00e9tier\",\"potentialAction\":[{\"@type\":\"SearchAction\",\"target\":{\"@type\":\"EntryPoint\",\"urlTemplate\":\"https:\/\/infomatin-benin.com\/infomatinvrai2\/?s={search_term_string}\"},\"query-input\":{\"@type\":\"PropertyValueSpecification\",\"valueRequired\":true,\"valueName\":\"search_term_string\"}}],\"inLanguage\":\"fr-FR\"},{\"@type\":\"Person\",\"@id\":\"https:\/\/infomatin-benin.com\/infomatinvrai2\/#\/schema\/person\/6f847d9031293bab56c49b80b74bea0b\",\"name\":\"INFO MATIN\",\"image\":{\"@type\":\"ImageObject\",\"inLanguage\":\"fr-FR\",\"@id\":\"https:\/\/infomatin-benin.com\/infomatinvrai2\/#\/schema\/person\/image\/\",\"url\":\"https:\/\/secure.gravatar.com\/avatar\/2820a6de81a9d99fdb43e52acf2e17b10644be831bebe6d0c25e0e56ee49393f?s=96&d=mm&r=g\",\"contentUrl\":\"https:\/\/secure.gravatar.com\/avatar\/2820a6de81a9d99fdb43e52acf2e17b10644be831bebe6d0c25e0e56ee49393f?s=96&d=mm&r=g\",\"caption\":\"INFO MATIN\"},\"url\":\"https:\/\/infomatin-benin.com\/infomatinvrai2\/author\/ramatou\/\"}]}<\/script>\n<!-- \/ Yoast SEO plugin. -->","yoast_head_json":{"title":"Soutenance de th\u00e8se \u00e0 l\u2019UAC : L\u2019He Edmonde Fonton d\u00e9croche son parchemin avec brio - infomatin","robots":{"index":"index","follow":"follow","max-snippet":"max-snippet:-1","max-image-preview":"max-image-preview:large","max-video-preview":"max-video-preview:-1"},"canonical":"https:\/\/infomatin-benin.com\/infomatinvrai2\/2026\/04\/soutenance-de-these-a-luac-lhe-edmonde-fonton-decroche-son-parchemin-avec-brio\/","og_locale":"fr_FR","og_type":"article","og_title":"Soutenance de th\u00e8se \u00e0 l\u2019UAC : L\u2019He Edmonde Fonton d\u00e9croche son parchemin avec brio - infomatin","og_description":"La salle de conf\u00e9rence de l\u2019\u00c9cole Doctorale Pluridisciplinaire de l\u2019Universit\u00e9 d\u2019Abomey-Calavi (UAC) a servi de cadre, en fin de matin\u00e9e ce lundi 20 avril 2026, \u00e0 la soutenance de th\u00e8se de la d\u00e9put\u00e9e honoraire Edmonde Tagnonnanon Fonton. Devant un jury pr\u00e9sid\u00e9 par le Professeur Vissoh Vincent et compos\u00e9 d\u2019enseignants-chercheurs venus du B\u00e9nin, du Togo et &hellip;","og_url":"https:\/\/infomatin-benin.com\/infomatinvrai2\/2026\/04\/soutenance-de-these-a-luac-lhe-edmonde-fonton-decroche-son-parchemin-avec-brio\/","og_site_name":"infomatin","article_published_time":"2026-04-21T03:58:02+00:00","article_modified_time":"2026-04-21T03:58:03+00:00","og_image":[{"width":963,"height":1280,"url":"https:\/\/infomatin-benin.com\/wp-content\/uploads\/2026\/04\/IMG-20260421-WA0003.jpg","type":"image\/jpeg"}],"author":"INFO MATIN","twitter_card":"summary_large_image","twitter_misc":{"\u00c9crit par":"INFO MATIN","Dur\u00e9e de lecture estim\u00e9e":"3 minutes"},"schema":{"@context":"https:\/\/schema.org","@graph":[{"@type":"WebPage","@id":"https:\/\/infomatin-benin.com\/infomatinvrai2\/2026\/04\/soutenance-de-these-a-luac-lhe-edmonde-fonton-decroche-son-parchemin-avec-brio\/","url":"https:\/\/infomatin-benin.com\/infomatinvrai2\/2026\/04\/soutenance-de-these-a-luac-lhe-edmonde-fonton-decroche-son-parchemin-avec-brio\/","name":"Soutenance de th\u00e8se \u00e0 l\u2019UAC : L\u2019He Edmonde Fonton d\u00e9croche son parchemin avec brio - infomatin","isPartOf":{"@id":"https:\/\/infomatin-benin.com\/infomatinvrai2\/#website"},"primaryImageOfPage":{"@id":"https:\/\/infomatin-benin.com\/infomatinvrai2\/2026\/04\/soutenance-de-these-a-luac-lhe-edmonde-fonton-decroche-son-parchemin-avec-brio\/#primaryimage"},"image":{"@id":"https:\/\/infomatin-benin.com\/infomatinvrai2\/2026\/04\/soutenance-de-these-a-luac-lhe-edmonde-fonton-decroche-son-parchemin-avec-brio\/#primaryimage"},"thumbnailUrl":"https:\/\/infomatin-benin.com\/wp-content\/uploads\/2026\/04\/IMG-20260421-WA0003.jpg","datePublished":"2026-04-21T03:58:02+00:00","dateModified":"2026-04-21T03:58:03+00:00","author":{"@id":"https:\/\/infomatin-benin.com\/infomatinvrai2\/#\/schema\/person\/6f847d9031293bab56c49b80b74bea0b"},"breadcrumb":{"@id":"https:\/\/infomatin-benin.com\/infomatinvrai2\/2026\/04\/soutenance-de-these-a-luac-lhe-edmonde-fonton-decroche-son-parchemin-avec-brio\/#breadcrumb"},"inLanguage":"fr-FR","potentialAction":[{"@type":"ReadAction","target":["https:\/\/infomatin-benin.com\/infomatinvrai2\/2026\/04\/soutenance-de-these-a-luac-lhe-edmonde-fonton-decroche-son-parchemin-avec-brio\/"]}]},{"@type":"ImageObject","inLanguage":"fr-FR","@id":"https:\/\/infomatin-benin.com\/infomatinvrai2\/2026\/04\/soutenance-de-these-a-luac-lhe-edmonde-fonton-decroche-son-parchemin-avec-brio\/#primaryimage","url":"https:\/\/infomatin-benin.com\/wp-content\/uploads\/2026\/04\/IMG-20260421-WA0003.jpg","contentUrl":"https:\/\/infomatin-benin.com\/wp-content\/uploads\/2026\/04\/IMG-20260421-WA0003.jpg","width":963,"height":1280},{"@type":"BreadcrumbList","@id":"https:\/\/infomatin-benin.com\/infomatinvrai2\/2026\/04\/soutenance-de-these-a-luac-lhe-edmonde-fonton-decroche-son-parchemin-avec-brio\/#breadcrumb","itemListElement":[{"@type":"ListItem","position":1,"name":"Accueil","item":"https:\/\/infomatin-benin.com\/infomatinvrai2\/"},{"@type":"ListItem","position":2,"name":"Soutenance de th\u00e8se \u00e0 l\u2019UAC : L\u2019He Edmonde Fonton d\u00e9croche son parchemin avec brio"}]},{"@type":"WebSite","@id":"https:\/\/infomatin-benin.com\/infomatinvrai2\/#website","url":"https:\/\/infomatin-benin.com\/infomatinvrai2\/","name":"infomatin","description":"Informer, notre m\u00e9tier","potentialAction":[{"@type":"SearchAction","target":{"@type":"EntryPoint","urlTemplate":"https:\/\/infomatin-benin.com\/infomatinvrai2\/?s={search_term_string}"},"query-input":{"@type":"PropertyValueSpecification","valueRequired":true,"valueName":"search_term_string"}}],"inLanguage":"fr-FR"},{"@type":"Person","@id":"https:\/\/infomatin-benin.com\/infomatinvrai2\/#\/schema\/person\/6f847d9031293bab56c49b80b74bea0b","name":"INFO MATIN","image":{"@type":"ImageObject","inLanguage":"fr-FR","@id":"https:\/\/infomatin-benin.com\/infomatinvrai2\/#\/schema\/person\/image\/","url":"https:\/\/secure.gravatar.com\/avatar\/2820a6de81a9d99fdb43e52acf2e17b10644be831bebe6d0c25e0e56ee49393f?s=96&d=mm&r=g","contentUrl":"https:\/\/secure.gravatar.com\/avatar\/2820a6de81a9d99fdb43e52acf2e17b10644be831bebe6d0c25e0e56ee49393f?s=96&d=mm&r=g","caption":"INFO MATIN"},"url":"https:\/\/infomatin-benin.com\/infomatinvrai2\/author\/ramatou\/"}]}},"_links":{"self":[{"href":"https:\/\/infomatin-benin.com\/infomatinvrai2\/wp-json\/wp\/v2\/posts\/41112","targetHints":{"allow":["GET"]}}],"collection":[{"href":"https:\/\/infomatin-benin.com\/infomatinvrai2\/wp-json\/wp\/v2\/posts"}],"about":[{"href":"https:\/\/infomatin-benin.com\/infomatinvrai2\/wp-json\/wp\/v2\/types\/post"}],"author":[{"embeddable":true,"href":"https:\/\/infomatin-benin.com\/infomatinvrai2\/wp-json\/wp\/v2\/users\/2"}],"replies":[{"embeddable":true,"href":"https:\/\/infomatin-benin.com\/infomatinvrai2\/wp-json\/wp\/v2\/comments?post=41112"}],"version-history":[{"count":1,"href":"https:\/\/infomatin-benin.com\/infomatinvrai2\/wp-json\/wp\/v2\/posts\/41112\/revisions"}],"predecessor-version":[{"id":41117,"href":"https:\/\/infomatin-benin.com\/infomatinvrai2\/wp-json\/wp\/v2\/posts\/41112\/revisions\/41117"}],"wp:featuredmedia":[{"embeddable":true,"href":"https:\/\/infomatin-benin.com\/infomatinvrai2\/wp-json\/wp\/v2\/media\/41099"}],"wp:attachment":[{"href":"https:\/\/infomatin-benin.com\/infomatinvrai2\/wp-json\/wp\/v2\/media?parent=41112"}],"wp:term":[{"taxonomy":"category","embeddable":true,"href":"https:\/\/infomatin-benin.com\/infomatinvrai2\/wp-json\/wp\/v2\/categories?post=41112"},{"taxonomy":"post_tag","embeddable":true,"href":"https:\/\/infomatin-benin.com\/infomatinvrai2\/wp-json\/wp\/v2\/tags?post=41112"}],"curies":[{"name":"wp","href":"https:\/\/api.w.org\/{rel}","templated":true}]}}