{"id":41100,"date":"2026-04-21T05:53:30","date_gmt":"2026-04-21T03:53:30","guid":{"rendered":"https:\/\/infomatin-benin.com\/infomatinvrai2\/?p=41100"},"modified":"2026-04-21T05:53:31","modified_gmt":"2026-04-21T03:53:31","slug":"lutte-contre-la-drepanocytose-la-mairie-dabomey-calavi-aux-cotes-de-long-enfant-epanoui-pour-une-campagne-de-sensibilisation-et-de-don-de-sang","status":"publish","type":"post","link":"https:\/\/infomatin-benin.com\/infomatinvrai2\/2026\/04\/lutte-contre-la-drepanocytose-la-mairie-dabomey-calavi-aux-cotes-de-long-enfant-epanoui-pour-une-campagne-de-sensibilisation-et-de-don-de-sang\/","title":{"rendered":"Lutte contre la dr\u00e9panocytose : La mairie d&rsquo;Abomey-Calavi aux c\u00f4t\u00e9s de l&rsquo;ONG Enfant \u00c9panoui pour une campagne de sensibilisation et de don de sang"},"content":{"rendered":"\n<p>La mairie d&rsquo;Abomey-Calavi a servi de cadre, ce lundi 20 avril 2026, au lancement officiel d&rsquo;une campagne de sensibilisation et de don de sang consacr\u00e9e \u00e0 la lutte contre la dr\u00e9panocytose, en partenariat avec l&rsquo;ONG Enfant \u00c9panoui.En effet, plac\u00e9e sous le haut parrainage du maire Nathana\u00ebl Koty, cette activit\u00e9 a connu la pr\u00e9sence effective de la premi\u00e8re autorit\u00e9 de la commune, accompagn\u00e9 de plusieurs membres du conseil municipal ainsi que de l&rsquo;administration. Une mobilisation qui traduit l&rsquo;int\u00e9r\u00eat accord\u00e9 par la mairie aux questions de sant\u00e9 publique et de bien-\u00eatre des populations. \u00c0 travers cette initiative, l&rsquo;ONG Enfant \u00c9panoui s&rsquo;engage \u00e0 sensibiliser les populations sur la dr\u00e9panocytose, une maladie g\u00e9n\u00e9tique encore m\u00e9connue de nombreux citoyens, tout en promouvant le don de sang, geste vital pour la prise en charge des personnes atteintes. Dans leurs allocutions respectives, les diff\u00e9rents intervenants ont insist\u00e9 sur la n\u00e9cessit\u00e9 d&rsquo;informer davantage les populations, notamment les jeunes, sur les moyens de pr\u00e9vention et l&rsquo;importance du d\u00e9pistage pr\u00e9coce. Ils ont \u00e9galement invit\u00e9 chacun \u00e0 faire preuve de solidarit\u00e9 \u00e0 travers le don de sang, afin de sauver des vies.Soulignons que la campagne se poursuivra dans les prochains jours avec des s\u00e9ances de sensibilisation dans les universit\u00e9s, notamment HECM et l&rsquo;Universit\u00e9 d&rsquo;Abomey-Calavi, avant les journ\u00e9es de d\u00e9pistage gratuites et de don de sang pr\u00e9vues au carrefour Kpota. Notons que par son implication, la mairie d&rsquo;Abomey-Calavi r\u00e9affirme ainsi son engagement \u00e0 accompagner les initiatives sociales et sanitaires au profit des populations, dans une dynamique de solidarit\u00e9 et de responsabilit\u00e9 collective.<\/p>\n\n\n\n<p>Mathieu Agossou HOUNHOUI<\/p>\n\n\n\n<figure class=\"wp-block-gallery has-nested-images columns-default is-cropped wp-block-gallery-1 is-layout-flex wp-block-gallery-is-layout-flex\">\n<figure class=\"wp-block-image size-large\"><img loading=\"lazy\" decoding=\"async\" width=\"1024\" height=\"697\" data-id=\"41101\" src=\"https:\/\/infomatin-benin.com\/wp-content\/uploads\/2026\/04\/1000494320-1024x697.jpg\" alt=\"\" class=\"wp-image-41101\" srcset=\"https:\/\/infomatin-benin.com\/wp-content\/uploads\/2026\/04\/1000494320-1024x697.jpg 1024w, https:\/\/infomatin-benin.com\/wp-content\/uploads\/2026\/04\/1000494320-300x204.jpg 300w, https:\/\/infomatin-benin.com\/wp-content\/uploads\/2026\/04\/1000494320-768x523.jpg 768w, https:\/\/infomatin-benin.com\/wp-content\/uploads\/2026\/04\/1000494320-220x150.jpg 220w, https:\/\/infomatin-benin.com\/wp-content\/uploads\/2026\/04\/1000494320.jpg 1080w\" sizes=\"auto, (max-width: 1024px) 100vw, 1024px\" \/><\/figure>\n\n\n\n<figure class=\"wp-block-image size-large\"><img loading=\"lazy\" decoding=\"async\" width=\"1024\" height=\"594\" data-id=\"41102\" src=\"https:\/\/infomatin-benin.com\/wp-content\/uploads\/2026\/04\/1000494319-1024x594.jpg\" alt=\"\" class=\"wp-image-41102\" srcset=\"https:\/\/infomatin-benin.com\/wp-content\/uploads\/2026\/04\/1000494319-1024x594.jpg 1024w, https:\/\/infomatin-benin.com\/wp-content\/uploads\/2026\/04\/1000494319-300x174.jpg 300w, https:\/\/infomatin-benin.com\/wp-content\/uploads\/2026\/04\/1000494319-768x445.jpg 768w, https:\/\/infomatin-benin.com\/wp-content\/uploads\/2026\/04\/1000494319.jpg 1080w\" sizes=\"auto, (max-width: 1024px) 100vw, 1024px\" \/><\/figure>\n\n\n\n<figure class=\"wp-block-image size-large\"><img loading=\"lazy\" decoding=\"async\" width=\"636\" height=\"704\" data-id=\"41103\" src=\"https:\/\/infomatin-benin.com\/wp-content\/uploads\/2026\/04\/1000494318.jpg\" alt=\"\" class=\"wp-image-41103\" srcset=\"https:\/\/infomatin-benin.com\/wp-content\/uploads\/2026\/04\/1000494318.jpg 636w, https:\/\/infomatin-benin.com\/wp-content\/uploads\/2026\/04\/1000494318-271x300.jpg 271w\" sizes=\"auto, (max-width: 636px) 100vw, 636px\" \/><\/figure>\n\n\n\n<figure class=\"wp-block-image size-large\"><img loading=\"lazy\" decoding=\"async\" width=\"1024\" height=\"768\" data-id=\"41104\" src=\"https:\/\/infomatin-benin.com\/wp-content\/uploads\/2026\/04\/1000494315-1024x768.jpg\" alt=\"\" class=\"wp-image-41104\" srcset=\"https:\/\/infomatin-benin.com\/wp-content\/uploads\/2026\/04\/1000494315-1024x768.jpg 1024w, https:\/\/infomatin-benin.com\/wp-content\/uploads\/2026\/04\/1000494315-300x225.jpg 300w, https:\/\/infomatin-benin.com\/wp-content\/uploads\/2026\/04\/1000494315-768x576.jpg 768w, https:\/\/infomatin-benin.com\/wp-content\/uploads\/2026\/04\/1000494315-1536x1152.jpg 1536w, https:\/\/infomatin-benin.com\/wp-content\/uploads\/2026\/04\/1000494315-2048x1536.jpg 2048w\" sizes=\"auto, (max-width: 1024px) 100vw, 1024px\" \/><\/figure>\n\n\n\n<figure class=\"wp-block-image size-large\"><img loading=\"lazy\" decoding=\"async\" width=\"1024\" height=\"752\" data-id=\"41105\" src=\"https:\/\/infomatin-benin.com\/wp-content\/uploads\/2026\/04\/1000494316-1024x752.jpg\" alt=\"\" class=\"wp-image-41105\" srcset=\"https:\/\/infomatin-benin.com\/wp-content\/uploads\/2026\/04\/1000494316-1024x752.jpg 1024w, https:\/\/infomatin-benin.com\/wp-content\/uploads\/2026\/04\/1000494316-300x220.jpg 300w, https:\/\/infomatin-benin.com\/wp-content\/uploads\/2026\/04\/1000494316-768x564.jpg 768w, https:\/\/infomatin-benin.com\/wp-content\/uploads\/2026\/04\/1000494316-1536x1127.jpg 1536w, https:\/\/infomatin-benin.com\/wp-content\/uploads\/2026\/04\/1000494316-2048x1503.jpg 2048w\" sizes=\"auto, (max-width: 1024px) 100vw, 1024px\" \/><\/figure>\n\n\n\n<figure class=\"wp-block-image size-large\"><img loading=\"lazy\" decoding=\"async\" width=\"1024\" height=\"768\" data-id=\"41106\" src=\"https:\/\/infomatin-benin.com\/wp-content\/uploads\/2026\/04\/1000494317-1024x768.jpg\" alt=\"\" class=\"wp-image-41106\" srcset=\"https:\/\/infomatin-benin.com\/wp-content\/uploads\/2026\/04\/1000494317-1024x768.jpg 1024w, https:\/\/infomatin-benin.com\/wp-content\/uploads\/2026\/04\/1000494317-300x225.jpg 300w, https:\/\/infomatin-benin.com\/wp-content\/uploads\/2026\/04\/1000494317-768x576.jpg 768w, https:\/\/infomatin-benin.com\/wp-content\/uploads\/2026\/04\/1000494317.jpg 1080w\" sizes=\"auto, (max-width: 1024px) 100vw, 1024px\" \/><\/figure>\n\n\n\n<figure class=\"wp-block-image size-large\"><img loading=\"lazy\" decoding=\"async\" width=\"1024\" height=\"752\" data-id=\"41107\" src=\"https:\/\/infomatin-benin.com\/wp-content\/uploads\/2026\/04\/1000494314-1024x752.jpg\" alt=\"\" class=\"wp-image-41107\" srcset=\"https:\/\/infomatin-benin.com\/wp-content\/uploads\/2026\/04\/1000494314-1024x752.jpg 1024w, https:\/\/infomatin-benin.com\/wp-content\/uploads\/2026\/04\/1000494314-300x220.jpg 300w, https:\/\/infomatin-benin.com\/wp-content\/uploads\/2026\/04\/1000494314-768x564.jpg 768w, https:\/\/infomatin-benin.com\/wp-content\/uploads\/2026\/04\/1000494314-1536x1127.jpg 1536w, https:\/\/infomatin-benin.com\/wp-content\/uploads\/2026\/04\/1000494314-2048x1503.jpg 2048w\" sizes=\"auto, (max-width: 1024px) 100vw, 1024px\" \/><\/figure>\n\n\n\n<figure class=\"wp-block-image size-large\"><img loading=\"lazy\" decoding=\"async\" width=\"1024\" height=\"697\" data-id=\"41108\" src=\"https:\/\/infomatin-benin.com\/wp-content\/uploads\/2026\/04\/1000494313-1024x697.jpg\" alt=\"\" class=\"wp-image-41108\" srcset=\"https:\/\/infomatin-benin.com\/wp-content\/uploads\/2026\/04\/1000494313-1024x697.jpg 1024w, https:\/\/infomatin-benin.com\/wp-content\/uploads\/2026\/04\/1000494313-300x204.jpg 300w, https:\/\/infomatin-benin.com\/wp-content\/uploads\/2026\/04\/1000494313-768x523.jpg 768w, https:\/\/infomatin-benin.com\/wp-content\/uploads\/2026\/04\/1000494313-220x150.jpg 220w, https:\/\/infomatin-benin.com\/wp-content\/uploads\/2026\/04\/1000494313.jpg 1080w\" sizes=\"auto, (max-width: 1024px) 100vw, 1024px\" \/><\/figure>\n\n\n\n<figure class=\"wp-block-image size-large\"><img loading=\"lazy\" decoding=\"async\" width=\"1024\" height=\"379\" data-id=\"41109\" src=\"https:\/\/infomatin-benin.com\/wp-content\/uploads\/2026\/04\/1000494312-1024x379.jpg\" alt=\"\" class=\"wp-image-41109\" srcset=\"https:\/\/infomatin-benin.com\/wp-content\/uploads\/2026\/04\/1000494312-1024x379.jpg 1024w, https:\/\/infomatin-benin.com\/wp-content\/uploads\/2026\/04\/1000494312-300x111.jpg 300w, https:\/\/infomatin-benin.com\/wp-content\/uploads\/2026\/04\/1000494312-768x284.jpg 768w, https:\/\/infomatin-benin.com\/wp-content\/uploads\/2026\/04\/1000494312.jpg 1080w\" sizes=\"auto, (max-width: 1024px) 100vw, 1024px\" \/><\/figure>\n\n\n\n<figure class=\"wp-block-image size-large\"><img loading=\"lazy\" decoding=\"async\" width=\"1024\" height=\"345\" data-id=\"41110\" src=\"https:\/\/infomatin-benin.com\/wp-content\/uploads\/2026\/04\/1000494289-1024x345.jpg\" alt=\"\" class=\"wp-image-41110\" srcset=\"https:\/\/infomatin-benin.com\/wp-content\/uploads\/2026\/04\/1000494289-1024x345.jpg 1024w, https:\/\/infomatin-benin.com\/wp-content\/uploads\/2026\/04\/1000494289-300x101.jpg 300w, https:\/\/infomatin-benin.com\/wp-content\/uploads\/2026\/04\/1000494289-768x259.jpg 768w, https:\/\/infomatin-benin.com\/wp-content\/uploads\/2026\/04\/1000494289-1536x518.jpg 1536w, https:\/\/infomatin-benin.com\/wp-content\/uploads\/2026\/04\/1000494289-2048x690.jpg 2048w\" sizes=\"auto, (max-width: 1024px) 100vw, 1024px\" \/><\/figure>\n<\/figure>\n","protected":false},"excerpt":{"rendered":"<p>La mairie d&rsquo;Abomey-Calavi a servi de cadre, ce lundi 20 avril 2026, au lancement officiel d&rsquo;une campagne de sensibilisation et de don de sang consacr\u00e9e \u00e0 la lutte contre la dr\u00e9panocytose, en partenariat avec l&rsquo;ONG Enfant \u00c9panoui.En effet, plac\u00e9e sous le haut parrainage du maire Nathana\u00ebl Koty, cette activit\u00e9 a connu la pr\u00e9sence effective de &hellip;<\/p>\n","protected":false},"author":2,"featured_media":41098,"comment_status":"open","ping_status":"open","sticky":false,"template":"","format":"standard","meta":{"footnotes":""},"categories":[343],"tags":[],"class_list":["post-41100","post","type-post","status-publish","format-standard","has-post-thumbnail","hentry","category-sante"],"yoast_head":"<!-- This site is optimized with the Yoast SEO plugin v26.3 - https:\/\/yoast.com\/wordpress\/plugins\/seo\/ -->\n<title>Lutte contre la dr\u00e9panocytose : La mairie d&#039;Abomey-Calavi aux c\u00f4t\u00e9s de l&#039;ONG Enfant \u00c9panoui pour une campagne de sensibilisation et de don de sang - infomatin<\/title>\n<meta name=\"robots\" content=\"index, follow, max-snippet:-1, max-image-preview:large, max-video-preview:-1\" \/>\n<link rel=\"canonical\" href=\"http:\/\/infomatin-benin.com\/infomatinvrai2\/2026\/04\/lutte-contre-la-drepanocytose-la-mairie-dabomey-calavi-aux-cotes-de-long-enfant-epanoui-pour-une-campagne-de-sensibilisation-et-de-don-de-sang\/\" \/>\n<meta property=\"og:locale\" content=\"fr_FR\" \/>\n<meta property=\"og:type\" content=\"article\" \/>\n<meta property=\"og:title\" content=\"Lutte contre la dr\u00e9panocytose : La mairie d&#039;Abomey-Calavi aux c\u00f4t\u00e9s de l&#039;ONG Enfant \u00c9panoui pour une campagne de sensibilisation et de don de sang - infomatin\" \/>\n<meta property=\"og:description\" content=\"La mairie d&rsquo;Abomey-Calavi a servi de cadre, ce lundi 20 avril 2026, au lancement officiel d&rsquo;une campagne de sensibilisation et de don de sang consacr\u00e9e \u00e0 la lutte contre la dr\u00e9panocytose, en partenariat avec l&rsquo;ONG Enfant \u00c9panoui.En effet, plac\u00e9e sous le haut parrainage du maire Nathana\u00ebl Koty, cette activit\u00e9 a connu la pr\u00e9sence effective de &hellip;\" \/>\n<meta property=\"og:url\" content=\"http:\/\/infomatin-benin.com\/infomatinvrai2\/2026\/04\/lutte-contre-la-drepanocytose-la-mairie-dabomey-calavi-aux-cotes-de-long-enfant-epanoui-pour-une-campagne-de-sensibilisation-et-de-don-de-sang\/\" \/>\n<meta property=\"og:site_name\" content=\"infomatin\" \/>\n<meta property=\"article:published_time\" content=\"2026-04-21T03:53:30+00:00\" \/>\n<meta property=\"article:modified_time\" content=\"2026-04-21T03:53:31+00:00\" \/>\n<meta property=\"og:image\" content=\"http:\/\/infomatin-benin.com\/wp-content\/uploads\/2026\/04\/IMG-20260421-WA0008.jpg\" \/>\n\t<meta property=\"og:image:width\" content=\"2560\" \/>\n\t<meta property=\"og:image:height\" content=\"863\" \/>\n\t<meta property=\"og:image:type\" content=\"image\/jpeg\" \/>\n<meta name=\"author\" content=\"INFO MATIN\" \/>\n<meta name=\"twitter:card\" content=\"summary_large_image\" \/>\n<meta name=\"twitter:label1\" content=\"\u00c9crit par\" \/>\n\t<meta name=\"twitter:data1\" content=\"INFO MATIN\" \/>\n\t<meta name=\"twitter:label2\" content=\"Dur\u00e9e de lecture estim\u00e9e\" \/>\n\t<meta name=\"twitter:data2\" content=\"4 minutes\" \/>\n<script type=\"application\/ld+json\" class=\"yoast-schema-graph\">{\"@context\":\"https:\/\/schema.org\",\"@graph\":[{\"@type\":\"WebPage\",\"@id\":\"http:\/\/infomatin-benin.com\/infomatinvrai2\/2026\/04\/lutte-contre-la-drepanocytose-la-mairie-dabomey-calavi-aux-cotes-de-long-enfant-epanoui-pour-une-campagne-de-sensibilisation-et-de-don-de-sang\/\",\"url\":\"http:\/\/infomatin-benin.com\/infomatinvrai2\/2026\/04\/lutte-contre-la-drepanocytose-la-mairie-dabomey-calavi-aux-cotes-de-long-enfant-epanoui-pour-une-campagne-de-sensibilisation-et-de-don-de-sang\/\",\"name\":\"Lutte contre la dr\u00e9panocytose : La mairie d'Abomey-Calavi aux c\u00f4t\u00e9s de l'ONG Enfant \u00c9panoui pour une campagne de sensibilisation et de don de sang - infomatin\",\"isPartOf\":{\"@id\":\"https:\/\/infomatin-benin.com\/infomatinvrai2\/#website\"},\"primaryImageOfPage\":{\"@id\":\"http:\/\/infomatin-benin.com\/infomatinvrai2\/2026\/04\/lutte-contre-la-drepanocytose-la-mairie-dabomey-calavi-aux-cotes-de-long-enfant-epanoui-pour-une-campagne-de-sensibilisation-et-de-don-de-sang\/#primaryimage\"},\"image\":{\"@id\":\"http:\/\/infomatin-benin.com\/infomatinvrai2\/2026\/04\/lutte-contre-la-drepanocytose-la-mairie-dabomey-calavi-aux-cotes-de-long-enfant-epanoui-pour-une-campagne-de-sensibilisation-et-de-don-de-sang\/#primaryimage\"},\"thumbnailUrl\":\"https:\/\/infomatin-benin.com\/wp-content\/uploads\/2026\/04\/IMG-20260421-WA0008.jpg\",\"datePublished\":\"2026-04-21T03:53:30+00:00\",\"dateModified\":\"2026-04-21T03:53:31+00:00\",\"author\":{\"@id\":\"https:\/\/infomatin-benin.com\/infomatinvrai2\/#\/schema\/person\/6f847d9031293bab56c49b80b74bea0b\"},\"breadcrumb\":{\"@id\":\"http:\/\/infomatin-benin.com\/infomatinvrai2\/2026\/04\/lutte-contre-la-drepanocytose-la-mairie-dabomey-calavi-aux-cotes-de-long-enfant-epanoui-pour-une-campagne-de-sensibilisation-et-de-don-de-sang\/#breadcrumb\"},\"inLanguage\":\"fr-FR\",\"potentialAction\":[{\"@type\":\"ReadAction\",\"target\":[\"http:\/\/infomatin-benin.com\/infomatinvrai2\/2026\/04\/lutte-contre-la-drepanocytose-la-mairie-dabomey-calavi-aux-cotes-de-long-enfant-epanoui-pour-une-campagne-de-sensibilisation-et-de-don-de-sang\/\"]}]},{\"@type\":\"ImageObject\",\"inLanguage\":\"fr-FR\",\"@id\":\"http:\/\/infomatin-benin.com\/infomatinvrai2\/2026\/04\/lutte-contre-la-drepanocytose-la-mairie-dabomey-calavi-aux-cotes-de-long-enfant-epanoui-pour-une-campagne-de-sensibilisation-et-de-don-de-sang\/#primaryimage\",\"url\":\"https:\/\/infomatin-benin.com\/wp-content\/uploads\/2026\/04\/IMG-20260421-WA0008.jpg\",\"contentUrl\":\"https:\/\/infomatin-benin.com\/wp-content\/uploads\/2026\/04\/IMG-20260421-WA0008.jpg\",\"width\":2560,\"height\":863},{\"@type\":\"BreadcrumbList\",\"@id\":\"http:\/\/infomatin-benin.com\/infomatinvrai2\/2026\/04\/lutte-contre-la-drepanocytose-la-mairie-dabomey-calavi-aux-cotes-de-long-enfant-epanoui-pour-une-campagne-de-sensibilisation-et-de-don-de-sang\/#breadcrumb\",\"itemListElement\":[{\"@type\":\"ListItem\",\"position\":1,\"name\":\"Accueil\",\"item\":\"https:\/\/infomatin-benin.com\/infomatinvrai2\/\"},{\"@type\":\"ListItem\",\"position\":2,\"name\":\"Lutte contre la dr\u00e9panocytose : La mairie d&rsquo;Abomey-Calavi aux c\u00f4t\u00e9s de l&rsquo;ONG Enfant \u00c9panoui pour une campagne de sensibilisation et de don de sang\"}]},{\"@type\":\"WebSite\",\"@id\":\"https:\/\/infomatin-benin.com\/infomatinvrai2\/#website\",\"url\":\"https:\/\/infomatin-benin.com\/infomatinvrai2\/\",\"name\":\"infomatin\",\"description\":\"Informer, notre m\u00e9tier\",\"potentialAction\":[{\"@type\":\"SearchAction\",\"target\":{\"@type\":\"EntryPoint\",\"urlTemplate\":\"https:\/\/infomatin-benin.com\/infomatinvrai2\/?s={search_term_string}\"},\"query-input\":{\"@type\":\"PropertyValueSpecification\",\"valueRequired\":true,\"valueName\":\"search_term_string\"}}],\"inLanguage\":\"fr-FR\"},{\"@type\":\"Person\",\"@id\":\"https:\/\/infomatin-benin.com\/infomatinvrai2\/#\/schema\/person\/6f847d9031293bab56c49b80b74bea0b\",\"name\":\"INFO MATIN\",\"image\":{\"@type\":\"ImageObject\",\"inLanguage\":\"fr-FR\",\"@id\":\"https:\/\/infomatin-benin.com\/infomatinvrai2\/#\/schema\/person\/image\/\",\"url\":\"https:\/\/secure.gravatar.com\/avatar\/2820a6de81a9d99fdb43e52acf2e17b10644be831bebe6d0c25e0e56ee49393f?s=96&d=mm&r=g\",\"contentUrl\":\"https:\/\/secure.gravatar.com\/avatar\/2820a6de81a9d99fdb43e52acf2e17b10644be831bebe6d0c25e0e56ee49393f?s=96&d=mm&r=g\",\"caption\":\"INFO MATIN\"},\"url\":\"https:\/\/infomatin-benin.com\/infomatinvrai2\/author\/ramatou\/\"}]}<\/script>\n<!-- \/ Yoast SEO plugin. -->","yoast_head_json":{"title":"Lutte contre la dr\u00e9panocytose : La mairie d'Abomey-Calavi aux c\u00f4t\u00e9s de l'ONG Enfant \u00c9panoui pour une campagne de sensibilisation et de don de sang - infomatin","robots":{"index":"index","follow":"follow","max-snippet":"max-snippet:-1","max-image-preview":"max-image-preview:large","max-video-preview":"max-video-preview:-1"},"canonical":"http:\/\/infomatin-benin.com\/infomatinvrai2\/2026\/04\/lutte-contre-la-drepanocytose-la-mairie-dabomey-calavi-aux-cotes-de-long-enfant-epanoui-pour-une-campagne-de-sensibilisation-et-de-don-de-sang\/","og_locale":"fr_FR","og_type":"article","og_title":"Lutte contre la dr\u00e9panocytose : La mairie d'Abomey-Calavi aux c\u00f4t\u00e9s de l'ONG Enfant \u00c9panoui pour une campagne de sensibilisation et de don de sang - infomatin","og_description":"La mairie d&rsquo;Abomey-Calavi a servi de cadre, ce lundi 20 avril 2026, au lancement officiel d&rsquo;une campagne de sensibilisation et de don de sang consacr\u00e9e \u00e0 la lutte contre la dr\u00e9panocytose, en partenariat avec l&rsquo;ONG Enfant \u00c9panoui.En effet, plac\u00e9e sous le haut parrainage du maire Nathana\u00ebl Koty, cette activit\u00e9 a connu la pr\u00e9sence effective de &hellip;","og_url":"http:\/\/infomatin-benin.com\/infomatinvrai2\/2026\/04\/lutte-contre-la-drepanocytose-la-mairie-dabomey-calavi-aux-cotes-de-long-enfant-epanoui-pour-une-campagne-de-sensibilisation-et-de-don-de-sang\/","og_site_name":"infomatin","article_published_time":"2026-04-21T03:53:30+00:00","article_modified_time":"2026-04-21T03:53:31+00:00","og_image":[{"width":2560,"height":863,"url":"http:\/\/infomatin-benin.com\/wp-content\/uploads\/2026\/04\/IMG-20260421-WA0008.jpg","type":"image\/jpeg"}],"author":"INFO MATIN","twitter_card":"summary_large_image","twitter_misc":{"\u00c9crit par":"INFO MATIN","Dur\u00e9e de lecture estim\u00e9e":"4 minutes"},"schema":{"@context":"https:\/\/schema.org","@graph":[{"@type":"WebPage","@id":"http:\/\/infomatin-benin.com\/infomatinvrai2\/2026\/04\/lutte-contre-la-drepanocytose-la-mairie-dabomey-calavi-aux-cotes-de-long-enfant-epanoui-pour-une-campagne-de-sensibilisation-et-de-don-de-sang\/","url":"http:\/\/infomatin-benin.com\/infomatinvrai2\/2026\/04\/lutte-contre-la-drepanocytose-la-mairie-dabomey-calavi-aux-cotes-de-long-enfant-epanoui-pour-une-campagne-de-sensibilisation-et-de-don-de-sang\/","name":"Lutte contre la dr\u00e9panocytose : La mairie d'Abomey-Calavi aux c\u00f4t\u00e9s de l'ONG Enfant \u00c9panoui pour une campagne de sensibilisation et de don de sang - infomatin","isPartOf":{"@id":"https:\/\/infomatin-benin.com\/infomatinvrai2\/#website"},"primaryImageOfPage":{"@id":"http:\/\/infomatin-benin.com\/infomatinvrai2\/2026\/04\/lutte-contre-la-drepanocytose-la-mairie-dabomey-calavi-aux-cotes-de-long-enfant-epanoui-pour-une-campagne-de-sensibilisation-et-de-don-de-sang\/#primaryimage"},"image":{"@id":"http:\/\/infomatin-benin.com\/infomatinvrai2\/2026\/04\/lutte-contre-la-drepanocytose-la-mairie-dabomey-calavi-aux-cotes-de-long-enfant-epanoui-pour-une-campagne-de-sensibilisation-et-de-don-de-sang\/#primaryimage"},"thumbnailUrl":"https:\/\/infomatin-benin.com\/wp-content\/uploads\/2026\/04\/IMG-20260421-WA0008.jpg","datePublished":"2026-04-21T03:53:30+00:00","dateModified":"2026-04-21T03:53:31+00:00","author":{"@id":"https:\/\/infomatin-benin.com\/infomatinvrai2\/#\/schema\/person\/6f847d9031293bab56c49b80b74bea0b"},"breadcrumb":{"@id":"http:\/\/infomatin-benin.com\/infomatinvrai2\/2026\/04\/lutte-contre-la-drepanocytose-la-mairie-dabomey-calavi-aux-cotes-de-long-enfant-epanoui-pour-une-campagne-de-sensibilisation-et-de-don-de-sang\/#breadcrumb"},"inLanguage":"fr-FR","potentialAction":[{"@type":"ReadAction","target":["http:\/\/infomatin-benin.com\/infomatinvrai2\/2026\/04\/lutte-contre-la-drepanocytose-la-mairie-dabomey-calavi-aux-cotes-de-long-enfant-epanoui-pour-une-campagne-de-sensibilisation-et-de-don-de-sang\/"]}]},{"@type":"ImageObject","inLanguage":"fr-FR","@id":"http:\/\/infomatin-benin.com\/infomatinvrai2\/2026\/04\/lutte-contre-la-drepanocytose-la-mairie-dabomey-calavi-aux-cotes-de-long-enfant-epanoui-pour-une-campagne-de-sensibilisation-et-de-don-de-sang\/#primaryimage","url":"https:\/\/infomatin-benin.com\/wp-content\/uploads\/2026\/04\/IMG-20260421-WA0008.jpg","contentUrl":"https:\/\/infomatin-benin.com\/wp-content\/uploads\/2026\/04\/IMG-20260421-WA0008.jpg","width":2560,"height":863},{"@type":"BreadcrumbList","@id":"http:\/\/infomatin-benin.com\/infomatinvrai2\/2026\/04\/lutte-contre-la-drepanocytose-la-mairie-dabomey-calavi-aux-cotes-de-long-enfant-epanoui-pour-une-campagne-de-sensibilisation-et-de-don-de-sang\/#breadcrumb","itemListElement":[{"@type":"ListItem","position":1,"name":"Accueil","item":"https:\/\/infomatin-benin.com\/infomatinvrai2\/"},{"@type":"ListItem","position":2,"name":"Lutte contre la dr\u00e9panocytose : La mairie d&rsquo;Abomey-Calavi aux c\u00f4t\u00e9s de l&rsquo;ONG Enfant \u00c9panoui pour une campagne de sensibilisation et de don de sang"}]},{"@type":"WebSite","@id":"https:\/\/infomatin-benin.com\/infomatinvrai2\/#website","url":"https:\/\/infomatin-benin.com\/infomatinvrai2\/","name":"infomatin","description":"Informer, notre m\u00e9tier","potentialAction":[{"@type":"SearchAction","target":{"@type":"EntryPoint","urlTemplate":"https:\/\/infomatin-benin.com\/infomatinvrai2\/?s={search_term_string}"},"query-input":{"@type":"PropertyValueSpecification","valueRequired":true,"valueName":"search_term_string"}}],"inLanguage":"fr-FR"},{"@type":"Person","@id":"https:\/\/infomatin-benin.com\/infomatinvrai2\/#\/schema\/person\/6f847d9031293bab56c49b80b74bea0b","name":"INFO MATIN","image":{"@type":"ImageObject","inLanguage":"fr-FR","@id":"https:\/\/infomatin-benin.com\/infomatinvrai2\/#\/schema\/person\/image\/","url":"https:\/\/secure.gravatar.com\/avatar\/2820a6de81a9d99fdb43e52acf2e17b10644be831bebe6d0c25e0e56ee49393f?s=96&d=mm&r=g","contentUrl":"https:\/\/secure.gravatar.com\/avatar\/2820a6de81a9d99fdb43e52acf2e17b10644be831bebe6d0c25e0e56ee49393f?s=96&d=mm&r=g","caption":"INFO MATIN"},"url":"https:\/\/infomatin-benin.com\/infomatinvrai2\/author\/ramatou\/"}]}},"_links":{"self":[{"href":"https:\/\/infomatin-benin.com\/infomatinvrai2\/wp-json\/wp\/v2\/posts\/41100","targetHints":{"allow":["GET"]}}],"collection":[{"href":"https:\/\/infomatin-benin.com\/infomatinvrai2\/wp-json\/wp\/v2\/posts"}],"about":[{"href":"https:\/\/infomatin-benin.com\/infomatinvrai2\/wp-json\/wp\/v2\/types\/post"}],"author":[{"embeddable":true,"href":"https:\/\/infomatin-benin.com\/infomatinvrai2\/wp-json\/wp\/v2\/users\/2"}],"replies":[{"embeddable":true,"href":"https:\/\/infomatin-benin.com\/infomatinvrai2\/wp-json\/wp\/v2\/comments?post=41100"}],"version-history":[{"count":1,"href":"https:\/\/infomatin-benin.com\/infomatinvrai2\/wp-json\/wp\/v2\/posts\/41100\/revisions"}],"predecessor-version":[{"id":41111,"href":"https:\/\/infomatin-benin.com\/infomatinvrai2\/wp-json\/wp\/v2\/posts\/41100\/revisions\/41111"}],"wp:featuredmedia":[{"embeddable":true,"href":"https:\/\/infomatin-benin.com\/infomatinvrai2\/wp-json\/wp\/v2\/media\/41098"}],"wp:attachment":[{"href":"https:\/\/infomatin-benin.com\/infomatinvrai2\/wp-json\/wp\/v2\/media?parent=41100"}],"wp:term":[{"taxonomy":"category","embeddable":true,"href":"https:\/\/infomatin-benin.com\/infomatinvrai2\/wp-json\/wp\/v2\/categories?post=41100"},{"taxonomy":"post_tag","embeddable":true,"href":"https:\/\/infomatin-benin.com\/infomatinvrai2\/wp-json\/wp\/v2\/tags?post=41100"}],"curies":[{"name":"wp","href":"https:\/\/api.w.org\/{rel}","templated":true}]}}