{"id":41089,"date":"2026-04-20T05:47:30","date_gmt":"2026-04-20T03:47:30","guid":{"rendered":"https:\/\/infomatin-benin.com\/infomatinvrai2\/?p=41089"},"modified":"2026-04-20T05:47:31","modified_gmt":"2026-04-20T03:47:31","slug":"mise-en-service-du-marche-de-ouedo-la-municipalite-dabomey-calavi-attribue-les-places","status":"publish","type":"post","link":"https:\/\/infomatin-benin.com\/infomatinvrai2\/2026\/04\/mise-en-service-du-marche-de-ouedo-la-municipalite-dabomey-calavi-attribue-les-places\/","title":{"rendered":"Mise en service du march\u00e9 de Ou\u00e8do : La municipalit\u00e9 d\u2019Abomey-Calavi attribue les places"},"content":{"rendered":"\n<p>La commune d\u2019Abomey-Calavi a franchi une \u00e9tape importante dans la mise en service du march\u00e9 de Ou\u00e8do. Ce vendredi 17 avril 2026, les autorit\u00e9s communales ont proc\u00e9d\u00e9 \u00e0 l\u2019attribution des places aux commer\u00e7antes, marquant ainsi le d\u00e9marrage effectif des activit\u00e9s dans cet espace marchand moderne.La c\u00e9r\u00e9monie s\u2019est d\u00e9roul\u00e9e en pr\u00e9sence du maire, Nathana\u00ebl Koty, du premier adjoint au maire, des conseillers communaux ainsi que des cadres de l\u2019administration locale. Elle t\u00e9moigne de l\u2019engagement des autorit\u00e9s \u00e0 am\u00e9liorer les conditions de travail des acteurs du commerce.Au c\u0153ur de cette op\u00e9ration, la Commission des affaires \u00e9conomiques et financi\u00e8res (CAEF) a jou\u00e9 un r\u00f4le cl\u00e9 dans la coordination et la transparence du processus d\u2019attribution. L\u2019objectif est de garantir une r\u00e9partition \u00e9quitable des espaces, tout en assurant un cadre structur\u00e9 et s\u00e9curis\u00e9 pour les activit\u00e9s commerciales.Gr\u00e2ce \u00e0 cette initiative, les b\u00e9n\u00e9ficiaires disposeront d\u00e9sormais d\u2019un environnement mieux organis\u00e9, propice au d\u00e9veloppement de leurs activit\u00e9s \u00e9conomiques.\u00c0 travers la mise en service du march\u00e9 de Ou\u00e8do, la commune d\u2019Abomey-Calavi confirme ainsi son engagement en faveur du d\u00e9veloppement local, de l\u2019inclusion \u00e9conomique et de la valorisation des femmes, v\u00e9ritables piliers du commerce de proximit\u00e9.<\/p>\n\n\n\n<p>Mathieu Agossou Hounhoui<\/p>\n\n\n\n<figure class=\"wp-block-gallery has-nested-images columns-default is-cropped wp-block-gallery-1 is-layout-flex wp-block-gallery-is-layout-flex\">\n<figure class=\"wp-block-image size-large\"><img loading=\"lazy\" decoding=\"async\" width=\"1024\" height=\"683\" data-id=\"41093\" src=\"https:\/\/infomatin-benin.com\/wp-content\/uploads\/2026\/04\/1000488878-1024x683.jpg\" alt=\"\" class=\"wp-image-41093\" srcset=\"https:\/\/infomatin-benin.com\/wp-content\/uploads\/2026\/04\/1000488878-1024x683.jpg 1024w, https:\/\/infomatin-benin.com\/wp-content\/uploads\/2026\/04\/1000488878-300x200.jpg 300w, https:\/\/infomatin-benin.com\/wp-content\/uploads\/2026\/04\/1000488878-768x512.jpg 768w, https:\/\/infomatin-benin.com\/wp-content\/uploads\/2026\/04\/1000488878.jpg 1080w\" sizes=\"auto, (max-width: 1024px) 100vw, 1024px\" \/><\/figure>\n\n\n\n<figure class=\"wp-block-image size-large\"><img loading=\"lazy\" decoding=\"async\" width=\"1024\" height=\"683\" data-id=\"41092\" src=\"https:\/\/infomatin-benin.com\/wp-content\/uploads\/2026\/04\/1000488877-1024x683.jpg\" alt=\"\" class=\"wp-image-41092\" srcset=\"https:\/\/infomatin-benin.com\/wp-content\/uploads\/2026\/04\/1000488877-1024x683.jpg 1024w, https:\/\/infomatin-benin.com\/wp-content\/uploads\/2026\/04\/1000488877-300x200.jpg 300w, https:\/\/infomatin-benin.com\/wp-content\/uploads\/2026\/04\/1000488877-768x512.jpg 768w, https:\/\/infomatin-benin.com\/wp-content\/uploads\/2026\/04\/1000488877.jpg 1080w\" sizes=\"auto, (max-width: 1024px) 100vw, 1024px\" \/><\/figure>\n\n\n\n<figure class=\"wp-block-image size-large\"><img loading=\"lazy\" decoding=\"async\" width=\"1024\" height=\"683\" data-id=\"41090\" src=\"https:\/\/infomatin-benin.com\/wp-content\/uploads\/2026\/04\/1000488874-1024x683.jpg\" alt=\"\" class=\"wp-image-41090\" srcset=\"https:\/\/infomatin-benin.com\/wp-content\/uploads\/2026\/04\/1000488874-1024x683.jpg 1024w, https:\/\/infomatin-benin.com\/wp-content\/uploads\/2026\/04\/1000488874-300x200.jpg 300w, https:\/\/infomatin-benin.com\/wp-content\/uploads\/2026\/04\/1000488874-768x512.jpg 768w, https:\/\/infomatin-benin.com\/wp-content\/uploads\/2026\/04\/1000488874.jpg 1080w\" sizes=\"auto, (max-width: 1024px) 100vw, 1024px\" \/><\/figure>\n\n\n\n<figure class=\"wp-block-image size-large\"><img loading=\"lazy\" decoding=\"async\" width=\"1024\" height=\"683\" data-id=\"41091\" src=\"https:\/\/infomatin-benin.com\/wp-content\/uploads\/2026\/04\/1000488875-1024x683.jpg\" alt=\"\" class=\"wp-image-41091\" srcset=\"https:\/\/infomatin-benin.com\/wp-content\/uploads\/2026\/04\/1000488875-1024x683.jpg 1024w, https:\/\/infomatin-benin.com\/wp-content\/uploads\/2026\/04\/1000488875-300x200.jpg 300w, https:\/\/infomatin-benin.com\/wp-content\/uploads\/2026\/04\/1000488875-768x512.jpg 768w, https:\/\/infomatin-benin.com\/wp-content\/uploads\/2026\/04\/1000488875.jpg 1080w\" sizes=\"auto, (max-width: 1024px) 100vw, 1024px\" \/><\/figure>\n\n\n\n<figure class=\"wp-block-image size-large\"><img loading=\"lazy\" decoding=\"async\" width=\"1024\" height=\"683\" data-id=\"41095\" src=\"https:\/\/infomatin-benin.com\/wp-content\/uploads\/2026\/04\/1000488876-1024x683.jpg\" alt=\"\" class=\"wp-image-41095\" srcset=\"https:\/\/infomatin-benin.com\/wp-content\/uploads\/2026\/04\/1000488876-1024x683.jpg 1024w, https:\/\/infomatin-benin.com\/wp-content\/uploads\/2026\/04\/1000488876-300x200.jpg 300w, https:\/\/infomatin-benin.com\/wp-content\/uploads\/2026\/04\/1000488876-768x512.jpg 768w, https:\/\/infomatin-benin.com\/wp-content\/uploads\/2026\/04\/1000488876.jpg 1080w\" sizes=\"auto, (max-width: 1024px) 100vw, 1024px\" \/><\/figure>\n\n\n\n<figure class=\"wp-block-image size-large\"><img loading=\"lazy\" decoding=\"async\" width=\"1024\" height=\"683\" data-id=\"41094\" src=\"https:\/\/infomatin-benin.com\/wp-content\/uploads\/2026\/04\/1000488873-1024x683.jpg\" alt=\"\" class=\"wp-image-41094\" srcset=\"https:\/\/infomatin-benin.com\/wp-content\/uploads\/2026\/04\/1000488873-1024x683.jpg 1024w, https:\/\/infomatin-benin.com\/wp-content\/uploads\/2026\/04\/1000488873-300x200.jpg 300w, https:\/\/infomatin-benin.com\/wp-content\/uploads\/2026\/04\/1000488873-768x512.jpg 768w, https:\/\/infomatin-benin.com\/wp-content\/uploads\/2026\/04\/1000488873.jpg 1080w\" sizes=\"auto, (max-width: 1024px) 100vw, 1024px\" \/><\/figure>\n\n\n\n<figure class=\"wp-block-image size-large\"><img loading=\"lazy\" decoding=\"async\" width=\"1024\" height=\"683\" data-id=\"41096\" src=\"https:\/\/infomatin-benin.com\/wp-content\/uploads\/2026\/04\/1000488872-1024x683.jpg\" alt=\"\" class=\"wp-image-41096\" srcset=\"https:\/\/infomatin-benin.com\/wp-content\/uploads\/2026\/04\/1000488872-1024x683.jpg 1024w, https:\/\/infomatin-benin.com\/wp-content\/uploads\/2026\/04\/1000488872-300x200.jpg 300w, https:\/\/infomatin-benin.com\/wp-content\/uploads\/2026\/04\/1000488872-768x512.jpg 768w, https:\/\/infomatin-benin.com\/wp-content\/uploads\/2026\/04\/1000488872.jpg 1080w\" sizes=\"auto, (max-width: 1024px) 100vw, 1024px\" \/><\/figure>\n<\/figure>\n","protected":false},"excerpt":{"rendered":"<p>La commune d\u2019Abomey-Calavi a franchi une \u00e9tape importante dans la mise en service du march\u00e9 de Ou\u00e8do. Ce vendredi 17 avril 2026, les autorit\u00e9s communales ont proc\u00e9d\u00e9 \u00e0 l\u2019attribution des places aux commer\u00e7antes, marquant ainsi le d\u00e9marrage effectif des activit\u00e9s dans cet espace marchand moderne.La c\u00e9r\u00e9monie s\u2019est d\u00e9roul\u00e9e en pr\u00e9sence du maire, Nathana\u00ebl Koty, du &hellip;<\/p>\n","protected":false},"author":2,"featured_media":41086,"comment_status":"open","ping_status":"open","sticky":false,"template":"","format":"standard","meta":{"footnotes":""},"categories":[2],"tags":[],"class_list":["post-41089","post","type-post","status-publish","format-standard","has-post-thumbnail","hentry","category-societe"],"yoast_head":"<!-- This site is optimized with the Yoast SEO plugin v26.3 - https:\/\/yoast.com\/wordpress\/plugins\/seo\/ -->\n<title>Mise en service du march\u00e9 de Ou\u00e8do : La municipalit\u00e9 d\u2019Abomey-Calavi attribue les places - infomatin<\/title>\n<meta name=\"robots\" content=\"index, follow, max-snippet:-1, max-image-preview:large, max-video-preview:-1\" \/>\n<link rel=\"canonical\" href=\"https:\/\/infomatin-benin.com\/infomatinvrai2\/2026\/04\/mise-en-service-du-marche-de-ouedo-la-municipalite-dabomey-calavi-attribue-les-places\/\" \/>\n<meta property=\"og:locale\" content=\"fr_FR\" \/>\n<meta property=\"og:type\" content=\"article\" \/>\n<meta property=\"og:title\" content=\"Mise en service du march\u00e9 de Ou\u00e8do : La municipalit\u00e9 d\u2019Abomey-Calavi attribue les places - infomatin\" \/>\n<meta property=\"og:description\" content=\"La commune d\u2019Abomey-Calavi a franchi une \u00e9tape importante dans la mise en service du march\u00e9 de Ou\u00e8do. Ce vendredi 17 avril 2026, les autorit\u00e9s communales ont proc\u00e9d\u00e9 \u00e0 l\u2019attribution des places aux commer\u00e7antes, marquant ainsi le d\u00e9marrage effectif des activit\u00e9s dans cet espace marchand moderne.La c\u00e9r\u00e9monie s\u2019est d\u00e9roul\u00e9e en pr\u00e9sence du maire, Nathana\u00ebl Koty, du &hellip;\" \/>\n<meta property=\"og:url\" content=\"https:\/\/infomatin-benin.com\/infomatinvrai2\/2026\/04\/mise-en-service-du-marche-de-ouedo-la-municipalite-dabomey-calavi-attribue-les-places\/\" \/>\n<meta property=\"og:site_name\" content=\"infomatin\" \/>\n<meta property=\"article:published_time\" content=\"2026-04-20T03:47:30+00:00\" \/>\n<meta property=\"article:modified_time\" content=\"2026-04-20T03:47:31+00:00\" \/>\n<meta property=\"og:image\" content=\"https:\/\/infomatin-benin.com\/wp-content\/uploads\/2026\/04\/IMG-20260420-WA0005.jpg\" \/>\n\t<meta property=\"og:image:width\" content=\"1080\" \/>\n\t<meta property=\"og:image:height\" content=\"720\" \/>\n\t<meta property=\"og:image:type\" content=\"image\/jpeg\" \/>\n<meta name=\"author\" content=\"INFO MATIN\" \/>\n<meta name=\"twitter:card\" content=\"summary_large_image\" \/>\n<meta name=\"twitter:label1\" content=\"\u00c9crit par\" \/>\n\t<meta name=\"twitter:data1\" content=\"INFO MATIN\" \/>\n\t<meta name=\"twitter:label2\" content=\"Dur\u00e9e de lecture estim\u00e9e\" \/>\n\t<meta name=\"twitter:data2\" content=\"3 minutes\" \/>\n<script type=\"application\/ld+json\" class=\"yoast-schema-graph\">{\"@context\":\"https:\/\/schema.org\",\"@graph\":[{\"@type\":\"WebPage\",\"@id\":\"https:\/\/infomatin-benin.com\/infomatinvrai2\/2026\/04\/mise-en-service-du-marche-de-ouedo-la-municipalite-dabomey-calavi-attribue-les-places\/\",\"url\":\"https:\/\/infomatin-benin.com\/infomatinvrai2\/2026\/04\/mise-en-service-du-marche-de-ouedo-la-municipalite-dabomey-calavi-attribue-les-places\/\",\"name\":\"Mise en service du march\u00e9 de Ou\u00e8do : La municipalit\u00e9 d\u2019Abomey-Calavi attribue les places - infomatin\",\"isPartOf\":{\"@id\":\"https:\/\/infomatin-benin.com\/infomatinvrai2\/#website\"},\"primaryImageOfPage\":{\"@id\":\"https:\/\/infomatin-benin.com\/infomatinvrai2\/2026\/04\/mise-en-service-du-marche-de-ouedo-la-municipalite-dabomey-calavi-attribue-les-places\/#primaryimage\"},\"image\":{\"@id\":\"https:\/\/infomatin-benin.com\/infomatinvrai2\/2026\/04\/mise-en-service-du-marche-de-ouedo-la-municipalite-dabomey-calavi-attribue-les-places\/#primaryimage\"},\"thumbnailUrl\":\"https:\/\/infomatin-benin.com\/wp-content\/uploads\/2026\/04\/IMG-20260420-WA0005.jpg\",\"datePublished\":\"2026-04-20T03:47:30+00:00\",\"dateModified\":\"2026-04-20T03:47:31+00:00\",\"author\":{\"@id\":\"https:\/\/infomatin-benin.com\/infomatinvrai2\/#\/schema\/person\/6f847d9031293bab56c49b80b74bea0b\"},\"breadcrumb\":{\"@id\":\"https:\/\/infomatin-benin.com\/infomatinvrai2\/2026\/04\/mise-en-service-du-marche-de-ouedo-la-municipalite-dabomey-calavi-attribue-les-places\/#breadcrumb\"},\"inLanguage\":\"fr-FR\",\"potentialAction\":[{\"@type\":\"ReadAction\",\"target\":[\"https:\/\/infomatin-benin.com\/infomatinvrai2\/2026\/04\/mise-en-service-du-marche-de-ouedo-la-municipalite-dabomey-calavi-attribue-les-places\/\"]}]},{\"@type\":\"ImageObject\",\"inLanguage\":\"fr-FR\",\"@id\":\"https:\/\/infomatin-benin.com\/infomatinvrai2\/2026\/04\/mise-en-service-du-marche-de-ouedo-la-municipalite-dabomey-calavi-attribue-les-places\/#primaryimage\",\"url\":\"https:\/\/infomatin-benin.com\/wp-content\/uploads\/2026\/04\/IMG-20260420-WA0005.jpg\",\"contentUrl\":\"https:\/\/infomatin-benin.com\/wp-content\/uploads\/2026\/04\/IMG-20260420-WA0005.jpg\",\"width\":1080,\"height\":720},{\"@type\":\"BreadcrumbList\",\"@id\":\"https:\/\/infomatin-benin.com\/infomatinvrai2\/2026\/04\/mise-en-service-du-marche-de-ouedo-la-municipalite-dabomey-calavi-attribue-les-places\/#breadcrumb\",\"itemListElement\":[{\"@type\":\"ListItem\",\"position\":1,\"name\":\"Accueil\",\"item\":\"https:\/\/infomatin-benin.com\/infomatinvrai2\/\"},{\"@type\":\"ListItem\",\"position\":2,\"name\":\"Mise en service du march\u00e9 de Ou\u00e8do : La municipalit\u00e9 d\u2019Abomey-Calavi attribue les places\"}]},{\"@type\":\"WebSite\",\"@id\":\"https:\/\/infomatin-benin.com\/infomatinvrai2\/#website\",\"url\":\"https:\/\/infomatin-benin.com\/infomatinvrai2\/\",\"name\":\"infomatin\",\"description\":\"Informer, notre m\u00e9tier\",\"potentialAction\":[{\"@type\":\"SearchAction\",\"target\":{\"@type\":\"EntryPoint\",\"urlTemplate\":\"https:\/\/infomatin-benin.com\/infomatinvrai2\/?s={search_term_string}\"},\"query-input\":{\"@type\":\"PropertyValueSpecification\",\"valueRequired\":true,\"valueName\":\"search_term_string\"}}],\"inLanguage\":\"fr-FR\"},{\"@type\":\"Person\",\"@id\":\"https:\/\/infomatin-benin.com\/infomatinvrai2\/#\/schema\/person\/6f847d9031293bab56c49b80b74bea0b\",\"name\":\"INFO MATIN\",\"image\":{\"@type\":\"ImageObject\",\"inLanguage\":\"fr-FR\",\"@id\":\"https:\/\/infomatin-benin.com\/infomatinvrai2\/#\/schema\/person\/image\/\",\"url\":\"https:\/\/secure.gravatar.com\/avatar\/2820a6de81a9d99fdb43e52acf2e17b10644be831bebe6d0c25e0e56ee49393f?s=96&d=mm&r=g\",\"contentUrl\":\"https:\/\/secure.gravatar.com\/avatar\/2820a6de81a9d99fdb43e52acf2e17b10644be831bebe6d0c25e0e56ee49393f?s=96&d=mm&r=g\",\"caption\":\"INFO MATIN\"},\"url\":\"https:\/\/infomatin-benin.com\/infomatinvrai2\/author\/ramatou\/\"}]}<\/script>\n<!-- \/ Yoast SEO plugin. -->","yoast_head_json":{"title":"Mise en service du march\u00e9 de Ou\u00e8do : La municipalit\u00e9 d\u2019Abomey-Calavi attribue les places - infomatin","robots":{"index":"index","follow":"follow","max-snippet":"max-snippet:-1","max-image-preview":"max-image-preview:large","max-video-preview":"max-video-preview:-1"},"canonical":"https:\/\/infomatin-benin.com\/infomatinvrai2\/2026\/04\/mise-en-service-du-marche-de-ouedo-la-municipalite-dabomey-calavi-attribue-les-places\/","og_locale":"fr_FR","og_type":"article","og_title":"Mise en service du march\u00e9 de Ou\u00e8do : La municipalit\u00e9 d\u2019Abomey-Calavi attribue les places - infomatin","og_description":"La commune d\u2019Abomey-Calavi a franchi une \u00e9tape importante dans la mise en service du march\u00e9 de Ou\u00e8do. Ce vendredi 17 avril 2026, les autorit\u00e9s communales ont proc\u00e9d\u00e9 \u00e0 l\u2019attribution des places aux commer\u00e7antes, marquant ainsi le d\u00e9marrage effectif des activit\u00e9s dans cet espace marchand moderne.La c\u00e9r\u00e9monie s\u2019est d\u00e9roul\u00e9e en pr\u00e9sence du maire, Nathana\u00ebl Koty, du &hellip;","og_url":"https:\/\/infomatin-benin.com\/infomatinvrai2\/2026\/04\/mise-en-service-du-marche-de-ouedo-la-municipalite-dabomey-calavi-attribue-les-places\/","og_site_name":"infomatin","article_published_time":"2026-04-20T03:47:30+00:00","article_modified_time":"2026-04-20T03:47:31+00:00","og_image":[{"width":1080,"height":720,"url":"https:\/\/infomatin-benin.com\/wp-content\/uploads\/2026\/04\/IMG-20260420-WA0005.jpg","type":"image\/jpeg"}],"author":"INFO MATIN","twitter_card":"summary_large_image","twitter_misc":{"\u00c9crit par":"INFO MATIN","Dur\u00e9e de lecture estim\u00e9e":"3 minutes"},"schema":{"@context":"https:\/\/schema.org","@graph":[{"@type":"WebPage","@id":"https:\/\/infomatin-benin.com\/infomatinvrai2\/2026\/04\/mise-en-service-du-marche-de-ouedo-la-municipalite-dabomey-calavi-attribue-les-places\/","url":"https:\/\/infomatin-benin.com\/infomatinvrai2\/2026\/04\/mise-en-service-du-marche-de-ouedo-la-municipalite-dabomey-calavi-attribue-les-places\/","name":"Mise en service du march\u00e9 de Ou\u00e8do : La municipalit\u00e9 d\u2019Abomey-Calavi attribue les places - infomatin","isPartOf":{"@id":"https:\/\/infomatin-benin.com\/infomatinvrai2\/#website"},"primaryImageOfPage":{"@id":"https:\/\/infomatin-benin.com\/infomatinvrai2\/2026\/04\/mise-en-service-du-marche-de-ouedo-la-municipalite-dabomey-calavi-attribue-les-places\/#primaryimage"},"image":{"@id":"https:\/\/infomatin-benin.com\/infomatinvrai2\/2026\/04\/mise-en-service-du-marche-de-ouedo-la-municipalite-dabomey-calavi-attribue-les-places\/#primaryimage"},"thumbnailUrl":"https:\/\/infomatin-benin.com\/wp-content\/uploads\/2026\/04\/IMG-20260420-WA0005.jpg","datePublished":"2026-04-20T03:47:30+00:00","dateModified":"2026-04-20T03:47:31+00:00","author":{"@id":"https:\/\/infomatin-benin.com\/infomatinvrai2\/#\/schema\/person\/6f847d9031293bab56c49b80b74bea0b"},"breadcrumb":{"@id":"https:\/\/infomatin-benin.com\/infomatinvrai2\/2026\/04\/mise-en-service-du-marche-de-ouedo-la-municipalite-dabomey-calavi-attribue-les-places\/#breadcrumb"},"inLanguage":"fr-FR","potentialAction":[{"@type":"ReadAction","target":["https:\/\/infomatin-benin.com\/infomatinvrai2\/2026\/04\/mise-en-service-du-marche-de-ouedo-la-municipalite-dabomey-calavi-attribue-les-places\/"]}]},{"@type":"ImageObject","inLanguage":"fr-FR","@id":"https:\/\/infomatin-benin.com\/infomatinvrai2\/2026\/04\/mise-en-service-du-marche-de-ouedo-la-municipalite-dabomey-calavi-attribue-les-places\/#primaryimage","url":"https:\/\/infomatin-benin.com\/wp-content\/uploads\/2026\/04\/IMG-20260420-WA0005.jpg","contentUrl":"https:\/\/infomatin-benin.com\/wp-content\/uploads\/2026\/04\/IMG-20260420-WA0005.jpg","width":1080,"height":720},{"@type":"BreadcrumbList","@id":"https:\/\/infomatin-benin.com\/infomatinvrai2\/2026\/04\/mise-en-service-du-marche-de-ouedo-la-municipalite-dabomey-calavi-attribue-les-places\/#breadcrumb","itemListElement":[{"@type":"ListItem","position":1,"name":"Accueil","item":"https:\/\/infomatin-benin.com\/infomatinvrai2\/"},{"@type":"ListItem","position":2,"name":"Mise en service du march\u00e9 de Ou\u00e8do : La municipalit\u00e9 d\u2019Abomey-Calavi attribue les places"}]},{"@type":"WebSite","@id":"https:\/\/infomatin-benin.com\/infomatinvrai2\/#website","url":"https:\/\/infomatin-benin.com\/infomatinvrai2\/","name":"infomatin","description":"Informer, notre m\u00e9tier","potentialAction":[{"@type":"SearchAction","target":{"@type":"EntryPoint","urlTemplate":"https:\/\/infomatin-benin.com\/infomatinvrai2\/?s={search_term_string}"},"query-input":{"@type":"PropertyValueSpecification","valueRequired":true,"valueName":"search_term_string"}}],"inLanguage":"fr-FR"},{"@type":"Person","@id":"https:\/\/infomatin-benin.com\/infomatinvrai2\/#\/schema\/person\/6f847d9031293bab56c49b80b74bea0b","name":"INFO MATIN","image":{"@type":"ImageObject","inLanguage":"fr-FR","@id":"https:\/\/infomatin-benin.com\/infomatinvrai2\/#\/schema\/person\/image\/","url":"https:\/\/secure.gravatar.com\/avatar\/2820a6de81a9d99fdb43e52acf2e17b10644be831bebe6d0c25e0e56ee49393f?s=96&d=mm&r=g","contentUrl":"https:\/\/secure.gravatar.com\/avatar\/2820a6de81a9d99fdb43e52acf2e17b10644be831bebe6d0c25e0e56ee49393f?s=96&d=mm&r=g","caption":"INFO MATIN"},"url":"https:\/\/infomatin-benin.com\/infomatinvrai2\/author\/ramatou\/"}]}},"_links":{"self":[{"href":"https:\/\/infomatin-benin.com\/infomatinvrai2\/wp-json\/wp\/v2\/posts\/41089","targetHints":{"allow":["GET"]}}],"collection":[{"href":"https:\/\/infomatin-benin.com\/infomatinvrai2\/wp-json\/wp\/v2\/posts"}],"about":[{"href":"https:\/\/infomatin-benin.com\/infomatinvrai2\/wp-json\/wp\/v2\/types\/post"}],"author":[{"embeddable":true,"href":"https:\/\/infomatin-benin.com\/infomatinvrai2\/wp-json\/wp\/v2\/users\/2"}],"replies":[{"embeddable":true,"href":"https:\/\/infomatin-benin.com\/infomatinvrai2\/wp-json\/wp\/v2\/comments?post=41089"}],"version-history":[{"count":1,"href":"https:\/\/infomatin-benin.com\/infomatinvrai2\/wp-json\/wp\/v2\/posts\/41089\/revisions"}],"predecessor-version":[{"id":41097,"href":"https:\/\/infomatin-benin.com\/infomatinvrai2\/wp-json\/wp\/v2\/posts\/41089\/revisions\/41097"}],"wp:featuredmedia":[{"embeddable":true,"href":"https:\/\/infomatin-benin.com\/infomatinvrai2\/wp-json\/wp\/v2\/media\/41086"}],"wp:attachment":[{"href":"https:\/\/infomatin-benin.com\/infomatinvrai2\/wp-json\/wp\/v2\/media?parent=41089"}],"wp:term":[{"taxonomy":"category","embeddable":true,"href":"https:\/\/infomatin-benin.com\/infomatinvrai2\/wp-json\/wp\/v2\/categories?post=41089"},{"taxonomy":"post_tag","embeddable":true,"href":"https:\/\/infomatin-benin.com\/infomatinvrai2\/wp-json\/wp\/v2\/tags?post=41089"}],"curies":[{"name":"wp","href":"https:\/\/api.w.org\/{rel}","templated":true}]}}