{"id":41083,"date":"2026-04-17T06:38:35","date_gmt":"2026-04-17T04:38:35","guid":{"rendered":"https:\/\/infomatin-benin.com\/infomatinvrai2\/?p=41083"},"modified":"2026-04-17T06:38:36","modified_gmt":"2026-04-17T04:38:36","slug":"kemi-seba-arrete-en-afrique-du-sud-une-affaire-explosive-aux-repercussions-internationales","status":"publish","type":"post","link":"https:\/\/infomatin-benin.com\/infomatinvrai2\/2026\/04\/kemi-seba-arrete-en-afrique-du-sud-une-affaire-explosive-aux-repercussions-internationales\/","title":{"rendered":"Kemi S\u00e9ba arr\u00eat\u00e9 en Afrique du Sud : Une affaire explosive aux r\u00e9percussions internationales"},"content":{"rendered":"\n<p>L\u2019\u00e9tau juridique se dresse contre  Kemi Seba \u00e0 Pretoria en terre sud africaine.L\u2019arrestation de Kemi Seba, survenue le 15 avril 2026 en Afrique du Sud, marque un tournant d\u00e9cisif dans le long bras de fer qui oppose l\u2019activiste panafricaniste aux autorit\u00e9s b\u00e9ninoises. Alors qu&rsquo;il est d\u00e9tenu \u00e0 Pretoria, l&rsquo;analyse de sa situation r\u00e9v\u00e8le un puzzle juridique complexe o\u00f9 s&rsquo;entrem\u00ealent infractions migratoires locales et mandats d&rsquo;arr\u00eat internationaux.Initialement interpell\u00e9 pour une violation transfrontali\u00e8re pr\u00e9sum\u00e9e des dispositions de la loi sud-africaines sur l\u2019immigration, Stellio Gilles Robert Capo Chichi de son vrai nom, fait face \u00e0 des accusations pr\u00e9cises : il aurait tent\u00e9 de regagner  le Zimbabwe par une entr\u00e9e ill\u00e9gale. Si ce d\u00e9lit de droit commun local motive son interpellation et sa d\u00e9tention provisoire actuelle, l\u2019ombre du mandat d\u2019arr\u00eat \u00e9mis par Cotonou en d\u00e9cembre 2025 plane d\u00e9sormais sur la suite de la proc\u00e9dure. En effet,accus\u00e9 au B\u00e9nin d&rsquo;\u00ab apologie de crimes contre la s\u00fbret\u00e9 de l&rsquo;\u00c9tat \u00bb apr\u00e8s ses prises de position au sujet de la tentative du coup d&rsquo;Etat d\u00e9jou\u00e9 du 07 d\u00e9cembre 2026,  l&rsquo;influenceur se retrouve au c\u0153ur d&rsquo;une proc\u00e9dure d&rsquo;extradition qui s&rsquo;annonce muscl\u00e9e.Le statut civil de l&rsquo;int\u00e9ress\u00e9 complique davantage sa d\u00e9fense. Depuis sa d\u00e9ch\u00e9ance de nationalit\u00e9 fran\u00e7aise en juillet 2024, Kemi Seba ne dispose plus de la protection consulaire de Paris, un levier qui aurait pu, par le pass\u00e9, ralentir une telle proc\u00e9dure. En revanche, sa nationalit\u00e9 b\u00e9ninoise, qu&rsquo;il conserve int\u00e9gralement, offre \u00e0 la justice de son pays d&rsquo;origine une base juridique solide pour r\u00e9clamer son transfert. Si le passeport diplomatique nig\u00e9rien qu&rsquo;il arbore en tant que conseiller du G\u00e9n\u00e9ral Tiani constitue un argument politique de poids, son efficacit\u00e9 juridique face \u00e0 des accusations p\u00e9nales ant\u00e9rieures reste incertaine devant les tribunaux sud-africains.Toute la bataille judiciaire se cristallisera lors de l&rsquo;audience du 20 avril prochain. La justice sud-africaine devra trancher un dilemme d\u00e9licat : les faits reproch\u00e9s par le B\u00e9nin rel\u00e8vent-ils de la criminalit\u00e9 de droit commun ou s&rsquo;apparentent-ils \u00e0 des poursuites politiques ? Pour la d\u00e9fense, l&rsquo;enjeu sera de d\u00e9montrer que l&rsquo;extradition exposerait l&rsquo;activiste \u00e0 un proc\u00e8s in\u00e9quitable. Pour Cotonou, il s&rsquo;agit de faire valoir la souverainet\u00e9 nationale et la r\u00e9pression d&rsquo;actes jug\u00e9s subversifs.Entre les murs de la prison de Pretoria, ce n&rsquo;est plus seulement le sort d&rsquo;un homme qui se joue, mais une complexe partie d&rsquo;\u00e9checs diplomatique et juridique entre l&rsquo;Afrique de l&rsquo;Ouest et l&rsquo;Afrique Australe.<\/p>\n\n\n\n<p>Saliou BAGUIRI<\/p>\n","protected":false},"excerpt":{"rendered":"<p>L\u2019\u00e9tau juridique se dresse contre Kemi Seba \u00e0 Pretoria en terre sud africaine.L\u2019arrestation de Kemi Seba, survenue le 15 avril 2026 en Afrique du Sud, marque un tournant d\u00e9cisif dans le long bras de fer qui oppose l\u2019activiste panafricaniste aux autorit\u00e9s b\u00e9ninoises. Alors qu&rsquo;il est d\u00e9tenu \u00e0 Pretoria, l&rsquo;analyse de sa situation r\u00e9v\u00e8le un puzzle &hellip;<\/p>\n","protected":false},"author":2,"featured_media":41082,"comment_status":"open","ping_status":"open","sticky":false,"template":"","format":"standard","meta":{"footnotes":""},"categories":[33],"tags":[],"class_list":["post-41083","post","type-post","status-publish","format-standard","has-post-thumbnail","hentry","category-politique"],"yoast_head":"<!-- This site is optimized with the Yoast SEO plugin v26.3 - https:\/\/yoast.com\/wordpress\/plugins\/seo\/ -->\n<title>Kemi S\u00e9ba arr\u00eat\u00e9 en Afrique du Sud : Une affaire explosive aux r\u00e9percussions internationales - infomatin<\/title>\n<meta name=\"robots\" content=\"index, follow, max-snippet:-1, max-image-preview:large, max-video-preview:-1\" \/>\n<link rel=\"canonical\" href=\"http:\/\/infomatin-benin.com\/infomatinvrai2\/2026\/04\/kemi-seba-arrete-en-afrique-du-sud-une-affaire-explosive-aux-repercussions-internationales\/\" \/>\n<meta property=\"og:locale\" content=\"fr_FR\" \/>\n<meta property=\"og:type\" content=\"article\" \/>\n<meta property=\"og:title\" content=\"Kemi S\u00e9ba arr\u00eat\u00e9 en Afrique du Sud : Une affaire explosive aux r\u00e9percussions internationales - infomatin\" \/>\n<meta property=\"og:description\" content=\"L\u2019\u00e9tau juridique se dresse contre Kemi Seba \u00e0 Pretoria en terre sud africaine.L\u2019arrestation de Kemi Seba, survenue le 15 avril 2026 en Afrique du Sud, marque un tournant d\u00e9cisif dans le long bras de fer qui oppose l\u2019activiste panafricaniste aux autorit\u00e9s b\u00e9ninoises. Alors qu&rsquo;il est d\u00e9tenu \u00e0 Pretoria, l&rsquo;analyse de sa situation r\u00e9v\u00e8le un puzzle &hellip;\" \/>\n<meta property=\"og:url\" content=\"http:\/\/infomatin-benin.com\/infomatinvrai2\/2026\/04\/kemi-seba-arrete-en-afrique-du-sud-une-affaire-explosive-aux-repercussions-internationales\/\" \/>\n<meta property=\"og:site_name\" content=\"infomatin\" \/>\n<meta property=\"article:published_time\" content=\"2026-04-17T04:38:35+00:00\" \/>\n<meta property=\"article:modified_time\" content=\"2026-04-17T04:38:36+00:00\" \/>\n<meta property=\"og:image\" content=\"http:\/\/infomatin-benin.com\/wp-content\/uploads\/2026\/04\/IMG-20260417-WA0001-1.jpg\" \/>\n\t<meta property=\"og:image:width\" content=\"1280\" \/>\n\t<meta property=\"og:image:height\" content=\"960\" \/>\n\t<meta property=\"og:image:type\" content=\"image\/jpeg\" \/>\n<meta name=\"author\" content=\"INFO MATIN\" \/>\n<meta name=\"twitter:card\" content=\"summary_large_image\" \/>\n<meta name=\"twitter:label1\" content=\"\u00c9crit par\" \/>\n\t<meta name=\"twitter:data1\" content=\"INFO MATIN\" \/>\n\t<meta name=\"twitter:label2\" content=\"Dur\u00e9e de lecture estim\u00e9e\" \/>\n\t<meta name=\"twitter:data2\" content=\"3 minutes\" \/>\n<script type=\"application\/ld+json\" class=\"yoast-schema-graph\">{\"@context\":\"https:\/\/schema.org\",\"@graph\":[{\"@type\":\"WebPage\",\"@id\":\"http:\/\/infomatin-benin.com\/infomatinvrai2\/2026\/04\/kemi-seba-arrete-en-afrique-du-sud-une-affaire-explosive-aux-repercussions-internationales\/\",\"url\":\"http:\/\/infomatin-benin.com\/infomatinvrai2\/2026\/04\/kemi-seba-arrete-en-afrique-du-sud-une-affaire-explosive-aux-repercussions-internationales\/\",\"name\":\"Kemi S\u00e9ba arr\u00eat\u00e9 en Afrique du Sud : Une affaire explosive aux r\u00e9percussions internationales - infomatin\",\"isPartOf\":{\"@id\":\"https:\/\/infomatin-benin.com\/infomatinvrai2\/#website\"},\"primaryImageOfPage\":{\"@id\":\"http:\/\/infomatin-benin.com\/infomatinvrai2\/2026\/04\/kemi-seba-arrete-en-afrique-du-sud-une-affaire-explosive-aux-repercussions-internationales\/#primaryimage\"},\"image\":{\"@id\":\"http:\/\/infomatin-benin.com\/infomatinvrai2\/2026\/04\/kemi-seba-arrete-en-afrique-du-sud-une-affaire-explosive-aux-repercussions-internationales\/#primaryimage\"},\"thumbnailUrl\":\"https:\/\/infomatin-benin.com\/wp-content\/uploads\/2026\/04\/IMG-20260417-WA0001-1.jpg\",\"datePublished\":\"2026-04-17T04:38:35+00:00\",\"dateModified\":\"2026-04-17T04:38:36+00:00\",\"author\":{\"@id\":\"https:\/\/infomatin-benin.com\/infomatinvrai2\/#\/schema\/person\/6f847d9031293bab56c49b80b74bea0b\"},\"breadcrumb\":{\"@id\":\"http:\/\/infomatin-benin.com\/infomatinvrai2\/2026\/04\/kemi-seba-arrete-en-afrique-du-sud-une-affaire-explosive-aux-repercussions-internationales\/#breadcrumb\"},\"inLanguage\":\"fr-FR\",\"potentialAction\":[{\"@type\":\"ReadAction\",\"target\":[\"http:\/\/infomatin-benin.com\/infomatinvrai2\/2026\/04\/kemi-seba-arrete-en-afrique-du-sud-une-affaire-explosive-aux-repercussions-internationales\/\"]}]},{\"@type\":\"ImageObject\",\"inLanguage\":\"fr-FR\",\"@id\":\"http:\/\/infomatin-benin.com\/infomatinvrai2\/2026\/04\/kemi-seba-arrete-en-afrique-du-sud-une-affaire-explosive-aux-repercussions-internationales\/#primaryimage\",\"url\":\"https:\/\/infomatin-benin.com\/wp-content\/uploads\/2026\/04\/IMG-20260417-WA0001-1.jpg\",\"contentUrl\":\"https:\/\/infomatin-benin.com\/wp-content\/uploads\/2026\/04\/IMG-20260417-WA0001-1.jpg\",\"width\":1280,\"height\":960},{\"@type\":\"BreadcrumbList\",\"@id\":\"http:\/\/infomatin-benin.com\/infomatinvrai2\/2026\/04\/kemi-seba-arrete-en-afrique-du-sud-une-affaire-explosive-aux-repercussions-internationales\/#breadcrumb\",\"itemListElement\":[{\"@type\":\"ListItem\",\"position\":1,\"name\":\"Accueil\",\"item\":\"https:\/\/infomatin-benin.com\/infomatinvrai2\/\"},{\"@type\":\"ListItem\",\"position\":2,\"name\":\"Kemi S\u00e9ba arr\u00eat\u00e9 en Afrique du Sud : Une affaire explosive aux r\u00e9percussions internationales\"}]},{\"@type\":\"WebSite\",\"@id\":\"https:\/\/infomatin-benin.com\/infomatinvrai2\/#website\",\"url\":\"https:\/\/infomatin-benin.com\/infomatinvrai2\/\",\"name\":\"infomatin\",\"description\":\"Informer, notre m\u00e9tier\",\"potentialAction\":[{\"@type\":\"SearchAction\",\"target\":{\"@type\":\"EntryPoint\",\"urlTemplate\":\"https:\/\/infomatin-benin.com\/infomatinvrai2\/?s={search_term_string}\"},\"query-input\":{\"@type\":\"PropertyValueSpecification\",\"valueRequired\":true,\"valueName\":\"search_term_string\"}}],\"inLanguage\":\"fr-FR\"},{\"@type\":\"Person\",\"@id\":\"https:\/\/infomatin-benin.com\/infomatinvrai2\/#\/schema\/person\/6f847d9031293bab56c49b80b74bea0b\",\"name\":\"INFO MATIN\",\"image\":{\"@type\":\"ImageObject\",\"inLanguage\":\"fr-FR\",\"@id\":\"https:\/\/infomatin-benin.com\/infomatinvrai2\/#\/schema\/person\/image\/\",\"url\":\"https:\/\/secure.gravatar.com\/avatar\/2820a6de81a9d99fdb43e52acf2e17b10644be831bebe6d0c25e0e56ee49393f?s=96&d=mm&r=g\",\"contentUrl\":\"https:\/\/secure.gravatar.com\/avatar\/2820a6de81a9d99fdb43e52acf2e17b10644be831bebe6d0c25e0e56ee49393f?s=96&d=mm&r=g\",\"caption\":\"INFO MATIN\"},\"url\":\"https:\/\/infomatin-benin.com\/infomatinvrai2\/author\/ramatou\/\"}]}<\/script>\n<!-- \/ Yoast SEO plugin. -->","yoast_head_json":{"title":"Kemi S\u00e9ba arr\u00eat\u00e9 en Afrique du Sud : Une affaire explosive aux r\u00e9percussions internationales - infomatin","robots":{"index":"index","follow":"follow","max-snippet":"max-snippet:-1","max-image-preview":"max-image-preview:large","max-video-preview":"max-video-preview:-1"},"canonical":"http:\/\/infomatin-benin.com\/infomatinvrai2\/2026\/04\/kemi-seba-arrete-en-afrique-du-sud-une-affaire-explosive-aux-repercussions-internationales\/","og_locale":"fr_FR","og_type":"article","og_title":"Kemi S\u00e9ba arr\u00eat\u00e9 en Afrique du Sud : Une affaire explosive aux r\u00e9percussions internationales - infomatin","og_description":"L\u2019\u00e9tau juridique se dresse contre Kemi Seba \u00e0 Pretoria en terre sud africaine.L\u2019arrestation de Kemi Seba, survenue le 15 avril 2026 en Afrique du Sud, marque un tournant d\u00e9cisif dans le long bras de fer qui oppose l\u2019activiste panafricaniste aux autorit\u00e9s b\u00e9ninoises. Alors qu&rsquo;il est d\u00e9tenu \u00e0 Pretoria, l&rsquo;analyse de sa situation r\u00e9v\u00e8le un puzzle &hellip;","og_url":"http:\/\/infomatin-benin.com\/infomatinvrai2\/2026\/04\/kemi-seba-arrete-en-afrique-du-sud-une-affaire-explosive-aux-repercussions-internationales\/","og_site_name":"infomatin","article_published_time":"2026-04-17T04:38:35+00:00","article_modified_time":"2026-04-17T04:38:36+00:00","og_image":[{"width":1280,"height":960,"url":"http:\/\/infomatin-benin.com\/wp-content\/uploads\/2026\/04\/IMG-20260417-WA0001-1.jpg","type":"image\/jpeg"}],"author":"INFO MATIN","twitter_card":"summary_large_image","twitter_misc":{"\u00c9crit par":"INFO MATIN","Dur\u00e9e de lecture estim\u00e9e":"3 minutes"},"schema":{"@context":"https:\/\/schema.org","@graph":[{"@type":"WebPage","@id":"http:\/\/infomatin-benin.com\/infomatinvrai2\/2026\/04\/kemi-seba-arrete-en-afrique-du-sud-une-affaire-explosive-aux-repercussions-internationales\/","url":"http:\/\/infomatin-benin.com\/infomatinvrai2\/2026\/04\/kemi-seba-arrete-en-afrique-du-sud-une-affaire-explosive-aux-repercussions-internationales\/","name":"Kemi S\u00e9ba arr\u00eat\u00e9 en Afrique du Sud : Une affaire explosive aux r\u00e9percussions internationales - infomatin","isPartOf":{"@id":"https:\/\/infomatin-benin.com\/infomatinvrai2\/#website"},"primaryImageOfPage":{"@id":"http:\/\/infomatin-benin.com\/infomatinvrai2\/2026\/04\/kemi-seba-arrete-en-afrique-du-sud-une-affaire-explosive-aux-repercussions-internationales\/#primaryimage"},"image":{"@id":"http:\/\/infomatin-benin.com\/infomatinvrai2\/2026\/04\/kemi-seba-arrete-en-afrique-du-sud-une-affaire-explosive-aux-repercussions-internationales\/#primaryimage"},"thumbnailUrl":"https:\/\/infomatin-benin.com\/wp-content\/uploads\/2026\/04\/IMG-20260417-WA0001-1.jpg","datePublished":"2026-04-17T04:38:35+00:00","dateModified":"2026-04-17T04:38:36+00:00","author":{"@id":"https:\/\/infomatin-benin.com\/infomatinvrai2\/#\/schema\/person\/6f847d9031293bab56c49b80b74bea0b"},"breadcrumb":{"@id":"http:\/\/infomatin-benin.com\/infomatinvrai2\/2026\/04\/kemi-seba-arrete-en-afrique-du-sud-une-affaire-explosive-aux-repercussions-internationales\/#breadcrumb"},"inLanguage":"fr-FR","potentialAction":[{"@type":"ReadAction","target":["http:\/\/infomatin-benin.com\/infomatinvrai2\/2026\/04\/kemi-seba-arrete-en-afrique-du-sud-une-affaire-explosive-aux-repercussions-internationales\/"]}]},{"@type":"ImageObject","inLanguage":"fr-FR","@id":"http:\/\/infomatin-benin.com\/infomatinvrai2\/2026\/04\/kemi-seba-arrete-en-afrique-du-sud-une-affaire-explosive-aux-repercussions-internationales\/#primaryimage","url":"https:\/\/infomatin-benin.com\/wp-content\/uploads\/2026\/04\/IMG-20260417-WA0001-1.jpg","contentUrl":"https:\/\/infomatin-benin.com\/wp-content\/uploads\/2026\/04\/IMG-20260417-WA0001-1.jpg","width":1280,"height":960},{"@type":"BreadcrumbList","@id":"http:\/\/infomatin-benin.com\/infomatinvrai2\/2026\/04\/kemi-seba-arrete-en-afrique-du-sud-une-affaire-explosive-aux-repercussions-internationales\/#breadcrumb","itemListElement":[{"@type":"ListItem","position":1,"name":"Accueil","item":"https:\/\/infomatin-benin.com\/infomatinvrai2\/"},{"@type":"ListItem","position":2,"name":"Kemi S\u00e9ba arr\u00eat\u00e9 en Afrique du Sud : Une affaire explosive aux r\u00e9percussions internationales"}]},{"@type":"WebSite","@id":"https:\/\/infomatin-benin.com\/infomatinvrai2\/#website","url":"https:\/\/infomatin-benin.com\/infomatinvrai2\/","name":"infomatin","description":"Informer, notre m\u00e9tier","potentialAction":[{"@type":"SearchAction","target":{"@type":"EntryPoint","urlTemplate":"https:\/\/infomatin-benin.com\/infomatinvrai2\/?s={search_term_string}"},"query-input":{"@type":"PropertyValueSpecification","valueRequired":true,"valueName":"search_term_string"}}],"inLanguage":"fr-FR"},{"@type":"Person","@id":"https:\/\/infomatin-benin.com\/infomatinvrai2\/#\/schema\/person\/6f847d9031293bab56c49b80b74bea0b","name":"INFO MATIN","image":{"@type":"ImageObject","inLanguage":"fr-FR","@id":"https:\/\/infomatin-benin.com\/infomatinvrai2\/#\/schema\/person\/image\/","url":"https:\/\/secure.gravatar.com\/avatar\/2820a6de81a9d99fdb43e52acf2e17b10644be831bebe6d0c25e0e56ee49393f?s=96&d=mm&r=g","contentUrl":"https:\/\/secure.gravatar.com\/avatar\/2820a6de81a9d99fdb43e52acf2e17b10644be831bebe6d0c25e0e56ee49393f?s=96&d=mm&r=g","caption":"INFO MATIN"},"url":"https:\/\/infomatin-benin.com\/infomatinvrai2\/author\/ramatou\/"}]}},"_links":{"self":[{"href":"https:\/\/infomatin-benin.com\/infomatinvrai2\/wp-json\/wp\/v2\/posts\/41083","targetHints":{"allow":["GET"]}}],"collection":[{"href":"https:\/\/infomatin-benin.com\/infomatinvrai2\/wp-json\/wp\/v2\/posts"}],"about":[{"href":"https:\/\/infomatin-benin.com\/infomatinvrai2\/wp-json\/wp\/v2\/types\/post"}],"author":[{"embeddable":true,"href":"https:\/\/infomatin-benin.com\/infomatinvrai2\/wp-json\/wp\/v2\/users\/2"}],"replies":[{"embeddable":true,"href":"https:\/\/infomatin-benin.com\/infomatinvrai2\/wp-json\/wp\/v2\/comments?post=41083"}],"version-history":[{"count":1,"href":"https:\/\/infomatin-benin.com\/infomatinvrai2\/wp-json\/wp\/v2\/posts\/41083\/revisions"}],"predecessor-version":[{"id":41084,"href":"https:\/\/infomatin-benin.com\/infomatinvrai2\/wp-json\/wp\/v2\/posts\/41083\/revisions\/41084"}],"wp:featuredmedia":[{"embeddable":true,"href":"https:\/\/infomatin-benin.com\/infomatinvrai2\/wp-json\/wp\/v2\/media\/41082"}],"wp:attachment":[{"href":"https:\/\/infomatin-benin.com\/infomatinvrai2\/wp-json\/wp\/v2\/media?parent=41083"}],"wp:term":[{"taxonomy":"category","embeddable":true,"href":"https:\/\/infomatin-benin.com\/infomatinvrai2\/wp-json\/wp\/v2\/categories?post=41083"},{"taxonomy":"post_tag","embeddable":true,"href":"https:\/\/infomatin-benin.com\/infomatinvrai2\/wp-json\/wp\/v2\/tags?post=41083"}],"curies":[{"name":"wp","href":"https:\/\/api.w.org\/{rel}","templated":true}]}}