{"id":41077,"date":"2026-04-15T05:41:31","date_gmt":"2026-04-15T03:41:31","guid":{"rendered":"https:\/\/infomatin-benin.com\/infomatinvrai2\/?p=41077"},"modified":"2026-04-15T05:53:14","modified_gmt":"2026-04-15T03:53:14","slug":"presidentielle-2026-un-geste-de-haute-portee-republicaine-salue-dans-la-classe-politique","status":"publish","type":"post","link":"https:\/\/infomatin-benin.com\/infomatinvrai2\/2026\/04\/presidentielle-2026-un-geste-de-haute-portee-republicaine-salue-dans-la-classe-politique\/","title":{"rendered":"Pr\u00e9sidentielle 2026 : Un geste de haute port\u00e9e r\u00e9publicaine salu\u00e9 dans la classe politique"},"content":{"rendered":"\n<p>Dans un contexte \u00e9lectoral souvent marqu\u00e9 par des tensions et des contestations en Afrique comme ailleurs, l\u2019attitude de l\u2019opposant Paul Hounkp\u00e8 \u00e0 l\u2019issue de l\u2019\u00e9lection pr\u00e9sidentielle du 12 avril 2026 au B\u00e9nin vient rappeler la force des valeurs d\u00e9mocratiques lorsque celles-ci sont pleinement assum\u00e9es.En effet, Hounkp\u00e8,le candidat  malheureux,n&rsquo;a pas attendu  les grandes tendances  de la CENA avant de reconna\u00eetre sa d\u00e9faite face au candidat victorieux, Romuald Wadagni, d\u00e9sormais \u00e9lu Pr\u00e9sident de la R\u00e9publique. Mieux encore, dans une d\u00e9claration empreinte de s\u00e9r\u00e9nit\u00e9 et de responsabilit\u00e9, Paul Hounkp\u00e8 a adress\u00e9 ses f\u00e9licitations \u00e0 son adversaire, saluant une \u00ab brillante \u00e9lection \u00bb et exprimant ses v\u0153ux de r\u00e9ussite pour le tout premier septennat de notre histoire.<\/p>\n\n\n\n<p><strong>Un acte de maturit\u00e9 politique exemplaire<\/strong><\/p>\n\n\n\n<p>Ce geste, loin d\u2019\u00eatre anodin, constitue une v\u00e9ritable le\u00e7on de d\u00e9mocratie. En reconnaissant sans ambages les r\u00e9sultats issus des urnes, Paul Hounkp\u00e8 s\u2019inscrit dans la tradition des grands hommes d\u2019\u00c9tat qui privil\u00e9gient l\u2019int\u00e9r\u00eat sup\u00e9rieur de la nation au d\u00e9triment des ambitions personnelles.Dans un pays o\u00f9 les enjeux politiques sont souvent vifs, cette posture contribue \u00e0 renforcer la cr\u00e9dibilit\u00e9 du processus \u00e9lectoral et \u00e0 consolider la confiance des citoyens dans les institutions de la R\u00e9publique. Elle d\u00e9montre \u00e9galement que l\u2019opposition peut jouer un r\u00f4le constructif, non pas dans la contestation syst\u00e9matique, mais dans la consolidation des acquis d\u00e9mocratiques.<\/p>\n\n\n\n<p><strong>Une contribution \u00e0 la paix et \u00e0 la stabilit\u00e9 nationale<\/strong><\/p>\n\n\n\n<p>Au-del\u00e0 de la symbolique politique, cette reconnaissance rapide des r\u00e9sultats participe \u00e0 apaiser le climat sociopolitique. En appelant implicitement ses partisans au calme et \u00e0 l\u2019acceptation des verdicts des urnes, Paul Hounkp\u00e8 a contribu\u00e9 \u00e0 pr\u00e9venir d\u2019\u00e9ventuelles tensions post-\u00e9lectorales.Dans un contexte r\u00e9gional o\u00f9 certaines \u00e9lections d\u00e9g\u00e9n\u00e8rent parfois en crises, le cas b\u00e9ninois appara\u00eet ainsi comme un exemple \u00e0 suivre. La d\u00e9marche de l\u2019opposant envoie un signal fort \u00e0 toute la classe politique : la comp\u00e9tition \u00e9lectorale doit rester un moment d\u2019expression d\u00e9mocratique, et non une source de division durable.<\/p>\n\n\n\n<p><strong>Un hommage \u00e0 l\u2019esprit r\u00e9publicain<\/strong><\/p>\n\n\n\n<p>En f\u00e9licitant publiquement le Pr\u00e9sident \u00e9lu, Paul Hounkp\u00e8 a \u00e9galement pos\u00e9 un acte de respect envers le peuple b\u00e9ninois, seul v\u00e9ritable arbitre du jeu d\u00e9mocratique. Ce geste traduit une reconnaissance de la souverainet\u00e9 populaire et un attachement profond aux principes r\u00e9publicains.Pour de nombreux observateurs, cette attitude rehausse l\u2019image de l\u2019opposition b\u00e9ninoise et ouvre la voie \u00e0 un dialogue politique plus apais\u00e9, bas\u00e9 sur le respect mutuel et la recherche de solutions pour le d\u00e9veloppement du pays.<\/p>\n\n\n\n<p><strong>Vers une nouvelle \u00e8re politique ?<\/strong><\/p>\n\n\n\n<p>L\u2019\u00e9lection de Romuald Wadagni, combin\u00e9e \u00e0 la posture responsable de son adversaire, pourrait marquer le d\u00e9but d\u2019une nouvelle \u00e8re politique au B\u00e9nin. Une \u00e8re o\u00f9 la comp\u00e9tition \u00e9lectorale ne remet pas en cause la coh\u00e9sion nationale, mais au contraire la renforce.Dans cette dynamique, le r\u00f4le de l\u2019opposition demeure essentiel. En adoptant une posture constructive, Paul Hounkp\u00e8 pourrait incarner une opposition r\u00e9publicaine moderne, capable de critiquer, de proposer et d\u2019accompagner les grandes orientations nationales dans l\u2019int\u00e9r\u00eat du peuple.<\/p>\n\n\n\n<p><strong>Une le\u00e7on pour l\u2019Afrique et au-del\u00e0<\/strong><\/p>\n\n\n\n<p>Au final, l\u2019attitude de Paul Hounkp\u00e8 d\u00e9passe les fronti\u00e8res b\u00e9ninoises. Elle constitue un exemple inspirant pour de nombreux pays o\u00f9 les processus \u00e9lectoraux restent fragiles. Elle rappelle que la d\u00e9mocratie ne se limite pas \u00e0 l\u2019organisation d\u2019\u00e9lections, mais repose aussi sur le comportement des acteurs politiques.En reconnaissant sa d\u00e9faite et en f\u00e9licitant son adversaire, Paul Hounkp\u00e8 a pos\u00e9 un acte fort, digne et responsable. Un acte qui restera sans doute comme l\u2019un des moments marquants de cette \u00e9lection pr\u00e9sidentielle de 2026 au B\u00e9nin, et qui honore la d\u00e9mocratie b\u00e9ninoise.<\/p>\n\n\n\n<p><strong>LA R\u00c9DACTION<\/strong><\/p>\n","protected":false},"excerpt":{"rendered":"<p>Dans un contexte \u00e9lectoral souvent marqu\u00e9 par des tensions et des contestations en Afrique comme ailleurs, l\u2019attitude de l\u2019opposant Paul Hounkp\u00e8 \u00e0 l\u2019issue de l\u2019\u00e9lection pr\u00e9sidentielle du 12 avril 2026 au B\u00e9nin vient rappeler la force des valeurs d\u00e9mocratiques lorsque celles-ci sont pleinement assum\u00e9es.En effet, Hounkp\u00e8,le candidat malheureux,n&rsquo;a pas attendu les grandes tendances de la &hellip;<\/p>\n","protected":false},"author":2,"featured_media":41059,"comment_status":"open","ping_status":"open","sticky":false,"template":"","format":"standard","meta":{"footnotes":""},"categories":[33],"tags":[],"class_list":["post-41077","post","type-post","status-publish","format-standard","has-post-thumbnail","hentry","category-politique"],"yoast_head":"<!-- This site is optimized with the Yoast SEO plugin v26.3 - https:\/\/yoast.com\/wordpress\/plugins\/seo\/ -->\n<title>Pr\u00e9sidentielle 2026 : Un geste de haute port\u00e9e r\u00e9publicaine salu\u00e9 dans la classe politique - infomatin<\/title>\n<meta name=\"robots\" content=\"index, follow, max-snippet:-1, max-image-preview:large, max-video-preview:-1\" \/>\n<link rel=\"canonical\" href=\"http:\/\/infomatin-benin.com\/infomatinvrai2\/2026\/04\/presidentielle-2026-un-geste-de-haute-portee-republicaine-salue-dans-la-classe-politique\/\" \/>\n<meta property=\"og:locale\" content=\"fr_FR\" \/>\n<meta property=\"og:type\" content=\"article\" \/>\n<meta property=\"og:title\" content=\"Pr\u00e9sidentielle 2026 : Un geste de haute port\u00e9e r\u00e9publicaine salu\u00e9 dans la classe politique - infomatin\" \/>\n<meta property=\"og:description\" content=\"Dans un contexte \u00e9lectoral souvent marqu\u00e9 par des tensions et des contestations en Afrique comme ailleurs, l\u2019attitude de l\u2019opposant Paul Hounkp\u00e8 \u00e0 l\u2019issue de l\u2019\u00e9lection pr\u00e9sidentielle du 12 avril 2026 au B\u00e9nin vient rappeler la force des valeurs d\u00e9mocratiques lorsque celles-ci sont pleinement assum\u00e9es.En effet, Hounkp\u00e8,le candidat malheureux,n&rsquo;a pas attendu les grandes tendances de la &hellip;\" \/>\n<meta property=\"og:url\" content=\"http:\/\/infomatin-benin.com\/infomatinvrai2\/2026\/04\/presidentielle-2026-un-geste-de-haute-portee-republicaine-salue-dans-la-classe-politique\/\" \/>\n<meta property=\"og:site_name\" content=\"infomatin\" \/>\n<meta property=\"article:published_time\" content=\"2026-04-15T03:41:31+00:00\" \/>\n<meta property=\"article:modified_time\" content=\"2026-04-15T03:53:14+00:00\" \/>\n<meta property=\"og:image\" content=\"http:\/\/infomatin-benin.com\/wp-content\/uploads\/2026\/04\/IMG-20260415-WA0000.jpg\" \/>\n\t<meta property=\"og:image:width\" content=\"672\" \/>\n\t<meta property=\"og:image:height\" content=\"430\" \/>\n\t<meta property=\"og:image:type\" content=\"image\/jpeg\" \/>\n<meta name=\"author\" content=\"INFO MATIN\" \/>\n<meta name=\"twitter:card\" content=\"summary_large_image\" \/>\n<meta name=\"twitter:label1\" content=\"\u00c9crit par\" \/>\n\t<meta name=\"twitter:data1\" content=\"INFO MATIN\" \/>\n\t<meta name=\"twitter:label2\" content=\"Dur\u00e9e de lecture estim\u00e9e\" \/>\n\t<meta name=\"twitter:data2\" content=\"4 minutes\" \/>\n<script type=\"application\/ld+json\" class=\"yoast-schema-graph\">{\"@context\":\"https:\/\/schema.org\",\"@graph\":[{\"@type\":\"WebPage\",\"@id\":\"http:\/\/infomatin-benin.com\/infomatinvrai2\/2026\/04\/presidentielle-2026-un-geste-de-haute-portee-republicaine-salue-dans-la-classe-politique\/\",\"url\":\"http:\/\/infomatin-benin.com\/infomatinvrai2\/2026\/04\/presidentielle-2026-un-geste-de-haute-portee-republicaine-salue-dans-la-classe-politique\/\",\"name\":\"Pr\u00e9sidentielle 2026 : Un geste de haute port\u00e9e r\u00e9publicaine salu\u00e9 dans la classe politique - infomatin\",\"isPartOf\":{\"@id\":\"https:\/\/infomatin-benin.com\/infomatinvrai2\/#website\"},\"primaryImageOfPage\":{\"@id\":\"http:\/\/infomatin-benin.com\/infomatinvrai2\/2026\/04\/presidentielle-2026-un-geste-de-haute-portee-republicaine-salue-dans-la-classe-politique\/#primaryimage\"},\"image\":{\"@id\":\"http:\/\/infomatin-benin.com\/infomatinvrai2\/2026\/04\/presidentielle-2026-un-geste-de-haute-portee-republicaine-salue-dans-la-classe-politique\/#primaryimage\"},\"thumbnailUrl\":\"https:\/\/infomatin-benin.com\/wp-content\/uploads\/2026\/04\/IMG-20260415-WA0000.jpg\",\"datePublished\":\"2026-04-15T03:41:31+00:00\",\"dateModified\":\"2026-04-15T03:53:14+00:00\",\"author\":{\"@id\":\"https:\/\/infomatin-benin.com\/infomatinvrai2\/#\/schema\/person\/6f847d9031293bab56c49b80b74bea0b\"},\"breadcrumb\":{\"@id\":\"http:\/\/infomatin-benin.com\/infomatinvrai2\/2026\/04\/presidentielle-2026-un-geste-de-haute-portee-republicaine-salue-dans-la-classe-politique\/#breadcrumb\"},\"inLanguage\":\"fr-FR\",\"potentialAction\":[{\"@type\":\"ReadAction\",\"target\":[\"http:\/\/infomatin-benin.com\/infomatinvrai2\/2026\/04\/presidentielle-2026-un-geste-de-haute-portee-republicaine-salue-dans-la-classe-politique\/\"]}]},{\"@type\":\"ImageObject\",\"inLanguage\":\"fr-FR\",\"@id\":\"http:\/\/infomatin-benin.com\/infomatinvrai2\/2026\/04\/presidentielle-2026-un-geste-de-haute-portee-republicaine-salue-dans-la-classe-politique\/#primaryimage\",\"url\":\"https:\/\/infomatin-benin.com\/wp-content\/uploads\/2026\/04\/IMG-20260415-WA0000.jpg\",\"contentUrl\":\"https:\/\/infomatin-benin.com\/wp-content\/uploads\/2026\/04\/IMG-20260415-WA0000.jpg\",\"width\":672,\"height\":430},{\"@type\":\"BreadcrumbList\",\"@id\":\"http:\/\/infomatin-benin.com\/infomatinvrai2\/2026\/04\/presidentielle-2026-un-geste-de-haute-portee-republicaine-salue-dans-la-classe-politique\/#breadcrumb\",\"itemListElement\":[{\"@type\":\"ListItem\",\"position\":1,\"name\":\"Accueil\",\"item\":\"https:\/\/infomatin-benin.com\/infomatinvrai2\/\"},{\"@type\":\"ListItem\",\"position\":2,\"name\":\"Pr\u00e9sidentielle 2026 : Un geste de haute port\u00e9e r\u00e9publicaine salu\u00e9 dans la classe politique\"}]},{\"@type\":\"WebSite\",\"@id\":\"https:\/\/infomatin-benin.com\/infomatinvrai2\/#website\",\"url\":\"https:\/\/infomatin-benin.com\/infomatinvrai2\/\",\"name\":\"infomatin\",\"description\":\"Informer, notre m\u00e9tier\",\"potentialAction\":[{\"@type\":\"SearchAction\",\"target\":{\"@type\":\"EntryPoint\",\"urlTemplate\":\"https:\/\/infomatin-benin.com\/infomatinvrai2\/?s={search_term_string}\"},\"query-input\":{\"@type\":\"PropertyValueSpecification\",\"valueRequired\":true,\"valueName\":\"search_term_string\"}}],\"inLanguage\":\"fr-FR\"},{\"@type\":\"Person\",\"@id\":\"https:\/\/infomatin-benin.com\/infomatinvrai2\/#\/schema\/person\/6f847d9031293bab56c49b80b74bea0b\",\"name\":\"INFO MATIN\",\"image\":{\"@type\":\"ImageObject\",\"inLanguage\":\"fr-FR\",\"@id\":\"https:\/\/infomatin-benin.com\/infomatinvrai2\/#\/schema\/person\/image\/\",\"url\":\"https:\/\/secure.gravatar.com\/avatar\/2820a6de81a9d99fdb43e52acf2e17b10644be831bebe6d0c25e0e56ee49393f?s=96&d=mm&r=g\",\"contentUrl\":\"https:\/\/secure.gravatar.com\/avatar\/2820a6de81a9d99fdb43e52acf2e17b10644be831bebe6d0c25e0e56ee49393f?s=96&d=mm&r=g\",\"caption\":\"INFO MATIN\"},\"url\":\"https:\/\/infomatin-benin.com\/infomatinvrai2\/author\/ramatou\/\"}]}<\/script>\n<!-- \/ Yoast SEO plugin. -->","yoast_head_json":{"title":"Pr\u00e9sidentielle 2026 : Un geste de haute port\u00e9e r\u00e9publicaine salu\u00e9 dans la classe politique - infomatin","robots":{"index":"index","follow":"follow","max-snippet":"max-snippet:-1","max-image-preview":"max-image-preview:large","max-video-preview":"max-video-preview:-1"},"canonical":"http:\/\/infomatin-benin.com\/infomatinvrai2\/2026\/04\/presidentielle-2026-un-geste-de-haute-portee-republicaine-salue-dans-la-classe-politique\/","og_locale":"fr_FR","og_type":"article","og_title":"Pr\u00e9sidentielle 2026 : Un geste de haute port\u00e9e r\u00e9publicaine salu\u00e9 dans la classe politique - infomatin","og_description":"Dans un contexte \u00e9lectoral souvent marqu\u00e9 par des tensions et des contestations en Afrique comme ailleurs, l\u2019attitude de l\u2019opposant Paul Hounkp\u00e8 \u00e0 l\u2019issue de l\u2019\u00e9lection pr\u00e9sidentielle du 12 avril 2026 au B\u00e9nin vient rappeler la force des valeurs d\u00e9mocratiques lorsque celles-ci sont pleinement assum\u00e9es.En effet, Hounkp\u00e8,le candidat malheureux,n&rsquo;a pas attendu les grandes tendances de la &hellip;","og_url":"http:\/\/infomatin-benin.com\/infomatinvrai2\/2026\/04\/presidentielle-2026-un-geste-de-haute-portee-republicaine-salue-dans-la-classe-politique\/","og_site_name":"infomatin","article_published_time":"2026-04-15T03:41:31+00:00","article_modified_time":"2026-04-15T03:53:14+00:00","og_image":[{"width":672,"height":430,"url":"http:\/\/infomatin-benin.com\/wp-content\/uploads\/2026\/04\/IMG-20260415-WA0000.jpg","type":"image\/jpeg"}],"author":"INFO MATIN","twitter_card":"summary_large_image","twitter_misc":{"\u00c9crit par":"INFO MATIN","Dur\u00e9e de lecture estim\u00e9e":"4 minutes"},"schema":{"@context":"https:\/\/schema.org","@graph":[{"@type":"WebPage","@id":"http:\/\/infomatin-benin.com\/infomatinvrai2\/2026\/04\/presidentielle-2026-un-geste-de-haute-portee-republicaine-salue-dans-la-classe-politique\/","url":"http:\/\/infomatin-benin.com\/infomatinvrai2\/2026\/04\/presidentielle-2026-un-geste-de-haute-portee-republicaine-salue-dans-la-classe-politique\/","name":"Pr\u00e9sidentielle 2026 : Un geste de haute port\u00e9e r\u00e9publicaine salu\u00e9 dans la classe politique - infomatin","isPartOf":{"@id":"https:\/\/infomatin-benin.com\/infomatinvrai2\/#website"},"primaryImageOfPage":{"@id":"http:\/\/infomatin-benin.com\/infomatinvrai2\/2026\/04\/presidentielle-2026-un-geste-de-haute-portee-republicaine-salue-dans-la-classe-politique\/#primaryimage"},"image":{"@id":"http:\/\/infomatin-benin.com\/infomatinvrai2\/2026\/04\/presidentielle-2026-un-geste-de-haute-portee-republicaine-salue-dans-la-classe-politique\/#primaryimage"},"thumbnailUrl":"https:\/\/infomatin-benin.com\/wp-content\/uploads\/2026\/04\/IMG-20260415-WA0000.jpg","datePublished":"2026-04-15T03:41:31+00:00","dateModified":"2026-04-15T03:53:14+00:00","author":{"@id":"https:\/\/infomatin-benin.com\/infomatinvrai2\/#\/schema\/person\/6f847d9031293bab56c49b80b74bea0b"},"breadcrumb":{"@id":"http:\/\/infomatin-benin.com\/infomatinvrai2\/2026\/04\/presidentielle-2026-un-geste-de-haute-portee-republicaine-salue-dans-la-classe-politique\/#breadcrumb"},"inLanguage":"fr-FR","potentialAction":[{"@type":"ReadAction","target":["http:\/\/infomatin-benin.com\/infomatinvrai2\/2026\/04\/presidentielle-2026-un-geste-de-haute-portee-republicaine-salue-dans-la-classe-politique\/"]}]},{"@type":"ImageObject","inLanguage":"fr-FR","@id":"http:\/\/infomatin-benin.com\/infomatinvrai2\/2026\/04\/presidentielle-2026-un-geste-de-haute-portee-republicaine-salue-dans-la-classe-politique\/#primaryimage","url":"https:\/\/infomatin-benin.com\/wp-content\/uploads\/2026\/04\/IMG-20260415-WA0000.jpg","contentUrl":"https:\/\/infomatin-benin.com\/wp-content\/uploads\/2026\/04\/IMG-20260415-WA0000.jpg","width":672,"height":430},{"@type":"BreadcrumbList","@id":"http:\/\/infomatin-benin.com\/infomatinvrai2\/2026\/04\/presidentielle-2026-un-geste-de-haute-portee-republicaine-salue-dans-la-classe-politique\/#breadcrumb","itemListElement":[{"@type":"ListItem","position":1,"name":"Accueil","item":"https:\/\/infomatin-benin.com\/infomatinvrai2\/"},{"@type":"ListItem","position":2,"name":"Pr\u00e9sidentielle 2026 : Un geste de haute port\u00e9e r\u00e9publicaine salu\u00e9 dans la classe politique"}]},{"@type":"WebSite","@id":"https:\/\/infomatin-benin.com\/infomatinvrai2\/#website","url":"https:\/\/infomatin-benin.com\/infomatinvrai2\/","name":"infomatin","description":"Informer, notre m\u00e9tier","potentialAction":[{"@type":"SearchAction","target":{"@type":"EntryPoint","urlTemplate":"https:\/\/infomatin-benin.com\/infomatinvrai2\/?s={search_term_string}"},"query-input":{"@type":"PropertyValueSpecification","valueRequired":true,"valueName":"search_term_string"}}],"inLanguage":"fr-FR"},{"@type":"Person","@id":"https:\/\/infomatin-benin.com\/infomatinvrai2\/#\/schema\/person\/6f847d9031293bab56c49b80b74bea0b","name":"INFO MATIN","image":{"@type":"ImageObject","inLanguage":"fr-FR","@id":"https:\/\/infomatin-benin.com\/infomatinvrai2\/#\/schema\/person\/image\/","url":"https:\/\/secure.gravatar.com\/avatar\/2820a6de81a9d99fdb43e52acf2e17b10644be831bebe6d0c25e0e56ee49393f?s=96&d=mm&r=g","contentUrl":"https:\/\/secure.gravatar.com\/avatar\/2820a6de81a9d99fdb43e52acf2e17b10644be831bebe6d0c25e0e56ee49393f?s=96&d=mm&r=g","caption":"INFO MATIN"},"url":"https:\/\/infomatin-benin.com\/infomatinvrai2\/author\/ramatou\/"}]}},"_links":{"self":[{"href":"https:\/\/infomatin-benin.com\/infomatinvrai2\/wp-json\/wp\/v2\/posts\/41077","targetHints":{"allow":["GET"]}}],"collection":[{"href":"https:\/\/infomatin-benin.com\/infomatinvrai2\/wp-json\/wp\/v2\/posts"}],"about":[{"href":"https:\/\/infomatin-benin.com\/infomatinvrai2\/wp-json\/wp\/v2\/types\/post"}],"author":[{"embeddable":true,"href":"https:\/\/infomatin-benin.com\/infomatinvrai2\/wp-json\/wp\/v2\/users\/2"}],"replies":[{"embeddable":true,"href":"https:\/\/infomatin-benin.com\/infomatinvrai2\/wp-json\/wp\/v2\/comments?post=41077"}],"version-history":[{"count":2,"href":"https:\/\/infomatin-benin.com\/infomatinvrai2\/wp-json\/wp\/v2\/posts\/41077\/revisions"}],"predecessor-version":[{"id":41079,"href":"https:\/\/infomatin-benin.com\/infomatinvrai2\/wp-json\/wp\/v2\/posts\/41077\/revisions\/41079"}],"wp:featuredmedia":[{"embeddable":true,"href":"https:\/\/infomatin-benin.com\/infomatinvrai2\/wp-json\/wp\/v2\/media\/41059"}],"wp:attachment":[{"href":"https:\/\/infomatin-benin.com\/infomatinvrai2\/wp-json\/wp\/v2\/media?parent=41077"}],"wp:term":[{"taxonomy":"category","embeddable":true,"href":"https:\/\/infomatin-benin.com\/infomatinvrai2\/wp-json\/wp\/v2\/categories?post=41077"},{"taxonomy":"post_tag","embeddable":true,"href":"https:\/\/infomatin-benin.com\/infomatinvrai2\/wp-json\/wp\/v2\/tags?post=41077"}],"curies":[{"name":"wp","href":"https:\/\/api.w.org\/{rel}","templated":true}]}}