{"id":41060,"date":"2026-04-15T05:31:46","date_gmt":"2026-04-15T03:31:46","guid":{"rendered":"https:\/\/infomatin-benin.com\/infomatinvrai2\/?p=41060"},"modified":"2026-04-15T05:31:46","modified_gmt":"2026-04-15T03:31:46","slug":"cooperation-decentralisee-abomey-calavi-souvre-a-de-nouveaux-partenariats-avec-la-diaspora","status":"publish","type":"post","link":"https:\/\/infomatin-benin.com\/infomatinvrai2\/2026\/04\/cooperation-decentralisee-abomey-calavi-souvre-a-de-nouveaux-partenariats-avec-la-diaspora\/","title":{"rendered":"Coop\u00e9ration d\u00e9centralis\u00e9e : Abomey-Calavi s\u2019ouvre \u00e0 de nouveaux partenariats avec la Diaspora"},"content":{"rendered":"\n<p>La commune d\u2019Abomey-Calavi franchit une nouvelle \u00e9tape dans sa dynamique d\u2019ouverture \u00e0 l\u2019international. Le maire de la ville Nathana\u00ebl Koty a re\u00e7u, ce lundi, une d\u00e9l\u00e9gation de l\u2019association Nouvelle \u00c8re de l\u2019Enfant et de la Femme Africaine (NEEFA), lors d\u2019une s\u00e9ance de travail tenue en pr\u00e9sence des adjoints au maire ainsi que des pr\u00e9sidents de commissions sectorielles.Bas\u00e9e en France, l\u2019association NEEFA, dirig\u00e9e par le compatriote G\u00e9rard Gangbes, s\u2019inscrit dans une d\u00e9marche de solidarit\u00e9 et de d\u00e9veloppement au profit des communaut\u00e9s africaines. Au c\u0153ur des \u00e9changes : la volont\u00e9 affich\u00e9e de renforcer la coop\u00e9ration entre l\u2019organisation et la commune d\u2019Abomey-Calavi, \u00e0 travers des initiatives cibl\u00e9es dans des secteurs cl\u00e9s tels que l\u2019\u00e9ducation, le sport et la sant\u00e9.Dans un contexte o\u00f9 les collectivit\u00e9s locales cherchent \u00e0 diversifier leurs partenaires pour mieux r\u00e9pondre aux besoins des populations, cette rencontre a permis de poser les bases d\u2019une collaboration prometteuse. L\u2019association NEEFA entend notamment jouer un r\u00f4le de facilitateur en favorisant des partenariats et des projets de jumelage entre Abomey-Calavi et certaines villes fran\u00e7aises, ouvrant ainsi la voie \u00e0 des \u00e9changes d\u2019exp\u00e9riences et de bonnes pratiques.Les discussions, jug\u00e9es fructueuses par les deux parties, ont abouti \u00e0 un accord de principe pour la signature prochaine de conventions de partenariat. Ces accords devraient se traduire par la mise en \u0153uvre d\u2019actions concr\u00e8tes, orient\u00e9es vers l\u2019am\u00e9lioration des conditions de vie des populations locales, en particulier des femmes et des enfants.En accueillant cette d\u00e9l\u00e9gation, les autorit\u00e9s communales r\u00e9affirment leur engagement \u00e0 promouvoir des initiatives inclusives et durables, tout en renfor\u00e7ant les liens avec la diaspora b\u00e9ninoise, v\u00e9ritable levier de d\u00e9veloppement pour les collectivit\u00e9s territoriales.Cette rencontre marque ainsi le d\u00e9but d\u2019une collaboration porteuse d\u2019espoir pour Abomey-Calavi, r\u00e9solument tourn\u00e9e vers un avenir de coop\u00e9ration et de progr\u00e8s partag\u00e9.<\/p>\n\n\n\n<p>LA R\u00c9DACTION<\/p>\n\n\n\n<figure class=\"wp-block-gallery has-nested-images columns-default is-cropped wp-block-gallery-1 is-layout-flex wp-block-gallery-is-layout-flex\">\n<figure class=\"wp-block-image size-large\"><img loading=\"lazy\" decoding=\"async\" width=\"1024\" height=\"682\" data-id=\"41064\" src=\"https:\/\/infomatin-benin.com\/wp-content\/uploads\/2026\/04\/1000462962-1024x682.jpg\" alt=\"\" class=\"wp-image-41064\" srcset=\"https:\/\/infomatin-benin.com\/wp-content\/uploads\/2026\/04\/1000462962-1024x682.jpg 1024w, https:\/\/infomatin-benin.com\/wp-content\/uploads\/2026\/04\/1000462962-300x200.jpg 300w, https:\/\/infomatin-benin.com\/wp-content\/uploads\/2026\/04\/1000462962-768x512.jpg 768w, https:\/\/infomatin-benin.com\/wp-content\/uploads\/2026\/04\/1000462962-1536x1023.jpg 1536w, https:\/\/infomatin-benin.com\/wp-content\/uploads\/2026\/04\/1000462962.jpg 1600w\" sizes=\"auto, (max-width: 1024px) 100vw, 1024px\" \/><\/figure>\n\n\n\n<figure class=\"wp-block-image size-large\"><img loading=\"lazy\" decoding=\"async\" width=\"1024\" height=\"682\" data-id=\"41061\" src=\"https:\/\/infomatin-benin.com\/wp-content\/uploads\/2026\/04\/1000462960-1024x682.jpg\" alt=\"\" class=\"wp-image-41061\" srcset=\"https:\/\/infomatin-benin.com\/wp-content\/uploads\/2026\/04\/1000462960-1024x682.jpg 1024w, https:\/\/infomatin-benin.com\/wp-content\/uploads\/2026\/04\/1000462960-300x200.jpg 300w, https:\/\/infomatin-benin.com\/wp-content\/uploads\/2026\/04\/1000462960-768x512.jpg 768w, https:\/\/infomatin-benin.com\/wp-content\/uploads\/2026\/04\/1000462960-1536x1023.jpg 1536w, https:\/\/infomatin-benin.com\/wp-content\/uploads\/2026\/04\/1000462960.jpg 1600w\" sizes=\"auto, (max-width: 1024px) 100vw, 1024px\" \/><\/figure>\n\n\n\n<figure class=\"wp-block-image size-large\"><img loading=\"lazy\" decoding=\"async\" width=\"1024\" height=\"682\" data-id=\"41062\" src=\"https:\/\/infomatin-benin.com\/wp-content\/uploads\/2026\/04\/1000462958-1024x682.jpg\" alt=\"\" class=\"wp-image-41062\" srcset=\"https:\/\/infomatin-benin.com\/wp-content\/uploads\/2026\/04\/1000462958-1024x682.jpg 1024w, https:\/\/infomatin-benin.com\/wp-content\/uploads\/2026\/04\/1000462958-300x200.jpg 300w, https:\/\/infomatin-benin.com\/wp-content\/uploads\/2026\/04\/1000462958-768x512.jpg 768w, https:\/\/infomatin-benin.com\/wp-content\/uploads\/2026\/04\/1000462958-1536x1023.jpg 1536w, https:\/\/infomatin-benin.com\/wp-content\/uploads\/2026\/04\/1000462958.jpg 1600w\" sizes=\"auto, (max-width: 1024px) 100vw, 1024px\" \/><\/figure>\n\n\n\n<figure class=\"wp-block-image size-large\"><img loading=\"lazy\" decoding=\"async\" width=\"1024\" height=\"682\" data-id=\"41063\" src=\"https:\/\/infomatin-benin.com\/wp-content\/uploads\/2026\/04\/1000462956-1024x682.jpg\" alt=\"\" class=\"wp-image-41063\" srcset=\"https:\/\/infomatin-benin.com\/wp-content\/uploads\/2026\/04\/1000462956-1024x682.jpg 1024w, https:\/\/infomatin-benin.com\/wp-content\/uploads\/2026\/04\/1000462956-300x200.jpg 300w, https:\/\/infomatin-benin.com\/wp-content\/uploads\/2026\/04\/1000462956-768x512.jpg 768w, https:\/\/infomatin-benin.com\/wp-content\/uploads\/2026\/04\/1000462956-1536x1023.jpg 1536w, https:\/\/infomatin-benin.com\/wp-content\/uploads\/2026\/04\/1000462956.jpg 1600w\" sizes=\"auto, (max-width: 1024px) 100vw, 1024px\" \/><\/figure>\n\n\n\n<figure class=\"wp-block-image size-large\"><img loading=\"lazy\" decoding=\"async\" width=\"1024\" height=\"682\" data-id=\"41066\" src=\"https:\/\/infomatin-benin.com\/wp-content\/uploads\/2026\/04\/1000462954-1024x682.jpg\" alt=\"\" class=\"wp-image-41066\" srcset=\"https:\/\/infomatin-benin.com\/wp-content\/uploads\/2026\/04\/1000462954-1024x682.jpg 1024w, https:\/\/infomatin-benin.com\/wp-content\/uploads\/2026\/04\/1000462954-300x200.jpg 300w, https:\/\/infomatin-benin.com\/wp-content\/uploads\/2026\/04\/1000462954-768x512.jpg 768w, https:\/\/infomatin-benin.com\/wp-content\/uploads\/2026\/04\/1000462954-1536x1023.jpg 1536w, https:\/\/infomatin-benin.com\/wp-content\/uploads\/2026\/04\/1000462954.jpg 1600w\" sizes=\"auto, (max-width: 1024px) 100vw, 1024px\" \/><\/figure>\n\n\n\n<figure class=\"wp-block-image size-large\"><img loading=\"lazy\" decoding=\"async\" width=\"1024\" height=\"682\" data-id=\"41069\" src=\"https:\/\/infomatin-benin.com\/wp-content\/uploads\/2026\/04\/1000462952-1024x682.jpg\" alt=\"\" class=\"wp-image-41069\" srcset=\"https:\/\/infomatin-benin.com\/wp-content\/uploads\/2026\/04\/1000462952-1024x682.jpg 1024w, https:\/\/infomatin-benin.com\/wp-content\/uploads\/2026\/04\/1000462952-300x200.jpg 300w, https:\/\/infomatin-benin.com\/wp-content\/uploads\/2026\/04\/1000462952-768x512.jpg 768w, https:\/\/infomatin-benin.com\/wp-content\/uploads\/2026\/04\/1000462952-1536x1023.jpg 1536w, https:\/\/infomatin-benin.com\/wp-content\/uploads\/2026\/04\/1000462952.jpg 1600w\" sizes=\"auto, (max-width: 1024px) 100vw, 1024px\" \/><\/figure>\n\n\n\n<figure class=\"wp-block-image size-large\"><img loading=\"lazy\" decoding=\"async\" width=\"1024\" height=\"682\" data-id=\"41067\" src=\"https:\/\/infomatin-benin.com\/wp-content\/uploads\/2026\/04\/1000462946-1024x682.jpg\" alt=\"\" class=\"wp-image-41067\" srcset=\"https:\/\/infomatin-benin.com\/wp-content\/uploads\/2026\/04\/1000462946-1024x682.jpg 1024w, https:\/\/infomatin-benin.com\/wp-content\/uploads\/2026\/04\/1000462946-300x200.jpg 300w, https:\/\/infomatin-benin.com\/wp-content\/uploads\/2026\/04\/1000462946-768x512.jpg 768w, https:\/\/infomatin-benin.com\/wp-content\/uploads\/2026\/04\/1000462946-1536x1023.jpg 1536w, https:\/\/infomatin-benin.com\/wp-content\/uploads\/2026\/04\/1000462946.jpg 1600w\" sizes=\"auto, (max-width: 1024px) 100vw, 1024px\" \/><\/figure>\n\n\n\n<figure class=\"wp-block-image size-large\"><img loading=\"lazy\" decoding=\"async\" width=\"1024\" height=\"682\" data-id=\"41072\" src=\"https:\/\/infomatin-benin.com\/wp-content\/uploads\/2026\/04\/1000462948-1024x682.jpg\" alt=\"\" class=\"wp-image-41072\" srcset=\"https:\/\/infomatin-benin.com\/wp-content\/uploads\/2026\/04\/1000462948-1024x682.jpg 1024w, https:\/\/infomatin-benin.com\/wp-content\/uploads\/2026\/04\/1000462948-300x200.jpg 300w, https:\/\/infomatin-benin.com\/wp-content\/uploads\/2026\/04\/1000462948-768x512.jpg 768w, https:\/\/infomatin-benin.com\/wp-content\/uploads\/2026\/04\/1000462948-1536x1023.jpg 1536w, https:\/\/infomatin-benin.com\/wp-content\/uploads\/2026\/04\/1000462948.jpg 1600w\" sizes=\"auto, (max-width: 1024px) 100vw, 1024px\" \/><\/figure>\n\n\n\n<figure class=\"wp-block-image size-large\"><img loading=\"lazy\" decoding=\"async\" width=\"1024\" height=\"682\" data-id=\"41074\" src=\"https:\/\/infomatin-benin.com\/wp-content\/uploads\/2026\/04\/1000462950-1024x682.jpg\" alt=\"\" class=\"wp-image-41074\" srcset=\"https:\/\/infomatin-benin.com\/wp-content\/uploads\/2026\/04\/1000462950-1024x682.jpg 1024w, https:\/\/infomatin-benin.com\/wp-content\/uploads\/2026\/04\/1000462950-300x200.jpg 300w, https:\/\/infomatin-benin.com\/wp-content\/uploads\/2026\/04\/1000462950-768x512.jpg 768w, https:\/\/infomatin-benin.com\/wp-content\/uploads\/2026\/04\/1000462950-1536x1023.jpg 1536w, https:\/\/infomatin-benin.com\/wp-content\/uploads\/2026\/04\/1000462950.jpg 1600w\" sizes=\"auto, (max-width: 1024px) 100vw, 1024px\" \/><\/figure>\n\n\n\n<figure class=\"wp-block-image size-large\"><img loading=\"lazy\" decoding=\"async\" width=\"1024\" height=\"682\" data-id=\"41068\" src=\"https:\/\/infomatin-benin.com\/wp-content\/uploads\/2026\/04\/1000462942-1024x682.jpg\" alt=\"\" class=\"wp-image-41068\" srcset=\"https:\/\/infomatin-benin.com\/wp-content\/uploads\/2026\/04\/1000462942-1024x682.jpg 1024w, https:\/\/infomatin-benin.com\/wp-content\/uploads\/2026\/04\/1000462942-300x200.jpg 300w, https:\/\/infomatin-benin.com\/wp-content\/uploads\/2026\/04\/1000462942-768x512.jpg 768w, https:\/\/infomatin-benin.com\/wp-content\/uploads\/2026\/04\/1000462942-1536x1023.jpg 1536w, https:\/\/infomatin-benin.com\/wp-content\/uploads\/2026\/04\/1000462942.jpg 1600w\" sizes=\"auto, (max-width: 1024px) 100vw, 1024px\" \/><\/figure>\n\n\n\n<figure class=\"wp-block-image size-large\"><img loading=\"lazy\" decoding=\"async\" width=\"1024\" height=\"682\" data-id=\"41071\" src=\"https:\/\/infomatin-benin.com\/wp-content\/uploads\/2026\/04\/1000462940-1024x682.jpg\" alt=\"\" class=\"wp-image-41071\" srcset=\"https:\/\/infomatin-benin.com\/wp-content\/uploads\/2026\/04\/1000462940-1024x682.jpg 1024w, https:\/\/infomatin-benin.com\/wp-content\/uploads\/2026\/04\/1000462940-300x200.jpg 300w, https:\/\/infomatin-benin.com\/wp-content\/uploads\/2026\/04\/1000462940-768x512.jpg 768w, https:\/\/infomatin-benin.com\/wp-content\/uploads\/2026\/04\/1000462940-1536x1023.jpg 1536w, https:\/\/infomatin-benin.com\/wp-content\/uploads\/2026\/04\/1000462940.jpg 1600w\" sizes=\"auto, (max-width: 1024px) 100vw, 1024px\" \/><\/figure>\n\n\n\n<figure class=\"wp-block-image size-large\"><img loading=\"lazy\" decoding=\"async\" width=\"1024\" height=\"682\" data-id=\"41065\" src=\"https:\/\/infomatin-benin.com\/wp-content\/uploads\/2026\/04\/1000462934-1024x682.jpg\" alt=\"\" class=\"wp-image-41065\" srcset=\"https:\/\/infomatin-benin.com\/wp-content\/uploads\/2026\/04\/1000462934-1024x682.jpg 1024w, https:\/\/infomatin-benin.com\/wp-content\/uploads\/2026\/04\/1000462934-300x200.jpg 300w, https:\/\/infomatin-benin.com\/wp-content\/uploads\/2026\/04\/1000462934-768x512.jpg 768w, https:\/\/infomatin-benin.com\/wp-content\/uploads\/2026\/04\/1000462934-1536x1023.jpg 1536w, https:\/\/infomatin-benin.com\/wp-content\/uploads\/2026\/04\/1000462934.jpg 1600w\" sizes=\"auto, (max-width: 1024px) 100vw, 1024px\" \/><\/figure>\n\n\n\n<figure class=\"wp-block-image size-large\"><img loading=\"lazy\" decoding=\"async\" width=\"1024\" height=\"682\" data-id=\"41070\" src=\"https:\/\/infomatin-benin.com\/wp-content\/uploads\/2026\/04\/1000462936-1024x682.jpg\" alt=\"\" class=\"wp-image-41070\" srcset=\"https:\/\/infomatin-benin.com\/wp-content\/uploads\/2026\/04\/1000462936-1024x682.jpg 1024w, https:\/\/infomatin-benin.com\/wp-content\/uploads\/2026\/04\/1000462936-300x200.jpg 300w, https:\/\/infomatin-benin.com\/wp-content\/uploads\/2026\/04\/1000462936-768x512.jpg 768w, https:\/\/infomatin-benin.com\/wp-content\/uploads\/2026\/04\/1000462936-1536x1023.jpg 1536w, https:\/\/infomatin-benin.com\/wp-content\/uploads\/2026\/04\/1000462936.jpg 1600w\" sizes=\"auto, (max-width: 1024px) 100vw, 1024px\" \/><\/figure>\n\n\n\n<figure class=\"wp-block-image size-large\"><img loading=\"lazy\" decoding=\"async\" width=\"1024\" height=\"682\" data-id=\"41073\" src=\"https:\/\/infomatin-benin.com\/wp-content\/uploads\/2026\/04\/1000462938-1024x682.jpg\" alt=\"\" class=\"wp-image-41073\" srcset=\"https:\/\/infomatin-benin.com\/wp-content\/uploads\/2026\/04\/1000462938-1024x682.jpg 1024w, https:\/\/infomatin-benin.com\/wp-content\/uploads\/2026\/04\/1000462938-300x200.jpg 300w, https:\/\/infomatin-benin.com\/wp-content\/uploads\/2026\/04\/1000462938-768x512.jpg 768w, https:\/\/infomatin-benin.com\/wp-content\/uploads\/2026\/04\/1000462938-1536x1023.jpg 1536w, https:\/\/infomatin-benin.com\/wp-content\/uploads\/2026\/04\/1000462938.jpg 1600w\" sizes=\"auto, (max-width: 1024px) 100vw, 1024px\" \/><\/figure>\n\n\n\n<figure class=\"wp-block-image size-large\"><img loading=\"lazy\" decoding=\"async\" width=\"1024\" height=\"682\" data-id=\"41075\" src=\"https:\/\/infomatin-benin.com\/wp-content\/uploads\/2026\/04\/1000462932-1024x682.jpg\" alt=\"\" class=\"wp-image-41075\" srcset=\"https:\/\/infomatin-benin.com\/wp-content\/uploads\/2026\/04\/1000462932-1024x682.jpg 1024w, https:\/\/infomatin-benin.com\/wp-content\/uploads\/2026\/04\/1000462932-300x200.jpg 300w, https:\/\/infomatin-benin.com\/wp-content\/uploads\/2026\/04\/1000462932-768x512.jpg 768w, https:\/\/infomatin-benin.com\/wp-content\/uploads\/2026\/04\/1000462932-1536x1023.jpg 1536w, https:\/\/infomatin-benin.com\/wp-content\/uploads\/2026\/04\/1000462932.jpg 1600w\" sizes=\"auto, (max-width: 1024px) 100vw, 1024px\" \/><\/figure>\n<\/figure>\n","protected":false},"excerpt":{"rendered":"<p>La commune d\u2019Abomey-Calavi franchit une nouvelle \u00e9tape dans sa dynamique d\u2019ouverture \u00e0 l\u2019international. Le maire de la ville Nathana\u00ebl Koty a re\u00e7u, ce lundi, une d\u00e9l\u00e9gation de l\u2019association Nouvelle \u00c8re de l\u2019Enfant et de la Femme Africaine (NEEFA), lors d\u2019une s\u00e9ance de travail tenue en pr\u00e9sence des adjoints au maire ainsi que des pr\u00e9sidents de &hellip;<\/p>\n","protected":false},"author":2,"featured_media":41058,"comment_status":"open","ping_status":"open","sticky":false,"template":"","format":"standard","meta":{"footnotes":""},"categories":[2],"tags":[],"class_list":["post-41060","post","type-post","status-publish","format-standard","has-post-thumbnail","hentry","category-societe"],"yoast_head":"<!-- This site is optimized with the Yoast SEO plugin v26.3 - https:\/\/yoast.com\/wordpress\/plugins\/seo\/ -->\n<title>Coop\u00e9ration d\u00e9centralis\u00e9e : Abomey-Calavi s\u2019ouvre \u00e0 de nouveaux partenariats avec la Diaspora - infomatin<\/title>\n<meta name=\"robots\" content=\"index, follow, max-snippet:-1, max-image-preview:large, max-video-preview:-1\" \/>\n<link rel=\"canonical\" href=\"http:\/\/infomatin-benin.com\/infomatinvrai2\/2026\/04\/cooperation-decentralisee-abomey-calavi-souvre-a-de-nouveaux-partenariats-avec-la-diaspora\/\" \/>\n<meta property=\"og:locale\" content=\"fr_FR\" \/>\n<meta property=\"og:type\" content=\"article\" \/>\n<meta property=\"og:title\" content=\"Coop\u00e9ration d\u00e9centralis\u00e9e : Abomey-Calavi s\u2019ouvre \u00e0 de nouveaux partenariats avec la Diaspora - infomatin\" \/>\n<meta property=\"og:description\" content=\"La commune d\u2019Abomey-Calavi franchit une nouvelle \u00e9tape dans sa dynamique d\u2019ouverture \u00e0 l\u2019international. Le maire de la ville Nathana\u00ebl Koty a re\u00e7u, ce lundi, une d\u00e9l\u00e9gation de l\u2019association Nouvelle \u00c8re de l\u2019Enfant et de la Femme Africaine (NEEFA), lors d\u2019une s\u00e9ance de travail tenue en pr\u00e9sence des adjoints au maire ainsi que des pr\u00e9sidents de &hellip;\" \/>\n<meta property=\"og:url\" content=\"http:\/\/infomatin-benin.com\/infomatinvrai2\/2026\/04\/cooperation-decentralisee-abomey-calavi-souvre-a-de-nouveaux-partenariats-avec-la-diaspora\/\" \/>\n<meta property=\"og:site_name\" content=\"infomatin\" \/>\n<meta property=\"article:published_time\" content=\"2026-04-15T03:31:46+00:00\" \/>\n<meta property=\"og:image\" content=\"http:\/\/infomatin-benin.com\/wp-content\/uploads\/2026\/04\/IMG-20260415-WA0001.jpg\" \/>\n\t<meta property=\"og:image:width\" content=\"1600\" \/>\n\t<meta property=\"og:image:height\" content=\"1066\" \/>\n\t<meta property=\"og:image:type\" content=\"image\/jpeg\" \/>\n<meta name=\"author\" content=\"INFO MATIN\" \/>\n<meta name=\"twitter:card\" content=\"summary_large_image\" \/>\n<meta name=\"twitter:label1\" content=\"\u00c9crit par\" \/>\n\t<meta name=\"twitter:data1\" content=\"INFO MATIN\" \/>\n\t<meta name=\"twitter:label2\" content=\"Dur\u00e9e de lecture estim\u00e9e\" \/>\n\t<meta name=\"twitter:data2\" content=\"5 minutes\" \/>\n<script type=\"application\/ld+json\" class=\"yoast-schema-graph\">{\"@context\":\"https:\/\/schema.org\",\"@graph\":[{\"@type\":\"WebPage\",\"@id\":\"http:\/\/infomatin-benin.com\/infomatinvrai2\/2026\/04\/cooperation-decentralisee-abomey-calavi-souvre-a-de-nouveaux-partenariats-avec-la-diaspora\/\",\"url\":\"http:\/\/infomatin-benin.com\/infomatinvrai2\/2026\/04\/cooperation-decentralisee-abomey-calavi-souvre-a-de-nouveaux-partenariats-avec-la-diaspora\/\",\"name\":\"Coop\u00e9ration d\u00e9centralis\u00e9e : Abomey-Calavi s\u2019ouvre \u00e0 de nouveaux partenariats avec la Diaspora - infomatin\",\"isPartOf\":{\"@id\":\"https:\/\/infomatin-benin.com\/infomatinvrai2\/#website\"},\"primaryImageOfPage\":{\"@id\":\"http:\/\/infomatin-benin.com\/infomatinvrai2\/2026\/04\/cooperation-decentralisee-abomey-calavi-souvre-a-de-nouveaux-partenariats-avec-la-diaspora\/#primaryimage\"},\"image\":{\"@id\":\"http:\/\/infomatin-benin.com\/infomatinvrai2\/2026\/04\/cooperation-decentralisee-abomey-calavi-souvre-a-de-nouveaux-partenariats-avec-la-diaspora\/#primaryimage\"},\"thumbnailUrl\":\"https:\/\/infomatin-benin.com\/wp-content\/uploads\/2026\/04\/IMG-20260415-WA0001.jpg\",\"datePublished\":\"2026-04-15T03:31:46+00:00\",\"author\":{\"@id\":\"https:\/\/infomatin-benin.com\/infomatinvrai2\/#\/schema\/person\/6f847d9031293bab56c49b80b74bea0b\"},\"breadcrumb\":{\"@id\":\"http:\/\/infomatin-benin.com\/infomatinvrai2\/2026\/04\/cooperation-decentralisee-abomey-calavi-souvre-a-de-nouveaux-partenariats-avec-la-diaspora\/#breadcrumb\"},\"inLanguage\":\"fr-FR\",\"potentialAction\":[{\"@type\":\"ReadAction\",\"target\":[\"http:\/\/infomatin-benin.com\/infomatinvrai2\/2026\/04\/cooperation-decentralisee-abomey-calavi-souvre-a-de-nouveaux-partenariats-avec-la-diaspora\/\"]}]},{\"@type\":\"ImageObject\",\"inLanguage\":\"fr-FR\",\"@id\":\"http:\/\/infomatin-benin.com\/infomatinvrai2\/2026\/04\/cooperation-decentralisee-abomey-calavi-souvre-a-de-nouveaux-partenariats-avec-la-diaspora\/#primaryimage\",\"url\":\"https:\/\/infomatin-benin.com\/wp-content\/uploads\/2026\/04\/IMG-20260415-WA0001.jpg\",\"contentUrl\":\"https:\/\/infomatin-benin.com\/wp-content\/uploads\/2026\/04\/IMG-20260415-WA0001.jpg\",\"width\":1600,\"height\":1066},{\"@type\":\"BreadcrumbList\",\"@id\":\"http:\/\/infomatin-benin.com\/infomatinvrai2\/2026\/04\/cooperation-decentralisee-abomey-calavi-souvre-a-de-nouveaux-partenariats-avec-la-diaspora\/#breadcrumb\",\"itemListElement\":[{\"@type\":\"ListItem\",\"position\":1,\"name\":\"Accueil\",\"item\":\"https:\/\/infomatin-benin.com\/infomatinvrai2\/\"},{\"@type\":\"ListItem\",\"position\":2,\"name\":\"Coop\u00e9ration d\u00e9centralis\u00e9e : Abomey-Calavi s\u2019ouvre \u00e0 de nouveaux partenariats avec la Diaspora\"}]},{\"@type\":\"WebSite\",\"@id\":\"https:\/\/infomatin-benin.com\/infomatinvrai2\/#website\",\"url\":\"https:\/\/infomatin-benin.com\/infomatinvrai2\/\",\"name\":\"infomatin\",\"description\":\"Informer, notre m\u00e9tier\",\"potentialAction\":[{\"@type\":\"SearchAction\",\"target\":{\"@type\":\"EntryPoint\",\"urlTemplate\":\"https:\/\/infomatin-benin.com\/infomatinvrai2\/?s={search_term_string}\"},\"query-input\":{\"@type\":\"PropertyValueSpecification\",\"valueRequired\":true,\"valueName\":\"search_term_string\"}}],\"inLanguage\":\"fr-FR\"},{\"@type\":\"Person\",\"@id\":\"https:\/\/infomatin-benin.com\/infomatinvrai2\/#\/schema\/person\/6f847d9031293bab56c49b80b74bea0b\",\"name\":\"INFO MATIN\",\"image\":{\"@type\":\"ImageObject\",\"inLanguage\":\"fr-FR\",\"@id\":\"https:\/\/infomatin-benin.com\/infomatinvrai2\/#\/schema\/person\/image\/\",\"url\":\"https:\/\/secure.gravatar.com\/avatar\/2820a6de81a9d99fdb43e52acf2e17b10644be831bebe6d0c25e0e56ee49393f?s=96&d=mm&r=g\",\"contentUrl\":\"https:\/\/secure.gravatar.com\/avatar\/2820a6de81a9d99fdb43e52acf2e17b10644be831bebe6d0c25e0e56ee49393f?s=96&d=mm&r=g\",\"caption\":\"INFO MATIN\"},\"url\":\"https:\/\/infomatin-benin.com\/infomatinvrai2\/author\/ramatou\/\"}]}<\/script>\n<!-- \/ Yoast SEO plugin. -->","yoast_head_json":{"title":"Coop\u00e9ration d\u00e9centralis\u00e9e : Abomey-Calavi s\u2019ouvre \u00e0 de nouveaux partenariats avec la Diaspora - infomatin","robots":{"index":"index","follow":"follow","max-snippet":"max-snippet:-1","max-image-preview":"max-image-preview:large","max-video-preview":"max-video-preview:-1"},"canonical":"http:\/\/infomatin-benin.com\/infomatinvrai2\/2026\/04\/cooperation-decentralisee-abomey-calavi-souvre-a-de-nouveaux-partenariats-avec-la-diaspora\/","og_locale":"fr_FR","og_type":"article","og_title":"Coop\u00e9ration d\u00e9centralis\u00e9e : Abomey-Calavi s\u2019ouvre \u00e0 de nouveaux partenariats avec la Diaspora - infomatin","og_description":"La commune d\u2019Abomey-Calavi franchit une nouvelle \u00e9tape dans sa dynamique d\u2019ouverture \u00e0 l\u2019international. Le maire de la ville Nathana\u00ebl Koty a re\u00e7u, ce lundi, une d\u00e9l\u00e9gation de l\u2019association Nouvelle \u00c8re de l\u2019Enfant et de la Femme Africaine (NEEFA), lors d\u2019une s\u00e9ance de travail tenue en pr\u00e9sence des adjoints au maire ainsi que des pr\u00e9sidents de &hellip;","og_url":"http:\/\/infomatin-benin.com\/infomatinvrai2\/2026\/04\/cooperation-decentralisee-abomey-calavi-souvre-a-de-nouveaux-partenariats-avec-la-diaspora\/","og_site_name":"infomatin","article_published_time":"2026-04-15T03:31:46+00:00","og_image":[{"width":1600,"height":1066,"url":"http:\/\/infomatin-benin.com\/wp-content\/uploads\/2026\/04\/IMG-20260415-WA0001.jpg","type":"image\/jpeg"}],"author":"INFO MATIN","twitter_card":"summary_large_image","twitter_misc":{"\u00c9crit par":"INFO MATIN","Dur\u00e9e de lecture estim\u00e9e":"5 minutes"},"schema":{"@context":"https:\/\/schema.org","@graph":[{"@type":"WebPage","@id":"http:\/\/infomatin-benin.com\/infomatinvrai2\/2026\/04\/cooperation-decentralisee-abomey-calavi-souvre-a-de-nouveaux-partenariats-avec-la-diaspora\/","url":"http:\/\/infomatin-benin.com\/infomatinvrai2\/2026\/04\/cooperation-decentralisee-abomey-calavi-souvre-a-de-nouveaux-partenariats-avec-la-diaspora\/","name":"Coop\u00e9ration d\u00e9centralis\u00e9e : Abomey-Calavi s\u2019ouvre \u00e0 de nouveaux partenariats avec la Diaspora - infomatin","isPartOf":{"@id":"https:\/\/infomatin-benin.com\/infomatinvrai2\/#website"},"primaryImageOfPage":{"@id":"http:\/\/infomatin-benin.com\/infomatinvrai2\/2026\/04\/cooperation-decentralisee-abomey-calavi-souvre-a-de-nouveaux-partenariats-avec-la-diaspora\/#primaryimage"},"image":{"@id":"http:\/\/infomatin-benin.com\/infomatinvrai2\/2026\/04\/cooperation-decentralisee-abomey-calavi-souvre-a-de-nouveaux-partenariats-avec-la-diaspora\/#primaryimage"},"thumbnailUrl":"https:\/\/infomatin-benin.com\/wp-content\/uploads\/2026\/04\/IMG-20260415-WA0001.jpg","datePublished":"2026-04-15T03:31:46+00:00","author":{"@id":"https:\/\/infomatin-benin.com\/infomatinvrai2\/#\/schema\/person\/6f847d9031293bab56c49b80b74bea0b"},"breadcrumb":{"@id":"http:\/\/infomatin-benin.com\/infomatinvrai2\/2026\/04\/cooperation-decentralisee-abomey-calavi-souvre-a-de-nouveaux-partenariats-avec-la-diaspora\/#breadcrumb"},"inLanguage":"fr-FR","potentialAction":[{"@type":"ReadAction","target":["http:\/\/infomatin-benin.com\/infomatinvrai2\/2026\/04\/cooperation-decentralisee-abomey-calavi-souvre-a-de-nouveaux-partenariats-avec-la-diaspora\/"]}]},{"@type":"ImageObject","inLanguage":"fr-FR","@id":"http:\/\/infomatin-benin.com\/infomatinvrai2\/2026\/04\/cooperation-decentralisee-abomey-calavi-souvre-a-de-nouveaux-partenariats-avec-la-diaspora\/#primaryimage","url":"https:\/\/infomatin-benin.com\/wp-content\/uploads\/2026\/04\/IMG-20260415-WA0001.jpg","contentUrl":"https:\/\/infomatin-benin.com\/wp-content\/uploads\/2026\/04\/IMG-20260415-WA0001.jpg","width":1600,"height":1066},{"@type":"BreadcrumbList","@id":"http:\/\/infomatin-benin.com\/infomatinvrai2\/2026\/04\/cooperation-decentralisee-abomey-calavi-souvre-a-de-nouveaux-partenariats-avec-la-diaspora\/#breadcrumb","itemListElement":[{"@type":"ListItem","position":1,"name":"Accueil","item":"https:\/\/infomatin-benin.com\/infomatinvrai2\/"},{"@type":"ListItem","position":2,"name":"Coop\u00e9ration d\u00e9centralis\u00e9e : Abomey-Calavi s\u2019ouvre \u00e0 de nouveaux partenariats avec la Diaspora"}]},{"@type":"WebSite","@id":"https:\/\/infomatin-benin.com\/infomatinvrai2\/#website","url":"https:\/\/infomatin-benin.com\/infomatinvrai2\/","name":"infomatin","description":"Informer, notre m\u00e9tier","potentialAction":[{"@type":"SearchAction","target":{"@type":"EntryPoint","urlTemplate":"https:\/\/infomatin-benin.com\/infomatinvrai2\/?s={search_term_string}"},"query-input":{"@type":"PropertyValueSpecification","valueRequired":true,"valueName":"search_term_string"}}],"inLanguage":"fr-FR"},{"@type":"Person","@id":"https:\/\/infomatin-benin.com\/infomatinvrai2\/#\/schema\/person\/6f847d9031293bab56c49b80b74bea0b","name":"INFO MATIN","image":{"@type":"ImageObject","inLanguage":"fr-FR","@id":"https:\/\/infomatin-benin.com\/infomatinvrai2\/#\/schema\/person\/image\/","url":"https:\/\/secure.gravatar.com\/avatar\/2820a6de81a9d99fdb43e52acf2e17b10644be831bebe6d0c25e0e56ee49393f?s=96&d=mm&r=g","contentUrl":"https:\/\/secure.gravatar.com\/avatar\/2820a6de81a9d99fdb43e52acf2e17b10644be831bebe6d0c25e0e56ee49393f?s=96&d=mm&r=g","caption":"INFO MATIN"},"url":"https:\/\/infomatin-benin.com\/infomatinvrai2\/author\/ramatou\/"}]}},"_links":{"self":[{"href":"https:\/\/infomatin-benin.com\/infomatinvrai2\/wp-json\/wp\/v2\/posts\/41060","targetHints":{"allow":["GET"]}}],"collection":[{"href":"https:\/\/infomatin-benin.com\/infomatinvrai2\/wp-json\/wp\/v2\/posts"}],"about":[{"href":"https:\/\/infomatin-benin.com\/infomatinvrai2\/wp-json\/wp\/v2\/types\/post"}],"author":[{"embeddable":true,"href":"https:\/\/infomatin-benin.com\/infomatinvrai2\/wp-json\/wp\/v2\/users\/2"}],"replies":[{"embeddable":true,"href":"https:\/\/infomatin-benin.com\/infomatinvrai2\/wp-json\/wp\/v2\/comments?post=41060"}],"version-history":[{"count":1,"href":"https:\/\/infomatin-benin.com\/infomatinvrai2\/wp-json\/wp\/v2\/posts\/41060\/revisions"}],"predecessor-version":[{"id":41076,"href":"https:\/\/infomatin-benin.com\/infomatinvrai2\/wp-json\/wp\/v2\/posts\/41060\/revisions\/41076"}],"wp:featuredmedia":[{"embeddable":true,"href":"https:\/\/infomatin-benin.com\/infomatinvrai2\/wp-json\/wp\/v2\/media\/41058"}],"wp:attachment":[{"href":"https:\/\/infomatin-benin.com\/infomatinvrai2\/wp-json\/wp\/v2\/media?parent=41060"}],"wp:term":[{"taxonomy":"category","embeddable":true,"href":"https:\/\/infomatin-benin.com\/infomatinvrai2\/wp-json\/wp\/v2\/categories?post=41060"},{"taxonomy":"post_tag","embeddable":true,"href":"https:\/\/infomatin-benin.com\/infomatinvrai2\/wp-json\/wp\/v2\/tags?post=41060"}],"curies":[{"name":"wp","href":"https:\/\/api.w.org\/{rel}","templated":true}]}}