{"id":41036,"date":"2026-04-11T00:57:48","date_gmt":"2026-04-10T22:57:48","guid":{"rendered":"https:\/\/infomatin-benin.com\/infomatinvrai2\/?p=41036"},"modified":"2026-04-11T00:57:49","modified_gmt":"2026-04-10T22:57:49","slug":"benin-presidentielle-2026-mobilisation-de-terrain-a-fort-impact-dans-latlantique","status":"publish","type":"post","link":"https:\/\/infomatin-benin.com\/infomatinvrai2\/2026\/04\/benin-presidentielle-2026-mobilisation-de-terrain-a-fort-impact-dans-latlantique\/","title":{"rendered":"B\u00e9nin \/ Pr\u00e9sidentielle 2026 : Mobilisation de terrain \u00e0 fort impact dans l\u2019Atlantique"},"content":{"rendered":"\n<p>\u00c0 deux jours du scrutin pr\u00e9sidentiel du 12 avril 2026, la ferveur \u00e9lectorale monte d\u2019un cran dans le d\u00e9partement de l\u2019Atlantique. Le Cercle d\u2019Action des Enseignants Engag\u00e9s pour la Victoire (CAEV) du duo Wadagni\u2013Talata a marqu\u00e9 les esprits ce vendredi 10 avril avec une caravane de sensibilisation d\u2019envergure, reliant plusieurs communes strat\u00e9giques, dont Abomey-Calavi et Z\u00e8.<\/p>\n\n\n\n<p><strong>Une d\u00e9monstration de force sur le terrain<\/strong><\/p>\n\n\n\n<p>Partis du carrefour K\u00e9r\u00e9kou, les enseignants mobilis\u00e9s ont sillonn\u00e9 un itin\u00e9raire dense et symbolique : Golo-Djigb\u00e9, Z\u00e8 Plaque, le march\u00e9 de Z\u00e8 Centre, S\u00e8dj\u00e8-D\u00e9nou, Kpanroun, Zinvi\u00e9, Agassa-Godomey et Akassato Centre, avant de revenir \u00e0 leur point de d\u00e9part. \u00c0 chaque \u00e9tape, klaxons, banderoles, chants et messages de sensibilisation ont rythm\u00e9 le passage de la caravane, attirant une foule curieuse et souvent acquise \u00e0 la cause d\u00e9fendue.Sous la conduite du coordonnateur d\u00e9partemental, Isidore Vidogbenan, cette initiative s\u2019inscrit dans une strat\u00e9gie de proximit\u00e9 visant \u00e0 toucher directement les \u00e9lecteurs, notamment les jeunes, les apprenants et les primo-votants.<\/p>\n\n\n\n<p><strong>Un engouement populaire visible<\/strong><\/p>\n\n\n\n<p>Tout au long du parcours, les populations sont sorties massivement pour accueillir les caravaniers. Des sc\u00e8nes d\u2019enthousiasme, parfois spontan\u00e9es, ont \u00e9t\u00e9 observ\u00e9es, traduisant une adh\u00e9sion grandissante aux messages port\u00e9s par les enseignants engag\u00e9s.\u00ab Nous sommes venus rappeler l\u2019importance du vote et inviter chacun \u00e0 faire un choix responsable \u00bb, a confi\u00e9 le Coordonnateur D\u00e9partemental CAEV. Pour les organisateurs, cette mobilisation t\u00e9moigne d\u2019une dynamique favorable et d\u2019un climat de confiance \u00e0 l\u2019approche du scrutin.<\/p>\n\n\n\n<p><strong>Sensibiliser au-del\u00e0 de la politique<\/strong><\/p>\n\n\n\n<p>Au-del\u00e0 de l\u2019aspect d\u00e9monstratif, la caravane a surtout servi de plateforme d\u2019\u00e9changes. Les enseignants ont multipli\u00e9 les discussions de proximit\u00e9 pour convaincre les ind\u00e9cis, insister sur le devoir civique et encourager une participation massive le jour du vote.Le message est clair : faire des \u00e9lections un moment d\u2019expression d\u00e9mocratique forte, dans la paix et la responsabilit\u00e9.<\/p>\n\n\n\n<p><strong>Une derni\u00e8re ligne droite d\u00e9cisive<\/strong><\/p>\n\n\n\n<figure class=\"wp-block-gallery has-nested-images columns-default is-cropped wp-block-gallery-1 is-layout-flex wp-block-gallery-is-layout-flex\">\n<figure class=\"wp-block-image size-large\"><img loading=\"lazy\" decoding=\"async\" width=\"1000\" height=\"563\" data-id=\"41041\" src=\"https:\/\/infomatin-benin.com\/wp-content\/uploads\/2026\/04\/1000443654.jpg\" alt=\"\" class=\"wp-image-41041\" srcset=\"https:\/\/infomatin-benin.com\/wp-content\/uploads\/2026\/04\/1000443654.jpg 1000w, https:\/\/infomatin-benin.com\/wp-content\/uploads\/2026\/04\/1000443654-300x169.jpg 300w, https:\/\/infomatin-benin.com\/wp-content\/uploads\/2026\/04\/1000443654-768x432.jpg 768w, https:\/\/infomatin-benin.com\/wp-content\/uploads\/2026\/04\/1000443654-390x220.jpg 390w\" sizes=\"auto, (max-width: 1000px) 100vw, 1000px\" \/><\/figure>\n\n\n\n<figure class=\"wp-block-image size-large\"><img loading=\"lazy\" decoding=\"async\" width=\"1000\" height=\"563\" data-id=\"41037\" src=\"https:\/\/infomatin-benin.com\/wp-content\/uploads\/2026\/04\/1000443610.jpg\" alt=\"\" class=\"wp-image-41037\" srcset=\"https:\/\/infomatin-benin.com\/wp-content\/uploads\/2026\/04\/1000443610.jpg 1000w, https:\/\/infomatin-benin.com\/wp-content\/uploads\/2026\/04\/1000443610-300x169.jpg 300w, https:\/\/infomatin-benin.com\/wp-content\/uploads\/2026\/04\/1000443610-768x432.jpg 768w, https:\/\/infomatin-benin.com\/wp-content\/uploads\/2026\/04\/1000443610-390x220.jpg 390w\" sizes=\"auto, (max-width: 1000px) 100vw, 1000px\" \/><\/figure>\n\n\n\n<figure class=\"wp-block-image size-large\"><img loading=\"lazy\" decoding=\"async\" width=\"1000\" height=\"563\" data-id=\"41038\" src=\"https:\/\/infomatin-benin.com\/wp-content\/uploads\/2026\/04\/1000443607.jpg\" alt=\"\" class=\"wp-image-41038\" srcset=\"https:\/\/infomatin-benin.com\/wp-content\/uploads\/2026\/04\/1000443607.jpg 1000w, https:\/\/infomatin-benin.com\/wp-content\/uploads\/2026\/04\/1000443607-300x169.jpg 300w, https:\/\/infomatin-benin.com\/wp-content\/uploads\/2026\/04\/1000443607-768x432.jpg 768w, https:\/\/infomatin-benin.com\/wp-content\/uploads\/2026\/04\/1000443607-390x220.jpg 390w\" sizes=\"auto, (max-width: 1000px) 100vw, 1000px\" \/><\/figure>\n\n\n\n<figure class=\"wp-block-image size-large\"><img loading=\"lazy\" decoding=\"async\" width=\"1024\" height=\"768\" data-id=\"41042\" src=\"https:\/\/infomatin-benin.com\/wp-content\/uploads\/2026\/04\/1000443601-1024x768.jpg\" alt=\"\" class=\"wp-image-41042\" srcset=\"https:\/\/infomatin-benin.com\/wp-content\/uploads\/2026\/04\/1000443601-1024x768.jpg 1024w, https:\/\/infomatin-benin.com\/wp-content\/uploads\/2026\/04\/1000443601-300x225.jpg 300w, https:\/\/infomatin-benin.com\/wp-content\/uploads\/2026\/04\/1000443601-768x576.jpg 768w, https:\/\/infomatin-benin.com\/wp-content\/uploads\/2026\/04\/1000443601.jpg 1040w\" sizes=\"auto, (max-width: 1024px) 100vw, 1024px\" \/><\/figure>\n\n\n\n<figure class=\"wp-block-image size-large\"><img loading=\"lazy\" decoding=\"async\" width=\"1000\" height=\"563\" data-id=\"41039\" src=\"https:\/\/infomatin-benin.com\/wp-content\/uploads\/2026\/04\/1000443615.jpg\" alt=\"\" class=\"wp-image-41039\" srcset=\"https:\/\/infomatin-benin.com\/wp-content\/uploads\/2026\/04\/1000443615.jpg 1000w, https:\/\/infomatin-benin.com\/wp-content\/uploads\/2026\/04\/1000443615-300x169.jpg 300w, https:\/\/infomatin-benin.com\/wp-content\/uploads\/2026\/04\/1000443615-768x432.jpg 768w, https:\/\/infomatin-benin.com\/wp-content\/uploads\/2026\/04\/1000443615-390x220.jpg 390w\" sizes=\"auto, (max-width: 1000px) 100vw, 1000px\" \/><\/figure>\n\n\n\n<figure class=\"wp-block-image size-large\"><img loading=\"lazy\" decoding=\"async\" width=\"1000\" height=\"360\" data-id=\"41040\" src=\"https:\/\/infomatin-benin.com\/wp-content\/uploads\/2026\/04\/1000443604.jpg\" alt=\"\" class=\"wp-image-41040\" srcset=\"https:\/\/infomatin-benin.com\/wp-content\/uploads\/2026\/04\/1000443604.jpg 1000w, https:\/\/infomatin-benin.com\/wp-content\/uploads\/2026\/04\/1000443604-300x108.jpg 300w, https:\/\/infomatin-benin.com\/wp-content\/uploads\/2026\/04\/1000443604-768x276.jpg 768w\" sizes=\"auto, (max-width: 1000px) 100vw, 1000px\" \/><\/figure>\n<\/figure>\n\n\n\n<p>Apr\u00e8s des actions d\u00e9j\u00e0 remarqu\u00e9es \u00e0 Allada, Tori-Bossito et Abomey-Calavi, le CAEV Atlantique confirme ainsi son engagement total dans la campagne. \u00c0 l\u2019approche de l\u2019\u00e9ch\u00e9ance \u00e9lectorale, les initiatives de terrain se multiplient, traduisant l\u2019intensit\u00e9 d\u2019une campagne qui atteint son apog\u00e9e.Dans un contexte de forte mobilisation citoyenne, cette caravane appara\u00eet comme un signal fort : celui d\u2019un \u00e9lectorat courtis\u00e9 jusqu\u2019au dernier moment, o\u00f9 chaque voix compte.Rendez-vous est d\u00e9sormais pris pour le 12 avril, jour d\u00e9cisif o\u00f9 les \u00e9lecteurs b\u00e9ninois auront \u00e0 faire entendre leur voix dans les urnes.Pour la section Atlantique du CAEV, le choix id\u00e9al pour les uns et les autres est bien celui du duo WADAGNI &#8211; TALATA.<\/p>\n\n\n\n<p>Christophe Agon<\/p>\n","protected":false},"excerpt":{"rendered":"<p>\u00c0 deux jours du scrutin pr\u00e9sidentiel du 12 avril 2026, la ferveur \u00e9lectorale monte d\u2019un cran dans le d\u00e9partement de l\u2019Atlantique. Le Cercle d\u2019Action des Enseignants Engag\u00e9s pour la Victoire (CAEV) du duo Wadagni\u2013Talata a marqu\u00e9 les esprits ce vendredi 10 avril avec une caravane de sensibilisation d\u2019envergure, reliant plusieurs communes strat\u00e9giques, dont Abomey-Calavi et &hellip;<\/p>\n","protected":false},"author":2,"featured_media":41035,"comment_status":"open","ping_status":"open","sticky":false,"template":"","format":"standard","meta":{"footnotes":""},"categories":[33],"tags":[],"class_list":["post-41036","post","type-post","status-publish","format-standard","has-post-thumbnail","hentry","category-politique"],"yoast_head":"<!-- This site is optimized with the Yoast SEO plugin v26.3 - https:\/\/yoast.com\/wordpress\/plugins\/seo\/ -->\n<title>B\u00e9nin \/ Pr\u00e9sidentielle 2026 : Mobilisation de terrain \u00e0 fort impact dans l\u2019Atlantique - infomatin<\/title>\n<meta name=\"robots\" content=\"index, follow, max-snippet:-1, max-image-preview:large, max-video-preview:-1\" \/>\n<link rel=\"canonical\" href=\"https:\/\/infomatin-benin.com\/infomatinvrai2\/2026\/04\/benin-presidentielle-2026-mobilisation-de-terrain-a-fort-impact-dans-latlantique\/\" \/>\n<meta property=\"og:locale\" content=\"fr_FR\" \/>\n<meta property=\"og:type\" content=\"article\" \/>\n<meta property=\"og:title\" content=\"B\u00e9nin \/ Pr\u00e9sidentielle 2026 : Mobilisation de terrain \u00e0 fort impact dans l\u2019Atlantique - infomatin\" \/>\n<meta property=\"og:description\" content=\"\u00c0 deux jours du scrutin pr\u00e9sidentiel du 12 avril 2026, la ferveur \u00e9lectorale monte d\u2019un cran dans le d\u00e9partement de l\u2019Atlantique. Le Cercle d\u2019Action des Enseignants Engag\u00e9s pour la Victoire (CAEV) du duo Wadagni\u2013Talata a marqu\u00e9 les esprits ce vendredi 10 avril avec une caravane de sensibilisation d\u2019envergure, reliant plusieurs communes strat\u00e9giques, dont Abomey-Calavi et &hellip;\" \/>\n<meta property=\"og:url\" content=\"https:\/\/infomatin-benin.com\/infomatinvrai2\/2026\/04\/benin-presidentielle-2026-mobilisation-de-terrain-a-fort-impact-dans-latlantique\/\" \/>\n<meta property=\"og:site_name\" content=\"infomatin\" \/>\n<meta property=\"article:published_time\" content=\"2026-04-10T22:57:48+00:00\" \/>\n<meta property=\"article:modified_time\" content=\"2026-04-10T22:57:49+00:00\" \/>\n<meta property=\"og:image\" content=\"https:\/\/infomatin-benin.com\/wp-content\/uploads\/2026\/04\/IMG-20260410-WA0299.jpg\" \/>\n\t<meta property=\"og:image:width\" content=\"1040\" \/>\n\t<meta property=\"og:image:height\" content=\"780\" \/>\n\t<meta property=\"og:image:type\" content=\"image\/jpeg\" \/>\n<meta name=\"author\" content=\"INFO MATIN\" \/>\n<meta name=\"twitter:card\" content=\"summary_large_image\" \/>\n<meta name=\"twitter:label1\" content=\"\u00c9crit par\" \/>\n\t<meta name=\"twitter:data1\" content=\"INFO MATIN\" \/>\n\t<meta name=\"twitter:label2\" content=\"Dur\u00e9e de lecture estim\u00e9e\" \/>\n\t<meta name=\"twitter:data2\" content=\"4 minutes\" \/>\n<script type=\"application\/ld+json\" class=\"yoast-schema-graph\">{\"@context\":\"https:\/\/schema.org\",\"@graph\":[{\"@type\":\"WebPage\",\"@id\":\"https:\/\/infomatin-benin.com\/infomatinvrai2\/2026\/04\/benin-presidentielle-2026-mobilisation-de-terrain-a-fort-impact-dans-latlantique\/\",\"url\":\"https:\/\/infomatin-benin.com\/infomatinvrai2\/2026\/04\/benin-presidentielle-2026-mobilisation-de-terrain-a-fort-impact-dans-latlantique\/\",\"name\":\"B\u00e9nin \/ Pr\u00e9sidentielle 2026 : Mobilisation de terrain \u00e0 fort impact dans l\u2019Atlantique - infomatin\",\"isPartOf\":{\"@id\":\"https:\/\/infomatin-benin.com\/infomatinvrai2\/#website\"},\"primaryImageOfPage\":{\"@id\":\"https:\/\/infomatin-benin.com\/infomatinvrai2\/2026\/04\/benin-presidentielle-2026-mobilisation-de-terrain-a-fort-impact-dans-latlantique\/#primaryimage\"},\"image\":{\"@id\":\"https:\/\/infomatin-benin.com\/infomatinvrai2\/2026\/04\/benin-presidentielle-2026-mobilisation-de-terrain-a-fort-impact-dans-latlantique\/#primaryimage\"},\"thumbnailUrl\":\"https:\/\/infomatin-benin.com\/wp-content\/uploads\/2026\/04\/IMG-20260410-WA0299.jpg\",\"datePublished\":\"2026-04-10T22:57:48+00:00\",\"dateModified\":\"2026-04-10T22:57:49+00:00\",\"author\":{\"@id\":\"https:\/\/infomatin-benin.com\/infomatinvrai2\/#\/schema\/person\/6f847d9031293bab56c49b80b74bea0b\"},\"breadcrumb\":{\"@id\":\"https:\/\/infomatin-benin.com\/infomatinvrai2\/2026\/04\/benin-presidentielle-2026-mobilisation-de-terrain-a-fort-impact-dans-latlantique\/#breadcrumb\"},\"inLanguage\":\"fr-FR\",\"potentialAction\":[{\"@type\":\"ReadAction\",\"target\":[\"https:\/\/infomatin-benin.com\/infomatinvrai2\/2026\/04\/benin-presidentielle-2026-mobilisation-de-terrain-a-fort-impact-dans-latlantique\/\"]}]},{\"@type\":\"ImageObject\",\"inLanguage\":\"fr-FR\",\"@id\":\"https:\/\/infomatin-benin.com\/infomatinvrai2\/2026\/04\/benin-presidentielle-2026-mobilisation-de-terrain-a-fort-impact-dans-latlantique\/#primaryimage\",\"url\":\"https:\/\/infomatin-benin.com\/wp-content\/uploads\/2026\/04\/IMG-20260410-WA0299.jpg\",\"contentUrl\":\"https:\/\/infomatin-benin.com\/wp-content\/uploads\/2026\/04\/IMG-20260410-WA0299.jpg\",\"width\":1040,\"height\":780},{\"@type\":\"BreadcrumbList\",\"@id\":\"https:\/\/infomatin-benin.com\/infomatinvrai2\/2026\/04\/benin-presidentielle-2026-mobilisation-de-terrain-a-fort-impact-dans-latlantique\/#breadcrumb\",\"itemListElement\":[{\"@type\":\"ListItem\",\"position\":1,\"name\":\"Accueil\",\"item\":\"https:\/\/infomatin-benin.com\/infomatinvrai2\/\"},{\"@type\":\"ListItem\",\"position\":2,\"name\":\"B\u00e9nin \/ Pr\u00e9sidentielle 2026 : Mobilisation de terrain \u00e0 fort impact dans l\u2019Atlantique\"}]},{\"@type\":\"WebSite\",\"@id\":\"https:\/\/infomatin-benin.com\/infomatinvrai2\/#website\",\"url\":\"https:\/\/infomatin-benin.com\/infomatinvrai2\/\",\"name\":\"infomatin\",\"description\":\"Informer, notre m\u00e9tier\",\"potentialAction\":[{\"@type\":\"SearchAction\",\"target\":{\"@type\":\"EntryPoint\",\"urlTemplate\":\"https:\/\/infomatin-benin.com\/infomatinvrai2\/?s={search_term_string}\"},\"query-input\":{\"@type\":\"PropertyValueSpecification\",\"valueRequired\":true,\"valueName\":\"search_term_string\"}}],\"inLanguage\":\"fr-FR\"},{\"@type\":\"Person\",\"@id\":\"https:\/\/infomatin-benin.com\/infomatinvrai2\/#\/schema\/person\/6f847d9031293bab56c49b80b74bea0b\",\"name\":\"INFO MATIN\",\"image\":{\"@type\":\"ImageObject\",\"inLanguage\":\"fr-FR\",\"@id\":\"https:\/\/infomatin-benin.com\/infomatinvrai2\/#\/schema\/person\/image\/\",\"url\":\"https:\/\/secure.gravatar.com\/avatar\/2820a6de81a9d99fdb43e52acf2e17b10644be831bebe6d0c25e0e56ee49393f?s=96&d=mm&r=g\",\"contentUrl\":\"https:\/\/secure.gravatar.com\/avatar\/2820a6de81a9d99fdb43e52acf2e17b10644be831bebe6d0c25e0e56ee49393f?s=96&d=mm&r=g\",\"caption\":\"INFO MATIN\"},\"url\":\"https:\/\/infomatin-benin.com\/infomatinvrai2\/author\/ramatou\/\"}]}<\/script>\n<!-- \/ Yoast SEO plugin. -->","yoast_head_json":{"title":"B\u00e9nin \/ Pr\u00e9sidentielle 2026 : Mobilisation de terrain \u00e0 fort impact dans l\u2019Atlantique - infomatin","robots":{"index":"index","follow":"follow","max-snippet":"max-snippet:-1","max-image-preview":"max-image-preview:large","max-video-preview":"max-video-preview:-1"},"canonical":"https:\/\/infomatin-benin.com\/infomatinvrai2\/2026\/04\/benin-presidentielle-2026-mobilisation-de-terrain-a-fort-impact-dans-latlantique\/","og_locale":"fr_FR","og_type":"article","og_title":"B\u00e9nin \/ Pr\u00e9sidentielle 2026 : Mobilisation de terrain \u00e0 fort impact dans l\u2019Atlantique - infomatin","og_description":"\u00c0 deux jours du scrutin pr\u00e9sidentiel du 12 avril 2026, la ferveur \u00e9lectorale monte d\u2019un cran dans le d\u00e9partement de l\u2019Atlantique. Le Cercle d\u2019Action des Enseignants Engag\u00e9s pour la Victoire (CAEV) du duo Wadagni\u2013Talata a marqu\u00e9 les esprits ce vendredi 10 avril avec une caravane de sensibilisation d\u2019envergure, reliant plusieurs communes strat\u00e9giques, dont Abomey-Calavi et &hellip;","og_url":"https:\/\/infomatin-benin.com\/infomatinvrai2\/2026\/04\/benin-presidentielle-2026-mobilisation-de-terrain-a-fort-impact-dans-latlantique\/","og_site_name":"infomatin","article_published_time":"2026-04-10T22:57:48+00:00","article_modified_time":"2026-04-10T22:57:49+00:00","og_image":[{"width":1040,"height":780,"url":"https:\/\/infomatin-benin.com\/wp-content\/uploads\/2026\/04\/IMG-20260410-WA0299.jpg","type":"image\/jpeg"}],"author":"INFO MATIN","twitter_card":"summary_large_image","twitter_misc":{"\u00c9crit par":"INFO MATIN","Dur\u00e9e de lecture estim\u00e9e":"4 minutes"},"schema":{"@context":"https:\/\/schema.org","@graph":[{"@type":"WebPage","@id":"https:\/\/infomatin-benin.com\/infomatinvrai2\/2026\/04\/benin-presidentielle-2026-mobilisation-de-terrain-a-fort-impact-dans-latlantique\/","url":"https:\/\/infomatin-benin.com\/infomatinvrai2\/2026\/04\/benin-presidentielle-2026-mobilisation-de-terrain-a-fort-impact-dans-latlantique\/","name":"B\u00e9nin \/ Pr\u00e9sidentielle 2026 : Mobilisation de terrain \u00e0 fort impact dans l\u2019Atlantique - infomatin","isPartOf":{"@id":"https:\/\/infomatin-benin.com\/infomatinvrai2\/#website"},"primaryImageOfPage":{"@id":"https:\/\/infomatin-benin.com\/infomatinvrai2\/2026\/04\/benin-presidentielle-2026-mobilisation-de-terrain-a-fort-impact-dans-latlantique\/#primaryimage"},"image":{"@id":"https:\/\/infomatin-benin.com\/infomatinvrai2\/2026\/04\/benin-presidentielle-2026-mobilisation-de-terrain-a-fort-impact-dans-latlantique\/#primaryimage"},"thumbnailUrl":"https:\/\/infomatin-benin.com\/wp-content\/uploads\/2026\/04\/IMG-20260410-WA0299.jpg","datePublished":"2026-04-10T22:57:48+00:00","dateModified":"2026-04-10T22:57:49+00:00","author":{"@id":"https:\/\/infomatin-benin.com\/infomatinvrai2\/#\/schema\/person\/6f847d9031293bab56c49b80b74bea0b"},"breadcrumb":{"@id":"https:\/\/infomatin-benin.com\/infomatinvrai2\/2026\/04\/benin-presidentielle-2026-mobilisation-de-terrain-a-fort-impact-dans-latlantique\/#breadcrumb"},"inLanguage":"fr-FR","potentialAction":[{"@type":"ReadAction","target":["https:\/\/infomatin-benin.com\/infomatinvrai2\/2026\/04\/benin-presidentielle-2026-mobilisation-de-terrain-a-fort-impact-dans-latlantique\/"]}]},{"@type":"ImageObject","inLanguage":"fr-FR","@id":"https:\/\/infomatin-benin.com\/infomatinvrai2\/2026\/04\/benin-presidentielle-2026-mobilisation-de-terrain-a-fort-impact-dans-latlantique\/#primaryimage","url":"https:\/\/infomatin-benin.com\/wp-content\/uploads\/2026\/04\/IMG-20260410-WA0299.jpg","contentUrl":"https:\/\/infomatin-benin.com\/wp-content\/uploads\/2026\/04\/IMG-20260410-WA0299.jpg","width":1040,"height":780},{"@type":"BreadcrumbList","@id":"https:\/\/infomatin-benin.com\/infomatinvrai2\/2026\/04\/benin-presidentielle-2026-mobilisation-de-terrain-a-fort-impact-dans-latlantique\/#breadcrumb","itemListElement":[{"@type":"ListItem","position":1,"name":"Accueil","item":"https:\/\/infomatin-benin.com\/infomatinvrai2\/"},{"@type":"ListItem","position":2,"name":"B\u00e9nin \/ Pr\u00e9sidentielle 2026 : Mobilisation de terrain \u00e0 fort impact dans l\u2019Atlantique"}]},{"@type":"WebSite","@id":"https:\/\/infomatin-benin.com\/infomatinvrai2\/#website","url":"https:\/\/infomatin-benin.com\/infomatinvrai2\/","name":"infomatin","description":"Informer, notre m\u00e9tier","potentialAction":[{"@type":"SearchAction","target":{"@type":"EntryPoint","urlTemplate":"https:\/\/infomatin-benin.com\/infomatinvrai2\/?s={search_term_string}"},"query-input":{"@type":"PropertyValueSpecification","valueRequired":true,"valueName":"search_term_string"}}],"inLanguage":"fr-FR"},{"@type":"Person","@id":"https:\/\/infomatin-benin.com\/infomatinvrai2\/#\/schema\/person\/6f847d9031293bab56c49b80b74bea0b","name":"INFO MATIN","image":{"@type":"ImageObject","inLanguage":"fr-FR","@id":"https:\/\/infomatin-benin.com\/infomatinvrai2\/#\/schema\/person\/image\/","url":"https:\/\/secure.gravatar.com\/avatar\/2820a6de81a9d99fdb43e52acf2e17b10644be831bebe6d0c25e0e56ee49393f?s=96&d=mm&r=g","contentUrl":"https:\/\/secure.gravatar.com\/avatar\/2820a6de81a9d99fdb43e52acf2e17b10644be831bebe6d0c25e0e56ee49393f?s=96&d=mm&r=g","caption":"INFO MATIN"},"url":"https:\/\/infomatin-benin.com\/infomatinvrai2\/author\/ramatou\/"}]}},"_links":{"self":[{"href":"https:\/\/infomatin-benin.com\/infomatinvrai2\/wp-json\/wp\/v2\/posts\/41036","targetHints":{"allow":["GET"]}}],"collection":[{"href":"https:\/\/infomatin-benin.com\/infomatinvrai2\/wp-json\/wp\/v2\/posts"}],"about":[{"href":"https:\/\/infomatin-benin.com\/infomatinvrai2\/wp-json\/wp\/v2\/types\/post"}],"author":[{"embeddable":true,"href":"https:\/\/infomatin-benin.com\/infomatinvrai2\/wp-json\/wp\/v2\/users\/2"}],"replies":[{"embeddable":true,"href":"https:\/\/infomatin-benin.com\/infomatinvrai2\/wp-json\/wp\/v2\/comments?post=41036"}],"version-history":[{"count":1,"href":"https:\/\/infomatin-benin.com\/infomatinvrai2\/wp-json\/wp\/v2\/posts\/41036\/revisions"}],"predecessor-version":[{"id":41043,"href":"https:\/\/infomatin-benin.com\/infomatinvrai2\/wp-json\/wp\/v2\/posts\/41036\/revisions\/41043"}],"wp:featuredmedia":[{"embeddable":true,"href":"https:\/\/infomatin-benin.com\/infomatinvrai2\/wp-json\/wp\/v2\/media\/41035"}],"wp:attachment":[{"href":"https:\/\/infomatin-benin.com\/infomatinvrai2\/wp-json\/wp\/v2\/media?parent=41036"}],"wp:term":[{"taxonomy":"category","embeddable":true,"href":"https:\/\/infomatin-benin.com\/infomatinvrai2\/wp-json\/wp\/v2\/categories?post=41036"},{"taxonomy":"post_tag","embeddable":true,"href":"https:\/\/infomatin-benin.com\/infomatinvrai2\/wp-json\/wp\/v2\/tags?post=41036"}],"curies":[{"name":"wp","href":"https:\/\/api.w.org\/{rel}","templated":true}]}}