{"id":41022,"date":"2026-04-10T03:37:25","date_gmt":"2026-04-10T01:37:25","guid":{"rendered":"https:\/\/infomatin-benin.com\/infomatinvrai2\/?p=41022"},"modified":"2026-04-10T03:37:26","modified_gmt":"2026-04-10T01:37:26","slug":"presidentielle-2026-au-benin-long-fepd-afrique-lance-un-appel-a-la-paix-et-a-la-participation-citoyenne","status":"publish","type":"post","link":"https:\/\/infomatin-benin.com\/infomatinvrai2\/2026\/04\/presidentielle-2026-au-benin-long-fepd-afrique-lance-un-appel-a-la-paix-et-a-la-participation-citoyenne\/","title":{"rendered":"Pr\u00e9sidentielle 2026 au B\u00e9nin : l\u2019ONG FEPD-Afrique lance un appel \u00e0 la paix et \u00e0 la participation citoyenne"},"content":{"rendered":"\n<p>\u00c0 l\u2019approche de l&rsquo;\u00e9lection pr\u00e9sidentielle du 12 Avril 2026, l&rsquo;ONG Forces Engag\u00e9es pour la Paix et le D\u00e9veloppement de l&rsquo;Afrique, depuis de nombreuses ann\u00e9es dans la promotion de la paix, de la coh\u00e9sion sociale et de la d\u00e9mocratie, lance un appel solennel \u00e0 l\u2019ensemble de la population b\u00e9ninoise.Le B\u00e9nin, reconnu comme un mod\u00e8le de stabilit\u00e9 d\u00e9mocratique en Afrique de l\u2019Ouest, a su b\u00e2tir au fil des d\u00e9cennies une culture politique fond\u00e9e sur le dialogue, la tol\u00e9rance et le respect des institutions. Cette richesse nationale, h\u00e9rit\u00e9e de nos a\u00een\u00e9s, doit \u00eatre pr\u00e9serv\u00e9e et renforc\u00e9e, surtout en p\u00e9riode \u00e9lectorale, o\u00f9 les passions peuvent parfois prendre le dessus sur la raison.<\/p>\n\n\n\n<p><strong>La paix, un bien pr\u00e9cieux \u00e0 prot\u00e9ger<\/strong><\/p>\n\n\n\n<p>La paix n\u2019est pas seulement l\u2019absence de conflits ; elle est un \u00e9tat d\u2019esprit, un engagement collectif et une responsabilit\u00e9 partag\u00e9e. Elle se construit au quotidien \u00e0 travers nos paroles, nos actes et nos attitudes. En cette p\u00e9riode sensible, nous invitons chaque citoyen \u00e0 faire preuve de retenue, de respect mutuel et d\u2019esprit d\u2019ouverture.Refusons les discours de haine, les rumeurs infond\u00e9es et les manipulations qui peuvent fragiliser le tissu social. Privil\u00e9gions le dialogue, l\u2019\u00e9coute et la compr\u00e9hension. Souvenons-nous que, malgr\u00e9 nos diff\u00e9rences d\u2019opinions politiques, nous partageons une m\u00eame nation, un m\u00eame destin.<\/p>\n\n\n\n<p><strong>Les \u00e9lections : un moment fort de la d\u00e9mocratie<\/strong><\/p>\n\n\n\n<p>Les \u00e9lections pr\u00e9sidentielles sont un moment cl\u00e9 de la vie d\u00e9mocratique. Elles offrent \u00e0 chaque citoyen l\u2019opportunit\u00e9 d\u2019exprimer librement son choix, de participer \u00e0 la construction de l\u2019avenir du pays et de renforcer la l\u00e9gitimit\u00e9 des institutions.Nous appelons donc chaque \u00e9lecteur, sans distinction d\u2019\u00e2ge, de sexe, de religion ou d\u2019appartenance politique, \u00e0 sortir massivement pour accomplir son devoir civique. Voter, c\u2019est faire entendre sa voix. Voter, c\u2019est agir pour son avenir et celui des g\u00e9n\u00e9rations futures.L\u2019abstention, quant \u00e0 elle, affaiblit la d\u00e9mocratie. Elle laisse les autres d\u00e9cider \u00e0 notre place. C\u2019est pourquoi nous encourageons fortement la mobilisation g\u00e9n\u00e9rale dans le respect des lois et des r\u00e8gles \u00e9lectorales.<\/p>\n\n\n\n<p><strong>Une responsabilit\u00e9 collective pour des \u00e9lections apais\u00e9es<\/strong><\/p>\n\n\n\n<p>Les autorit\u00e9s, les acteurs politiques, les leaders d\u2019opinion, les m\u00e9dias, la soci\u00e9t\u00e9 civile et chaque citoyen ont un r\u00f4le \u00e0 jouer pour garantir des \u00e9lections libres, transparentes et pacifiques.Nous exhortons :les acteurs politiques \u00e0 mener des campagnes responsables, sans violence ni provocation ;les jeunes \u00e0 \u00eatre des ambassadeurs de paix et non des instruments de division ;les m\u00e9dias \u00e0 diffuser des informations justes et v\u00e9rifi\u00e9es ;les forces de s\u00e9curit\u00e9 \u00e0 assurer leur mission avec professionnalisme et impartialit\u00e9.<\/p>\n\n\n\n<p><strong>Ensemble, faisons le choix de la paix et de la d\u00e9mocratie<\/strong><\/p>\n\n\n\n<p>Le B\u00e9nin que nous voulons est un B\u00e9nin uni, prosp\u00e8re et tourn\u00e9 vers l\u2019avenir. Un B\u00e9nin o\u00f9 chaque citoyen se sent respect\u00e9, \u00e9cout\u00e9 et impliqu\u00e9. Cela passe par des \u00e9lections apais\u00e9es et une forte participation citoyenne.En ce moment crucial de notre histoire, faisons preuve de maturit\u00e9 et de responsabilit\u00e9. Refusons la violence sous toutes ses formes. Cultivons la paix dans nos familles, nos quartiers, nos lieux de travail et dans l\u2019ensemble du pays.Sortons massivement voter, dans le calme et la dignit\u00e9.Faisons triompher la paix, la d\u00e9mocratie et l\u2019unit\u00e9 nationale.Ensemble, construisons le B\u00e9nin de demain.<\/p>\n\n\n\n<p><strong>Nestor AVONONMADEGBE, Pr\u00e9sident de l&rsquo;ONG FEPD-Afrique<\/strong><\/p>\n","protected":false},"excerpt":{"rendered":"<p>\u00c0 l\u2019approche de l&rsquo;\u00e9lection pr\u00e9sidentielle du 12 Avril 2026, l&rsquo;ONG Forces Engag\u00e9es pour la Paix et le D\u00e9veloppement de l&rsquo;Afrique, depuis de nombreuses ann\u00e9es dans la promotion de la paix, de la coh\u00e9sion sociale et de la d\u00e9mocratie, lance un appel solennel \u00e0 l\u2019ensemble de la population b\u00e9ninoise.Le B\u00e9nin, reconnu comme un mod\u00e8le de stabilit\u00e9 &hellip;<\/p>\n","protected":false},"author":2,"featured_media":41019,"comment_status":"open","ping_status":"open","sticky":false,"template":"","format":"standard","meta":{"footnotes":""},"categories":[33],"tags":[],"class_list":["post-41022","post","type-post","status-publish","format-standard","has-post-thumbnail","hentry","category-politique"],"yoast_head":"<!-- This site is optimized with the Yoast SEO plugin v26.3 - https:\/\/yoast.com\/wordpress\/plugins\/seo\/ -->\n<title>Pr\u00e9sidentielle 2026 au B\u00e9nin : l\u2019ONG FEPD-Afrique lance un appel \u00e0 la paix et \u00e0 la participation citoyenne - infomatin<\/title>\n<meta name=\"robots\" content=\"index, follow, max-snippet:-1, max-image-preview:large, max-video-preview:-1\" \/>\n<link rel=\"canonical\" href=\"https:\/\/infomatin-benin.com\/infomatinvrai2\/2026\/04\/presidentielle-2026-au-benin-long-fepd-afrique-lance-un-appel-a-la-paix-et-a-la-participation-citoyenne\/\" \/>\n<meta property=\"og:locale\" content=\"fr_FR\" \/>\n<meta property=\"og:type\" content=\"article\" \/>\n<meta property=\"og:title\" content=\"Pr\u00e9sidentielle 2026 au B\u00e9nin : l\u2019ONG FEPD-Afrique lance un appel \u00e0 la paix et \u00e0 la participation citoyenne - infomatin\" \/>\n<meta property=\"og:description\" content=\"\u00c0 l\u2019approche de l&rsquo;\u00e9lection pr\u00e9sidentielle du 12 Avril 2026, l&rsquo;ONG Forces Engag\u00e9es pour la Paix et le D\u00e9veloppement de l&rsquo;Afrique, depuis de nombreuses ann\u00e9es dans la promotion de la paix, de la coh\u00e9sion sociale et de la d\u00e9mocratie, lance un appel solennel \u00e0 l\u2019ensemble de la population b\u00e9ninoise.Le B\u00e9nin, reconnu comme un mod\u00e8le de stabilit\u00e9 &hellip;\" \/>\n<meta property=\"og:url\" content=\"https:\/\/infomatin-benin.com\/infomatinvrai2\/2026\/04\/presidentielle-2026-au-benin-long-fepd-afrique-lance-un-appel-a-la-paix-et-a-la-participation-citoyenne\/\" \/>\n<meta property=\"og:site_name\" content=\"infomatin\" \/>\n<meta property=\"article:published_time\" content=\"2026-04-10T01:37:25+00:00\" \/>\n<meta property=\"article:modified_time\" content=\"2026-04-10T01:37:26+00:00\" \/>\n<meta property=\"og:image\" content=\"https:\/\/infomatin-benin.com\/wp-content\/uploads\/2026\/04\/IMG-20260410-WA0008.jpg\" \/>\n\t<meta property=\"og:image:width\" content=\"630\" \/>\n\t<meta property=\"og:image:height\" content=\"389\" \/>\n\t<meta property=\"og:image:type\" content=\"image\/jpeg\" \/>\n<meta name=\"author\" content=\"INFO MATIN\" \/>\n<meta name=\"twitter:card\" content=\"summary_large_image\" \/>\n<meta name=\"twitter:label1\" content=\"\u00c9crit par\" \/>\n\t<meta name=\"twitter:data1\" content=\"INFO MATIN\" \/>\n\t<meta name=\"twitter:label2\" content=\"Dur\u00e9e de lecture estim\u00e9e\" \/>\n\t<meta name=\"twitter:data2\" content=\"3 minutes\" \/>\n<script type=\"application\/ld+json\" class=\"yoast-schema-graph\">{\"@context\":\"https:\/\/schema.org\",\"@graph\":[{\"@type\":\"WebPage\",\"@id\":\"https:\/\/infomatin-benin.com\/infomatinvrai2\/2026\/04\/presidentielle-2026-au-benin-long-fepd-afrique-lance-un-appel-a-la-paix-et-a-la-participation-citoyenne\/\",\"url\":\"https:\/\/infomatin-benin.com\/infomatinvrai2\/2026\/04\/presidentielle-2026-au-benin-long-fepd-afrique-lance-un-appel-a-la-paix-et-a-la-participation-citoyenne\/\",\"name\":\"Pr\u00e9sidentielle 2026 au B\u00e9nin : l\u2019ONG FEPD-Afrique lance un appel \u00e0 la paix et \u00e0 la participation citoyenne - infomatin\",\"isPartOf\":{\"@id\":\"https:\/\/infomatin-benin.com\/infomatinvrai2\/#website\"},\"primaryImageOfPage\":{\"@id\":\"https:\/\/infomatin-benin.com\/infomatinvrai2\/2026\/04\/presidentielle-2026-au-benin-long-fepd-afrique-lance-un-appel-a-la-paix-et-a-la-participation-citoyenne\/#primaryimage\"},\"image\":{\"@id\":\"https:\/\/infomatin-benin.com\/infomatinvrai2\/2026\/04\/presidentielle-2026-au-benin-long-fepd-afrique-lance-un-appel-a-la-paix-et-a-la-participation-citoyenne\/#primaryimage\"},\"thumbnailUrl\":\"https:\/\/infomatin-benin.com\/wp-content\/uploads\/2026\/04\/IMG-20260410-WA0008.jpg\",\"datePublished\":\"2026-04-10T01:37:25+00:00\",\"dateModified\":\"2026-04-10T01:37:26+00:00\",\"author\":{\"@id\":\"https:\/\/infomatin-benin.com\/infomatinvrai2\/#\/schema\/person\/6f847d9031293bab56c49b80b74bea0b\"},\"breadcrumb\":{\"@id\":\"https:\/\/infomatin-benin.com\/infomatinvrai2\/2026\/04\/presidentielle-2026-au-benin-long-fepd-afrique-lance-un-appel-a-la-paix-et-a-la-participation-citoyenne\/#breadcrumb\"},\"inLanguage\":\"fr-FR\",\"potentialAction\":[{\"@type\":\"ReadAction\",\"target\":[\"https:\/\/infomatin-benin.com\/infomatinvrai2\/2026\/04\/presidentielle-2026-au-benin-long-fepd-afrique-lance-un-appel-a-la-paix-et-a-la-participation-citoyenne\/\"]}]},{\"@type\":\"ImageObject\",\"inLanguage\":\"fr-FR\",\"@id\":\"https:\/\/infomatin-benin.com\/infomatinvrai2\/2026\/04\/presidentielle-2026-au-benin-long-fepd-afrique-lance-un-appel-a-la-paix-et-a-la-participation-citoyenne\/#primaryimage\",\"url\":\"https:\/\/infomatin-benin.com\/wp-content\/uploads\/2026\/04\/IMG-20260410-WA0008.jpg\",\"contentUrl\":\"https:\/\/infomatin-benin.com\/wp-content\/uploads\/2026\/04\/IMG-20260410-WA0008.jpg\",\"width\":630,\"height\":389},{\"@type\":\"BreadcrumbList\",\"@id\":\"https:\/\/infomatin-benin.com\/infomatinvrai2\/2026\/04\/presidentielle-2026-au-benin-long-fepd-afrique-lance-un-appel-a-la-paix-et-a-la-participation-citoyenne\/#breadcrumb\",\"itemListElement\":[{\"@type\":\"ListItem\",\"position\":1,\"name\":\"Accueil\",\"item\":\"https:\/\/infomatin-benin.com\/infomatinvrai2\/\"},{\"@type\":\"ListItem\",\"position\":2,\"name\":\"Pr\u00e9sidentielle 2026 au B\u00e9nin : l\u2019ONG FEPD-Afrique lance un appel \u00e0 la paix et \u00e0 la participation citoyenne\"}]},{\"@type\":\"WebSite\",\"@id\":\"https:\/\/infomatin-benin.com\/infomatinvrai2\/#website\",\"url\":\"https:\/\/infomatin-benin.com\/infomatinvrai2\/\",\"name\":\"infomatin\",\"description\":\"Informer, notre m\u00e9tier\",\"potentialAction\":[{\"@type\":\"SearchAction\",\"target\":{\"@type\":\"EntryPoint\",\"urlTemplate\":\"https:\/\/infomatin-benin.com\/infomatinvrai2\/?s={search_term_string}\"},\"query-input\":{\"@type\":\"PropertyValueSpecification\",\"valueRequired\":true,\"valueName\":\"search_term_string\"}}],\"inLanguage\":\"fr-FR\"},{\"@type\":\"Person\",\"@id\":\"https:\/\/infomatin-benin.com\/infomatinvrai2\/#\/schema\/person\/6f847d9031293bab56c49b80b74bea0b\",\"name\":\"INFO MATIN\",\"image\":{\"@type\":\"ImageObject\",\"inLanguage\":\"fr-FR\",\"@id\":\"https:\/\/infomatin-benin.com\/infomatinvrai2\/#\/schema\/person\/image\/\",\"url\":\"https:\/\/secure.gravatar.com\/avatar\/2820a6de81a9d99fdb43e52acf2e17b10644be831bebe6d0c25e0e56ee49393f?s=96&d=mm&r=g\",\"contentUrl\":\"https:\/\/secure.gravatar.com\/avatar\/2820a6de81a9d99fdb43e52acf2e17b10644be831bebe6d0c25e0e56ee49393f?s=96&d=mm&r=g\",\"caption\":\"INFO MATIN\"},\"url\":\"https:\/\/infomatin-benin.com\/infomatinvrai2\/author\/ramatou\/\"}]}<\/script>\n<!-- \/ Yoast SEO plugin. -->","yoast_head_json":{"title":"Pr\u00e9sidentielle 2026 au B\u00e9nin : l\u2019ONG FEPD-Afrique lance un appel \u00e0 la paix et \u00e0 la participation citoyenne - infomatin","robots":{"index":"index","follow":"follow","max-snippet":"max-snippet:-1","max-image-preview":"max-image-preview:large","max-video-preview":"max-video-preview:-1"},"canonical":"https:\/\/infomatin-benin.com\/infomatinvrai2\/2026\/04\/presidentielle-2026-au-benin-long-fepd-afrique-lance-un-appel-a-la-paix-et-a-la-participation-citoyenne\/","og_locale":"fr_FR","og_type":"article","og_title":"Pr\u00e9sidentielle 2026 au B\u00e9nin : l\u2019ONG FEPD-Afrique lance un appel \u00e0 la paix et \u00e0 la participation citoyenne - infomatin","og_description":"\u00c0 l\u2019approche de l&rsquo;\u00e9lection pr\u00e9sidentielle du 12 Avril 2026, l&rsquo;ONG Forces Engag\u00e9es pour la Paix et le D\u00e9veloppement de l&rsquo;Afrique, depuis de nombreuses ann\u00e9es dans la promotion de la paix, de la coh\u00e9sion sociale et de la d\u00e9mocratie, lance un appel solennel \u00e0 l\u2019ensemble de la population b\u00e9ninoise.Le B\u00e9nin, reconnu comme un mod\u00e8le de stabilit\u00e9 &hellip;","og_url":"https:\/\/infomatin-benin.com\/infomatinvrai2\/2026\/04\/presidentielle-2026-au-benin-long-fepd-afrique-lance-un-appel-a-la-paix-et-a-la-participation-citoyenne\/","og_site_name":"infomatin","article_published_time":"2026-04-10T01:37:25+00:00","article_modified_time":"2026-04-10T01:37:26+00:00","og_image":[{"width":630,"height":389,"url":"https:\/\/infomatin-benin.com\/wp-content\/uploads\/2026\/04\/IMG-20260410-WA0008.jpg","type":"image\/jpeg"}],"author":"INFO MATIN","twitter_card":"summary_large_image","twitter_misc":{"\u00c9crit par":"INFO MATIN","Dur\u00e9e de lecture estim\u00e9e":"3 minutes"},"schema":{"@context":"https:\/\/schema.org","@graph":[{"@type":"WebPage","@id":"https:\/\/infomatin-benin.com\/infomatinvrai2\/2026\/04\/presidentielle-2026-au-benin-long-fepd-afrique-lance-un-appel-a-la-paix-et-a-la-participation-citoyenne\/","url":"https:\/\/infomatin-benin.com\/infomatinvrai2\/2026\/04\/presidentielle-2026-au-benin-long-fepd-afrique-lance-un-appel-a-la-paix-et-a-la-participation-citoyenne\/","name":"Pr\u00e9sidentielle 2026 au B\u00e9nin : l\u2019ONG FEPD-Afrique lance un appel \u00e0 la paix et \u00e0 la participation citoyenne - infomatin","isPartOf":{"@id":"https:\/\/infomatin-benin.com\/infomatinvrai2\/#website"},"primaryImageOfPage":{"@id":"https:\/\/infomatin-benin.com\/infomatinvrai2\/2026\/04\/presidentielle-2026-au-benin-long-fepd-afrique-lance-un-appel-a-la-paix-et-a-la-participation-citoyenne\/#primaryimage"},"image":{"@id":"https:\/\/infomatin-benin.com\/infomatinvrai2\/2026\/04\/presidentielle-2026-au-benin-long-fepd-afrique-lance-un-appel-a-la-paix-et-a-la-participation-citoyenne\/#primaryimage"},"thumbnailUrl":"https:\/\/infomatin-benin.com\/wp-content\/uploads\/2026\/04\/IMG-20260410-WA0008.jpg","datePublished":"2026-04-10T01:37:25+00:00","dateModified":"2026-04-10T01:37:26+00:00","author":{"@id":"https:\/\/infomatin-benin.com\/infomatinvrai2\/#\/schema\/person\/6f847d9031293bab56c49b80b74bea0b"},"breadcrumb":{"@id":"https:\/\/infomatin-benin.com\/infomatinvrai2\/2026\/04\/presidentielle-2026-au-benin-long-fepd-afrique-lance-un-appel-a-la-paix-et-a-la-participation-citoyenne\/#breadcrumb"},"inLanguage":"fr-FR","potentialAction":[{"@type":"ReadAction","target":["https:\/\/infomatin-benin.com\/infomatinvrai2\/2026\/04\/presidentielle-2026-au-benin-long-fepd-afrique-lance-un-appel-a-la-paix-et-a-la-participation-citoyenne\/"]}]},{"@type":"ImageObject","inLanguage":"fr-FR","@id":"https:\/\/infomatin-benin.com\/infomatinvrai2\/2026\/04\/presidentielle-2026-au-benin-long-fepd-afrique-lance-un-appel-a-la-paix-et-a-la-participation-citoyenne\/#primaryimage","url":"https:\/\/infomatin-benin.com\/wp-content\/uploads\/2026\/04\/IMG-20260410-WA0008.jpg","contentUrl":"https:\/\/infomatin-benin.com\/wp-content\/uploads\/2026\/04\/IMG-20260410-WA0008.jpg","width":630,"height":389},{"@type":"BreadcrumbList","@id":"https:\/\/infomatin-benin.com\/infomatinvrai2\/2026\/04\/presidentielle-2026-au-benin-long-fepd-afrique-lance-un-appel-a-la-paix-et-a-la-participation-citoyenne\/#breadcrumb","itemListElement":[{"@type":"ListItem","position":1,"name":"Accueil","item":"https:\/\/infomatin-benin.com\/infomatinvrai2\/"},{"@type":"ListItem","position":2,"name":"Pr\u00e9sidentielle 2026 au B\u00e9nin : l\u2019ONG FEPD-Afrique lance un appel \u00e0 la paix et \u00e0 la participation citoyenne"}]},{"@type":"WebSite","@id":"https:\/\/infomatin-benin.com\/infomatinvrai2\/#website","url":"https:\/\/infomatin-benin.com\/infomatinvrai2\/","name":"infomatin","description":"Informer, notre m\u00e9tier","potentialAction":[{"@type":"SearchAction","target":{"@type":"EntryPoint","urlTemplate":"https:\/\/infomatin-benin.com\/infomatinvrai2\/?s={search_term_string}"},"query-input":{"@type":"PropertyValueSpecification","valueRequired":true,"valueName":"search_term_string"}}],"inLanguage":"fr-FR"},{"@type":"Person","@id":"https:\/\/infomatin-benin.com\/infomatinvrai2\/#\/schema\/person\/6f847d9031293bab56c49b80b74bea0b","name":"INFO MATIN","image":{"@type":"ImageObject","inLanguage":"fr-FR","@id":"https:\/\/infomatin-benin.com\/infomatinvrai2\/#\/schema\/person\/image\/","url":"https:\/\/secure.gravatar.com\/avatar\/2820a6de81a9d99fdb43e52acf2e17b10644be831bebe6d0c25e0e56ee49393f?s=96&d=mm&r=g","contentUrl":"https:\/\/secure.gravatar.com\/avatar\/2820a6de81a9d99fdb43e52acf2e17b10644be831bebe6d0c25e0e56ee49393f?s=96&d=mm&r=g","caption":"INFO MATIN"},"url":"https:\/\/infomatin-benin.com\/infomatinvrai2\/author\/ramatou\/"}]}},"_links":{"self":[{"href":"https:\/\/infomatin-benin.com\/infomatinvrai2\/wp-json\/wp\/v2\/posts\/41022","targetHints":{"allow":["GET"]}}],"collection":[{"href":"https:\/\/infomatin-benin.com\/infomatinvrai2\/wp-json\/wp\/v2\/posts"}],"about":[{"href":"https:\/\/infomatin-benin.com\/infomatinvrai2\/wp-json\/wp\/v2\/types\/post"}],"author":[{"embeddable":true,"href":"https:\/\/infomatin-benin.com\/infomatinvrai2\/wp-json\/wp\/v2\/users\/2"}],"replies":[{"embeddable":true,"href":"https:\/\/infomatin-benin.com\/infomatinvrai2\/wp-json\/wp\/v2\/comments?post=41022"}],"version-history":[{"count":1,"href":"https:\/\/infomatin-benin.com\/infomatinvrai2\/wp-json\/wp\/v2\/posts\/41022\/revisions"}],"predecessor-version":[{"id":41023,"href":"https:\/\/infomatin-benin.com\/infomatinvrai2\/wp-json\/wp\/v2\/posts\/41022\/revisions\/41023"}],"wp:featuredmedia":[{"embeddable":true,"href":"https:\/\/infomatin-benin.com\/infomatinvrai2\/wp-json\/wp\/v2\/media\/41019"}],"wp:attachment":[{"href":"https:\/\/infomatin-benin.com\/infomatinvrai2\/wp-json\/wp\/v2\/media?parent=41022"}],"wp:term":[{"taxonomy":"category","embeddable":true,"href":"https:\/\/infomatin-benin.com\/infomatinvrai2\/wp-json\/wp\/v2\/categories?post=41022"},{"taxonomy":"post_tag","embeddable":true,"href":"https:\/\/infomatin-benin.com\/infomatinvrai2\/wp-json\/wp\/v2\/tags?post=41022"}],"curies":[{"name":"wp","href":"https:\/\/api.w.org\/{rel}","templated":true}]}}