{"id":41007,"date":"2026-04-07T05:36:22","date_gmt":"2026-04-07T03:36:22","guid":{"rendered":"https:\/\/infomatin-benin.com\/infomatinvrai2\/?p=41007"},"modified":"2026-04-07T05:36:23","modified_gmt":"2026-04-07T03:36:23","slug":"gouvernance-participative-abomey-calavi-fixe-ses-priorites-pour-une-reddition-de-comptes-inclusive","status":"publish","type":"post","link":"https:\/\/infomatin-benin.com\/infomatinvrai2\/2026\/04\/gouvernance-participative-abomey-calavi-fixe-ses-priorites-pour-une-reddition-de-comptes-inclusive\/","title":{"rendered":"Gouvernance participative : Abomey-Calavi fixe ses priorit\u00e9s pour une reddition de comptes inclusive"},"content":{"rendered":"\n<p>Dans une dynamique de renforcement de la transparence et de la participation citoyenne, la mairie d&rsquo;Abomey-Calavi a tenu, le jeudi 02 avril 2026, une s\u00e9ance de travail d\u00e9di\u00e9e au choix des th\u00e9matiques de reddition de comptes pour l&rsquo;ann\u00e9e en cours. La rencontre, pr\u00e9sid\u00e9e par le maire Nathana\u00ebl KOTY, a r\u00e9uni Carine Laourou, la Secr\u00e9taire Ex\u00e9cutive, les chefs de service et de division, les secr\u00e9taires administratifs d&rsquo;arrondissement ainsi que des repr\u00e9sentants de la soci\u00e9t\u00e9 civile.Au c\u0153ur des \u00e9changes, la volont\u00e9 d&rsquo;identifier des th\u00e9matiques en phase avec les pr\u00e9occupations r\u00e9elles des populations. En effet l&rsquo;objectif affich\u00e9 est clair : garantir une reddition de comptes accessible, compr\u00e9hensible et fid\u00e8le aux actions men\u00e9es par l&rsquo;administration communale tout au long de l&rsquo;ann\u00e9e. Les discussions ont permis d&rsquo;examiner plusieurs propositions, analys\u00e9es \u00e0 l&rsquo;aune des priorit\u00e9s strat\u00e9giques, sociales et \u00e9conomiques de la commune. Le maire a, \u00e0 cet effet, insist\u00e9 sur l&rsquo;importance d&rsquo;une d\u00e9marche inclusive, impliquant toutes les parties prenantes, afin d&rsquo;assurer la pertinence et l&rsquo;impact des th\u00e8mes retenus.\u00c0 l&rsquo;issue des travaux, deux axes majeurs ont \u00e9t\u00e9 valid\u00e9s pour structurer les redditions de comptes semestrielles. Le premier semestre sera consacr\u00e9 \u00e0 la d\u00e9livrance des actes d&rsquo;\u00e9tat civil, un service essentiel pour les populations. Quant au second semestre, il portera sur la mise en \u0153uvre du programme DURAGIRE dans la commune d&rsquo;Abomey-Calavi, avec un accent particulier sur les acquis et les perspectives de p\u00e9rennisation.Notons que cette d\u00e9marche illustre l&rsquo;engagement des autorit\u00e9s communales \u00e0 promouvoir une gouvernance participative, fond\u00e9e sur la redevabilit\u00e9 et l&rsquo;\u00e9coute active des citoyens.<\/p>\n\n\n\n<p>Mathieu Agossou HOUNHOUI<\/p>\n\n\n\n<figure class=\"wp-block-gallery has-nested-images columns-default is-cropped wp-block-gallery-1 is-layout-flex wp-block-gallery-is-layout-flex\">\n<figure class=\"wp-block-image size-large\"><img loading=\"lazy\" decoding=\"async\" width=\"1024\" height=\"683\" data-id=\"41008\" src=\"https:\/\/infomatin-benin.com\/wp-content\/uploads\/2026\/04\/1000417216-1024x683.jpg\" alt=\"\" class=\"wp-image-41008\" srcset=\"https:\/\/infomatin-benin.com\/wp-content\/uploads\/2026\/04\/1000417216-1024x683.jpg 1024w, https:\/\/infomatin-benin.com\/wp-content\/uploads\/2026\/04\/1000417216-300x200.jpg 300w, https:\/\/infomatin-benin.com\/wp-content\/uploads\/2026\/04\/1000417216-768x512.jpg 768w, https:\/\/infomatin-benin.com\/wp-content\/uploads\/2026\/04\/1000417216.jpg 1080w\" sizes=\"auto, (max-width: 1024px) 100vw, 1024px\" \/><\/figure>\n\n\n\n<figure class=\"wp-block-image size-large\"><img loading=\"lazy\" decoding=\"async\" width=\"1024\" height=\"683\" data-id=\"41009\" src=\"https:\/\/infomatin-benin.com\/wp-content\/uploads\/2026\/04\/1000417225-1024x683.jpg\" alt=\"\" class=\"wp-image-41009\" srcset=\"https:\/\/infomatin-benin.com\/wp-content\/uploads\/2026\/04\/1000417225-1024x683.jpg 1024w, https:\/\/infomatin-benin.com\/wp-content\/uploads\/2026\/04\/1000417225-300x200.jpg 300w, https:\/\/infomatin-benin.com\/wp-content\/uploads\/2026\/04\/1000417225-768x512.jpg 768w, https:\/\/infomatin-benin.com\/wp-content\/uploads\/2026\/04\/1000417225.jpg 1080w\" sizes=\"auto, (max-width: 1024px) 100vw, 1024px\" \/><\/figure>\n\n\n\n<figure class=\"wp-block-image size-large\"><img loading=\"lazy\" decoding=\"async\" width=\"1024\" height=\"683\" data-id=\"41010\" src=\"https:\/\/infomatin-benin.com\/wp-content\/uploads\/2026\/04\/1000417219-1024x683.jpg\" alt=\"\" class=\"wp-image-41010\" srcset=\"https:\/\/infomatin-benin.com\/wp-content\/uploads\/2026\/04\/1000417219-1024x683.jpg 1024w, https:\/\/infomatin-benin.com\/wp-content\/uploads\/2026\/04\/1000417219-300x200.jpg 300w, https:\/\/infomatin-benin.com\/wp-content\/uploads\/2026\/04\/1000417219-768x512.jpg 768w, https:\/\/infomatin-benin.com\/wp-content\/uploads\/2026\/04\/1000417219.jpg 1080w\" sizes=\"auto, (max-width: 1024px) 100vw, 1024px\" \/><\/figure>\n<\/figure>\n","protected":false},"excerpt":{"rendered":"<p>Dans une dynamique de renforcement de la transparence et de la participation citoyenne, la mairie d&rsquo;Abomey-Calavi a tenu, le jeudi 02 avril 2026, une s\u00e9ance de travail d\u00e9di\u00e9e au choix des th\u00e9matiques de reddition de comptes pour l&rsquo;ann\u00e9e en cours. La rencontre, pr\u00e9sid\u00e9e par le maire Nathana\u00ebl KOTY, a r\u00e9uni Carine Laourou, la Secr\u00e9taire Ex\u00e9cutive, &hellip;<\/p>\n","protected":false},"author":2,"featured_media":40994,"comment_status":"open","ping_status":"open","sticky":false,"template":"","format":"standard","meta":{"footnotes":""},"categories":[2],"tags":[],"class_list":["post-41007","post","type-post","status-publish","format-standard","has-post-thumbnail","hentry","category-societe"],"yoast_head":"<!-- This site is optimized with the Yoast SEO plugin v26.3 - https:\/\/yoast.com\/wordpress\/plugins\/seo\/ -->\n<title>Gouvernance participative : Abomey-Calavi fixe ses priorit\u00e9s pour une reddition de comptes inclusive - infomatin<\/title>\n<meta name=\"robots\" content=\"index, follow, max-snippet:-1, max-image-preview:large, max-video-preview:-1\" \/>\n<link rel=\"canonical\" href=\"https:\/\/infomatin-benin.com\/infomatinvrai2\/2026\/04\/gouvernance-participative-abomey-calavi-fixe-ses-priorites-pour-une-reddition-de-comptes-inclusive\/\" \/>\n<meta property=\"og:locale\" content=\"fr_FR\" \/>\n<meta property=\"og:type\" content=\"article\" \/>\n<meta property=\"og:title\" content=\"Gouvernance participative : Abomey-Calavi fixe ses priorit\u00e9s pour une reddition de comptes inclusive - infomatin\" \/>\n<meta property=\"og:description\" content=\"Dans une dynamique de renforcement de la transparence et de la participation citoyenne, la mairie d&rsquo;Abomey-Calavi a tenu, le jeudi 02 avril 2026, une s\u00e9ance de travail d\u00e9di\u00e9e au choix des th\u00e9matiques de reddition de comptes pour l&rsquo;ann\u00e9e en cours. La rencontre, pr\u00e9sid\u00e9e par le maire Nathana\u00ebl KOTY, a r\u00e9uni Carine Laourou, la Secr\u00e9taire Ex\u00e9cutive, &hellip;\" \/>\n<meta property=\"og:url\" content=\"https:\/\/infomatin-benin.com\/infomatinvrai2\/2026\/04\/gouvernance-participative-abomey-calavi-fixe-ses-priorites-pour-une-reddition-de-comptes-inclusive\/\" \/>\n<meta property=\"og:site_name\" content=\"infomatin\" \/>\n<meta property=\"article:published_time\" content=\"2026-04-07T03:36:22+00:00\" \/>\n<meta property=\"article:modified_time\" content=\"2026-04-07T03:36:23+00:00\" \/>\n<meta property=\"og:image\" content=\"https:\/\/infomatin-benin.com\/wp-content\/uploads\/2026\/04\/IMG-20260406-WA0197.jpg\" \/>\n\t<meta property=\"og:image:width\" content=\"1080\" \/>\n\t<meta property=\"og:image:height\" content=\"720\" \/>\n\t<meta property=\"og:image:type\" content=\"image\/jpeg\" \/>\n<meta name=\"author\" content=\"INFO MATIN\" \/>\n<meta name=\"twitter:card\" content=\"summary_large_image\" \/>\n<meta name=\"twitter:label1\" content=\"\u00c9crit par\" \/>\n\t<meta name=\"twitter:data1\" content=\"INFO MATIN\" \/>\n\t<meta name=\"twitter:label2\" content=\"Dur\u00e9e de lecture estim\u00e9e\" \/>\n\t<meta name=\"twitter:data2\" content=\"3 minutes\" \/>\n<script type=\"application\/ld+json\" class=\"yoast-schema-graph\">{\"@context\":\"https:\/\/schema.org\",\"@graph\":[{\"@type\":\"WebPage\",\"@id\":\"https:\/\/infomatin-benin.com\/infomatinvrai2\/2026\/04\/gouvernance-participative-abomey-calavi-fixe-ses-priorites-pour-une-reddition-de-comptes-inclusive\/\",\"url\":\"https:\/\/infomatin-benin.com\/infomatinvrai2\/2026\/04\/gouvernance-participative-abomey-calavi-fixe-ses-priorites-pour-une-reddition-de-comptes-inclusive\/\",\"name\":\"Gouvernance participative : Abomey-Calavi fixe ses priorit\u00e9s pour une reddition de comptes inclusive - infomatin\",\"isPartOf\":{\"@id\":\"https:\/\/infomatin-benin.com\/infomatinvrai2\/#website\"},\"primaryImageOfPage\":{\"@id\":\"https:\/\/infomatin-benin.com\/infomatinvrai2\/2026\/04\/gouvernance-participative-abomey-calavi-fixe-ses-priorites-pour-une-reddition-de-comptes-inclusive\/#primaryimage\"},\"image\":{\"@id\":\"https:\/\/infomatin-benin.com\/infomatinvrai2\/2026\/04\/gouvernance-participative-abomey-calavi-fixe-ses-priorites-pour-une-reddition-de-comptes-inclusive\/#primaryimage\"},\"thumbnailUrl\":\"https:\/\/infomatin-benin.com\/wp-content\/uploads\/2026\/04\/IMG-20260406-WA0197.jpg\",\"datePublished\":\"2026-04-07T03:36:22+00:00\",\"dateModified\":\"2026-04-07T03:36:23+00:00\",\"author\":{\"@id\":\"https:\/\/infomatin-benin.com\/infomatinvrai2\/#\/schema\/person\/6f847d9031293bab56c49b80b74bea0b\"},\"breadcrumb\":{\"@id\":\"https:\/\/infomatin-benin.com\/infomatinvrai2\/2026\/04\/gouvernance-participative-abomey-calavi-fixe-ses-priorites-pour-une-reddition-de-comptes-inclusive\/#breadcrumb\"},\"inLanguage\":\"fr-FR\",\"potentialAction\":[{\"@type\":\"ReadAction\",\"target\":[\"https:\/\/infomatin-benin.com\/infomatinvrai2\/2026\/04\/gouvernance-participative-abomey-calavi-fixe-ses-priorites-pour-une-reddition-de-comptes-inclusive\/\"]}]},{\"@type\":\"ImageObject\",\"inLanguage\":\"fr-FR\",\"@id\":\"https:\/\/infomatin-benin.com\/infomatinvrai2\/2026\/04\/gouvernance-participative-abomey-calavi-fixe-ses-priorites-pour-une-reddition-de-comptes-inclusive\/#primaryimage\",\"url\":\"https:\/\/infomatin-benin.com\/wp-content\/uploads\/2026\/04\/IMG-20260406-WA0197.jpg\",\"contentUrl\":\"https:\/\/infomatin-benin.com\/wp-content\/uploads\/2026\/04\/IMG-20260406-WA0197.jpg\",\"width\":1080,\"height\":720},{\"@type\":\"BreadcrumbList\",\"@id\":\"https:\/\/infomatin-benin.com\/infomatinvrai2\/2026\/04\/gouvernance-participative-abomey-calavi-fixe-ses-priorites-pour-une-reddition-de-comptes-inclusive\/#breadcrumb\",\"itemListElement\":[{\"@type\":\"ListItem\",\"position\":1,\"name\":\"Accueil\",\"item\":\"https:\/\/infomatin-benin.com\/infomatinvrai2\/\"},{\"@type\":\"ListItem\",\"position\":2,\"name\":\"Gouvernance participative : Abomey-Calavi fixe ses priorit\u00e9s pour une reddition de comptes inclusive\"}]},{\"@type\":\"WebSite\",\"@id\":\"https:\/\/infomatin-benin.com\/infomatinvrai2\/#website\",\"url\":\"https:\/\/infomatin-benin.com\/infomatinvrai2\/\",\"name\":\"infomatin\",\"description\":\"Informer, notre m\u00e9tier\",\"potentialAction\":[{\"@type\":\"SearchAction\",\"target\":{\"@type\":\"EntryPoint\",\"urlTemplate\":\"https:\/\/infomatin-benin.com\/infomatinvrai2\/?s={search_term_string}\"},\"query-input\":{\"@type\":\"PropertyValueSpecification\",\"valueRequired\":true,\"valueName\":\"search_term_string\"}}],\"inLanguage\":\"fr-FR\"},{\"@type\":\"Person\",\"@id\":\"https:\/\/infomatin-benin.com\/infomatinvrai2\/#\/schema\/person\/6f847d9031293bab56c49b80b74bea0b\",\"name\":\"INFO MATIN\",\"image\":{\"@type\":\"ImageObject\",\"inLanguage\":\"fr-FR\",\"@id\":\"https:\/\/infomatin-benin.com\/infomatinvrai2\/#\/schema\/person\/image\/\",\"url\":\"https:\/\/secure.gravatar.com\/avatar\/2820a6de81a9d99fdb43e52acf2e17b10644be831bebe6d0c25e0e56ee49393f?s=96&d=mm&r=g\",\"contentUrl\":\"https:\/\/secure.gravatar.com\/avatar\/2820a6de81a9d99fdb43e52acf2e17b10644be831bebe6d0c25e0e56ee49393f?s=96&d=mm&r=g\",\"caption\":\"INFO MATIN\"},\"url\":\"https:\/\/infomatin-benin.com\/infomatinvrai2\/author\/ramatou\/\"}]}<\/script>\n<!-- \/ Yoast SEO plugin. -->","yoast_head_json":{"title":"Gouvernance participative : Abomey-Calavi fixe ses priorit\u00e9s pour une reddition de comptes inclusive - infomatin","robots":{"index":"index","follow":"follow","max-snippet":"max-snippet:-1","max-image-preview":"max-image-preview:large","max-video-preview":"max-video-preview:-1"},"canonical":"https:\/\/infomatin-benin.com\/infomatinvrai2\/2026\/04\/gouvernance-participative-abomey-calavi-fixe-ses-priorites-pour-une-reddition-de-comptes-inclusive\/","og_locale":"fr_FR","og_type":"article","og_title":"Gouvernance participative : Abomey-Calavi fixe ses priorit\u00e9s pour une reddition de comptes inclusive - infomatin","og_description":"Dans une dynamique de renforcement de la transparence et de la participation citoyenne, la mairie d&rsquo;Abomey-Calavi a tenu, le jeudi 02 avril 2026, une s\u00e9ance de travail d\u00e9di\u00e9e au choix des th\u00e9matiques de reddition de comptes pour l&rsquo;ann\u00e9e en cours. La rencontre, pr\u00e9sid\u00e9e par le maire Nathana\u00ebl KOTY, a r\u00e9uni Carine Laourou, la Secr\u00e9taire Ex\u00e9cutive, &hellip;","og_url":"https:\/\/infomatin-benin.com\/infomatinvrai2\/2026\/04\/gouvernance-participative-abomey-calavi-fixe-ses-priorites-pour-une-reddition-de-comptes-inclusive\/","og_site_name":"infomatin","article_published_time":"2026-04-07T03:36:22+00:00","article_modified_time":"2026-04-07T03:36:23+00:00","og_image":[{"width":1080,"height":720,"url":"https:\/\/infomatin-benin.com\/wp-content\/uploads\/2026\/04\/IMG-20260406-WA0197.jpg","type":"image\/jpeg"}],"author":"INFO MATIN","twitter_card":"summary_large_image","twitter_misc":{"\u00c9crit par":"INFO MATIN","Dur\u00e9e de lecture estim\u00e9e":"3 minutes"},"schema":{"@context":"https:\/\/schema.org","@graph":[{"@type":"WebPage","@id":"https:\/\/infomatin-benin.com\/infomatinvrai2\/2026\/04\/gouvernance-participative-abomey-calavi-fixe-ses-priorites-pour-une-reddition-de-comptes-inclusive\/","url":"https:\/\/infomatin-benin.com\/infomatinvrai2\/2026\/04\/gouvernance-participative-abomey-calavi-fixe-ses-priorites-pour-une-reddition-de-comptes-inclusive\/","name":"Gouvernance participative : Abomey-Calavi fixe ses priorit\u00e9s pour une reddition de comptes inclusive - infomatin","isPartOf":{"@id":"https:\/\/infomatin-benin.com\/infomatinvrai2\/#website"},"primaryImageOfPage":{"@id":"https:\/\/infomatin-benin.com\/infomatinvrai2\/2026\/04\/gouvernance-participative-abomey-calavi-fixe-ses-priorites-pour-une-reddition-de-comptes-inclusive\/#primaryimage"},"image":{"@id":"https:\/\/infomatin-benin.com\/infomatinvrai2\/2026\/04\/gouvernance-participative-abomey-calavi-fixe-ses-priorites-pour-une-reddition-de-comptes-inclusive\/#primaryimage"},"thumbnailUrl":"https:\/\/infomatin-benin.com\/wp-content\/uploads\/2026\/04\/IMG-20260406-WA0197.jpg","datePublished":"2026-04-07T03:36:22+00:00","dateModified":"2026-04-07T03:36:23+00:00","author":{"@id":"https:\/\/infomatin-benin.com\/infomatinvrai2\/#\/schema\/person\/6f847d9031293bab56c49b80b74bea0b"},"breadcrumb":{"@id":"https:\/\/infomatin-benin.com\/infomatinvrai2\/2026\/04\/gouvernance-participative-abomey-calavi-fixe-ses-priorites-pour-une-reddition-de-comptes-inclusive\/#breadcrumb"},"inLanguage":"fr-FR","potentialAction":[{"@type":"ReadAction","target":["https:\/\/infomatin-benin.com\/infomatinvrai2\/2026\/04\/gouvernance-participative-abomey-calavi-fixe-ses-priorites-pour-une-reddition-de-comptes-inclusive\/"]}]},{"@type":"ImageObject","inLanguage":"fr-FR","@id":"https:\/\/infomatin-benin.com\/infomatinvrai2\/2026\/04\/gouvernance-participative-abomey-calavi-fixe-ses-priorites-pour-une-reddition-de-comptes-inclusive\/#primaryimage","url":"https:\/\/infomatin-benin.com\/wp-content\/uploads\/2026\/04\/IMG-20260406-WA0197.jpg","contentUrl":"https:\/\/infomatin-benin.com\/wp-content\/uploads\/2026\/04\/IMG-20260406-WA0197.jpg","width":1080,"height":720},{"@type":"BreadcrumbList","@id":"https:\/\/infomatin-benin.com\/infomatinvrai2\/2026\/04\/gouvernance-participative-abomey-calavi-fixe-ses-priorites-pour-une-reddition-de-comptes-inclusive\/#breadcrumb","itemListElement":[{"@type":"ListItem","position":1,"name":"Accueil","item":"https:\/\/infomatin-benin.com\/infomatinvrai2\/"},{"@type":"ListItem","position":2,"name":"Gouvernance participative : Abomey-Calavi fixe ses priorit\u00e9s pour une reddition de comptes inclusive"}]},{"@type":"WebSite","@id":"https:\/\/infomatin-benin.com\/infomatinvrai2\/#website","url":"https:\/\/infomatin-benin.com\/infomatinvrai2\/","name":"infomatin","description":"Informer, notre m\u00e9tier","potentialAction":[{"@type":"SearchAction","target":{"@type":"EntryPoint","urlTemplate":"https:\/\/infomatin-benin.com\/infomatinvrai2\/?s={search_term_string}"},"query-input":{"@type":"PropertyValueSpecification","valueRequired":true,"valueName":"search_term_string"}}],"inLanguage":"fr-FR"},{"@type":"Person","@id":"https:\/\/infomatin-benin.com\/infomatinvrai2\/#\/schema\/person\/6f847d9031293bab56c49b80b74bea0b","name":"INFO MATIN","image":{"@type":"ImageObject","inLanguage":"fr-FR","@id":"https:\/\/infomatin-benin.com\/infomatinvrai2\/#\/schema\/person\/image\/","url":"https:\/\/secure.gravatar.com\/avatar\/2820a6de81a9d99fdb43e52acf2e17b10644be831bebe6d0c25e0e56ee49393f?s=96&d=mm&r=g","contentUrl":"https:\/\/secure.gravatar.com\/avatar\/2820a6de81a9d99fdb43e52acf2e17b10644be831bebe6d0c25e0e56ee49393f?s=96&d=mm&r=g","caption":"INFO MATIN"},"url":"https:\/\/infomatin-benin.com\/infomatinvrai2\/author\/ramatou\/"}]}},"_links":{"self":[{"href":"https:\/\/infomatin-benin.com\/infomatinvrai2\/wp-json\/wp\/v2\/posts\/41007","targetHints":{"allow":["GET"]}}],"collection":[{"href":"https:\/\/infomatin-benin.com\/infomatinvrai2\/wp-json\/wp\/v2\/posts"}],"about":[{"href":"https:\/\/infomatin-benin.com\/infomatinvrai2\/wp-json\/wp\/v2\/types\/post"}],"author":[{"embeddable":true,"href":"https:\/\/infomatin-benin.com\/infomatinvrai2\/wp-json\/wp\/v2\/users\/2"}],"replies":[{"embeddable":true,"href":"https:\/\/infomatin-benin.com\/infomatinvrai2\/wp-json\/wp\/v2\/comments?post=41007"}],"version-history":[{"count":1,"href":"https:\/\/infomatin-benin.com\/infomatinvrai2\/wp-json\/wp\/v2\/posts\/41007\/revisions"}],"predecessor-version":[{"id":41011,"href":"https:\/\/infomatin-benin.com\/infomatinvrai2\/wp-json\/wp\/v2\/posts\/41007\/revisions\/41011"}],"wp:featuredmedia":[{"embeddable":true,"href":"https:\/\/infomatin-benin.com\/infomatinvrai2\/wp-json\/wp\/v2\/media\/40994"}],"wp:attachment":[{"href":"https:\/\/infomatin-benin.com\/infomatinvrai2\/wp-json\/wp\/v2\/media?parent=41007"}],"wp:term":[{"taxonomy":"category","embeddable":true,"href":"https:\/\/infomatin-benin.com\/infomatinvrai2\/wp-json\/wp\/v2\/categories?post=41007"},{"taxonomy":"post_tag","embeddable":true,"href":"https:\/\/infomatin-benin.com\/infomatinvrai2\/wp-json\/wp\/v2\/tags?post=41007"}],"curies":[{"name":"wp","href":"https:\/\/api.w.org\/{rel}","templated":true}]}}