{"id":40996,"date":"2026-04-07T05:32:13","date_gmt":"2026-04-07T03:32:13","guid":{"rendered":"https:\/\/infomatin-benin.com\/infomatinvrai2\/?p=40996"},"modified":"2026-04-07T05:32:14","modified_gmt":"2026-04-07T03:32:14","slug":"presidentielles-2026-au-benin-le-reseau-des-ecologistes-et-defenseurs-de-la-nature-soutient-le-duo-wadagni-talata-pour-un-benin-plus-vert","status":"publish","type":"post","link":"https:\/\/infomatin-benin.com\/infomatinvrai2\/2026\/04\/presidentielles-2026-au-benin-le-reseau-des-ecologistes-et-defenseurs-de-la-nature-soutient-le-duo-wadagni-talata-pour-un-benin-plus-vert\/","title":{"rendered":"Pr\u00e9sidentielles 2026 au B\u00e9nin : Le r\u00e9seau des \u00e9cologistes et d\u00e9fenseurs de la nature soutient le duo Wadagni\u2013Talata pour un B\u00e9nin plus vert"},"content":{"rendered":"\n<p>Les agro\u00e9cologistes et d\u00e9fenseurs de la nature r\u00e9unis au sein du R\u00e9seau des \u00c9cologistes et D\u00e9fenseurs de la Nature (REDN) ont affich\u00e9 leur position dans le cadre de la pr\u00e9sidentielle de 2026 au B\u00e9nin. R\u00e9unis \u00e0 Cotonou, au Foyer des Marins Stella Maris, et au d\u00e9tour d&rsquo;une conf\u00e9rence de presse, ces acteurs engag\u00e9s pour la protection de l&rsquo;environnement ont, apr\u00e8s analyse, choisi d&rsquo;apporter leur soutien au duo de la mouvance pr\u00e9sidentielle Wadagni\u2013Talata.Au cours de cette rencontre, les membres du r\u00e9seau ont pass\u00e9 au peigne fin les multiples actions entreprises ces derni\u00e8res ann\u00e9es dans leurs domaines respectifs, notamment en mati\u00e8re de reboisement, de promotion de l&rsquo;agro\u00e9cologie, de gestion durable des ressources naturelles, de sensibilisation des communaut\u00e9s et de lutte contre les effets du changement climatique. \u00c0 l&rsquo;issue de cet examen, ils estiment que les bases d&rsquo;une transformation \u00e9cologique progressive sont pos\u00e9es et m\u00e9ritent d&rsquo;\u00eatre consolid\u00e9es. Ce constat s&rsquo;est traduit par une d\u00e9claration officielle lue par Darling Guidigan, agro\u00e9cologiste et d\u00e9fenseur de la nature, membre du REDN, mettant en avant un projet de soci\u00e9t\u00e9 qui inscrit l&rsquo;\u00e9cologie au c\u0153ur du d\u00e9veloppement. Le programme du duo Wadagni\u2013Talata, analys\u00e9 pour la p\u00e9riode 2026\u20132033, est per\u00e7u comme une continuit\u00e9 avec une ambition renforc\u00e9e, orient\u00e9e vers une croissance verte, inclusive et durable.La rencontre a \u00e9galement \u00e9t\u00e9 marqu\u00e9e par la pr\u00e9sence de l&rsquo;honorable honoraire Edmonde Fonton, qui a galvanis\u00e9 les participants en les appelant \u00e0 se mobiliser pour une victoire \u00e9crasante du duo Wadagni\u2013Talata au soir du 12 avril 2026. Un message qui a renforc\u00e9 l&rsquo;engagement des membres du r\u00e9seau autour des enjeux \u00e9lectoraux et environnementaux.Pour le pr\u00e9sident du r\u00e9seau et ses membres, les orientations propos\u00e9es, notamment en mati\u00e8re d&rsquo;\u00e9nergies propres, de villes durables, de finance verte et de promotion d&rsquo;une agriculture locale r\u00e9siliente constituent des leviers importants pour faire de la transition \u00e9cologique un facteur d&rsquo;am\u00e9lioration des conditions de vie des populations. Ils soulignent \u00e9galement que manger sain et local participe \u00e0 la fois \u00e0 la pr\u00e9servation de l&rsquo;environnement et \u00e0 la r\u00e9duction des d\u00e9penses des m\u00e9nages.Tout en saluant cette dynamique, le REDN appelle l&rsquo;ensemble de la population \u00e0 voter massivement pour le duo Wadagni\u2013Talata en vue d&rsquo;une victoire \u00e9crasante au soir du 12 avril 2026.<\/p>\n\n\n\n<figure class=\"wp-block-gallery has-nested-images columns-default is-cropped wp-block-gallery-1 is-layout-flex wp-block-gallery-is-layout-flex\">\n<figure class=\"wp-block-image size-large\"><img loading=\"lazy\" decoding=\"async\" width=\"1024\" height=\"473\" data-id=\"40997\" src=\"https:\/\/infomatin-benin.com\/wp-content\/uploads\/2026\/04\/1000412785-1024x473.jpg\" alt=\"\" class=\"wp-image-40997\" srcset=\"https:\/\/infomatin-benin.com\/wp-content\/uploads\/2026\/04\/1000412785-1024x473.jpg 1024w, https:\/\/infomatin-benin.com\/wp-content\/uploads\/2026\/04\/1000412785-300x139.jpg 300w, https:\/\/infomatin-benin.com\/wp-content\/uploads\/2026\/04\/1000412785-768x355.jpg 768w, https:\/\/infomatin-benin.com\/wp-content\/uploads\/2026\/04\/1000412785-1536x709.jpg 1536w, https:\/\/infomatin-benin.com\/wp-content\/uploads\/2026\/04\/1000412785-2048x946.jpg 2048w\" sizes=\"auto, (max-width: 1024px) 100vw, 1024px\" \/><\/figure>\n\n\n\n<figure class=\"wp-block-image size-large\"><img loading=\"lazy\" decoding=\"async\" width=\"1024\" height=\"597\" data-id=\"41000\" src=\"https:\/\/infomatin-benin.com\/wp-content\/uploads\/2026\/04\/1000412791-1024x597.jpg\" alt=\"\" class=\"wp-image-41000\" srcset=\"https:\/\/infomatin-benin.com\/wp-content\/uploads\/2026\/04\/1000412791-1024x597.jpg 1024w, https:\/\/infomatin-benin.com\/wp-content\/uploads\/2026\/04\/1000412791-300x175.jpg 300w, https:\/\/infomatin-benin.com\/wp-content\/uploads\/2026\/04\/1000412791-768x448.jpg 768w, https:\/\/infomatin-benin.com\/wp-content\/uploads\/2026\/04\/1000412791-1536x895.jpg 1536w, https:\/\/infomatin-benin.com\/wp-content\/uploads\/2026\/04\/1000412791-2048x1194.jpg 2048w\" sizes=\"auto, (max-width: 1024px) 100vw, 1024px\" \/><\/figure>\n\n\n\n<figure class=\"wp-block-image size-large\"><img loading=\"lazy\" decoding=\"async\" width=\"1024\" height=\"473\" data-id=\"40998\" src=\"https:\/\/infomatin-benin.com\/wp-content\/uploads\/2026\/04\/1000412795-1024x473.jpg\" alt=\"\" class=\"wp-image-40998\" srcset=\"https:\/\/infomatin-benin.com\/wp-content\/uploads\/2026\/04\/1000412795-1024x473.jpg 1024w, https:\/\/infomatin-benin.com\/wp-content\/uploads\/2026\/04\/1000412795-300x139.jpg 300w, https:\/\/infomatin-benin.com\/wp-content\/uploads\/2026\/04\/1000412795-768x355.jpg 768w, https:\/\/infomatin-benin.com\/wp-content\/uploads\/2026\/04\/1000412795-1536x709.jpg 1536w, https:\/\/infomatin-benin.com\/wp-content\/uploads\/2026\/04\/1000412795-2048x946.jpg 2048w\" sizes=\"auto, (max-width: 1024px) 100vw, 1024px\" \/><\/figure>\n\n\n\n<figure class=\"wp-block-image size-large\"><img loading=\"lazy\" decoding=\"async\" width=\"1024\" height=\"404\" data-id=\"41002\" src=\"https:\/\/infomatin-benin.com\/wp-content\/uploads\/2026\/04\/1000412820-1024x404.jpg\" alt=\"\" class=\"wp-image-41002\" srcset=\"https:\/\/infomatin-benin.com\/wp-content\/uploads\/2026\/04\/1000412820-1024x404.jpg 1024w, https:\/\/infomatin-benin.com\/wp-content\/uploads\/2026\/04\/1000412820-300x118.jpg 300w, https:\/\/infomatin-benin.com\/wp-content\/uploads\/2026\/04\/1000412820-768x303.jpg 768w, https:\/\/infomatin-benin.com\/wp-content\/uploads\/2026\/04\/1000412820-1536x605.jpg 1536w, https:\/\/infomatin-benin.com\/wp-content\/uploads\/2026\/04\/1000412820-2048x807.jpg 2048w\" sizes=\"auto, (max-width: 1024px) 100vw, 1024px\" \/><\/figure>\n\n\n\n<figure class=\"wp-block-image size-large\"><img loading=\"lazy\" decoding=\"async\" width=\"1024\" height=\"701\" data-id=\"41001\" src=\"https:\/\/infomatin-benin.com\/wp-content\/uploads\/2026\/04\/1000412816-1024x701.jpg\" alt=\"\" class=\"wp-image-41001\" srcset=\"https:\/\/infomatin-benin.com\/wp-content\/uploads\/2026\/04\/1000412816-1024x701.jpg 1024w, https:\/\/infomatin-benin.com\/wp-content\/uploads\/2026\/04\/1000412816-300x205.jpg 300w, https:\/\/infomatin-benin.com\/wp-content\/uploads\/2026\/04\/1000412816-768x526.jpg 768w, https:\/\/infomatin-benin.com\/wp-content\/uploads\/2026\/04\/1000412816-1536x1052.jpg 1536w, https:\/\/infomatin-benin.com\/wp-content\/uploads\/2026\/04\/1000412816-2048x1402.jpg 2048w, https:\/\/infomatin-benin.com\/wp-content\/uploads\/2026\/04\/1000412816-220x150.jpg 220w\" sizes=\"auto, (max-width: 1024px) 100vw, 1024px\" \/><\/figure>\n\n\n\n<figure class=\"wp-block-image size-large\"><img loading=\"lazy\" decoding=\"async\" width=\"1024\" height=\"707\" data-id=\"40999\" src=\"https:\/\/infomatin-benin.com\/wp-content\/uploads\/2026\/04\/1000412811-1024x707.jpg\" alt=\"\" class=\"wp-image-40999\" srcset=\"https:\/\/infomatin-benin.com\/wp-content\/uploads\/2026\/04\/1000412811-1024x707.jpg 1024w, https:\/\/infomatin-benin.com\/wp-content\/uploads\/2026\/04\/1000412811-300x207.jpg 300w, https:\/\/infomatin-benin.com\/wp-content\/uploads\/2026\/04\/1000412811-768x530.jpg 768w, https:\/\/infomatin-benin.com\/wp-content\/uploads\/2026\/04\/1000412811-1536x1061.jpg 1536w, https:\/\/infomatin-benin.com\/wp-content\/uploads\/2026\/04\/1000412811-2048x1414.jpg 2048w\" sizes=\"auto, (max-width: 1024px) 100vw, 1024px\" \/><\/figure>\n\n\n\n<figure class=\"wp-block-image size-large\"><img loading=\"lazy\" decoding=\"async\" width=\"1024\" height=\"426\" data-id=\"41003\" src=\"https:\/\/infomatin-benin.com\/wp-content\/uploads\/2026\/04\/1000412799-1024x426.jpg\" alt=\"\" class=\"wp-image-41003\" srcset=\"https:\/\/infomatin-benin.com\/wp-content\/uploads\/2026\/04\/1000412799-1024x426.jpg 1024w, https:\/\/infomatin-benin.com\/wp-content\/uploads\/2026\/04\/1000412799-300x125.jpg 300w, https:\/\/infomatin-benin.com\/wp-content\/uploads\/2026\/04\/1000412799-768x319.jpg 768w, https:\/\/infomatin-benin.com\/wp-content\/uploads\/2026\/04\/1000412799-1536x638.jpg 1536w, https:\/\/infomatin-benin.com\/wp-content\/uploads\/2026\/04\/1000412799-2048x851.jpg 2048w\" sizes=\"auto, (max-width: 1024px) 100vw, 1024px\" \/><\/figure>\n\n\n\n<figure class=\"wp-block-image size-large\"><img loading=\"lazy\" decoding=\"async\" width=\"1024\" height=\"397\" data-id=\"41004\" src=\"https:\/\/infomatin-benin.com\/wp-content\/uploads\/2026\/04\/1000412803-1024x397.jpg\" alt=\"\" class=\"wp-image-41004\" srcset=\"https:\/\/infomatin-benin.com\/wp-content\/uploads\/2026\/04\/1000412803-1024x397.jpg 1024w, https:\/\/infomatin-benin.com\/wp-content\/uploads\/2026\/04\/1000412803-300x116.jpg 300w, https:\/\/infomatin-benin.com\/wp-content\/uploads\/2026\/04\/1000412803-768x298.jpg 768w, https:\/\/infomatin-benin.com\/wp-content\/uploads\/2026\/04\/1000412803-1536x596.jpg 1536w, https:\/\/infomatin-benin.com\/wp-content\/uploads\/2026\/04\/1000412803-2048x794.jpg 2048w\" sizes=\"auto, (max-width: 1024px) 100vw, 1024px\" \/><\/figure>\n\n\n\n<figure class=\"wp-block-image size-large\"><img loading=\"lazy\" decoding=\"async\" width=\"1024\" height=\"414\" data-id=\"41005\" src=\"https:\/\/infomatin-benin.com\/wp-content\/uploads\/2026\/04\/1000412807-1024x414.jpg\" alt=\"\" class=\"wp-image-41005\" srcset=\"https:\/\/infomatin-benin.com\/wp-content\/uploads\/2026\/04\/1000412807-1024x414.jpg 1024w, https:\/\/infomatin-benin.com\/wp-content\/uploads\/2026\/04\/1000412807-300x121.jpg 300w, https:\/\/infomatin-benin.com\/wp-content\/uploads\/2026\/04\/1000412807-768x310.jpg 768w, https:\/\/infomatin-benin.com\/wp-content\/uploads\/2026\/04\/1000412807-1536x620.jpg 1536w, https:\/\/infomatin-benin.com\/wp-content\/uploads\/2026\/04\/1000412807-2048x827.jpg 2048w\" sizes=\"auto, (max-width: 1024px) 100vw, 1024px\" \/><\/figure>\n<\/figure>\n\n\n\n<p>Mathieu Agossou HOUNHOUI<\/p>\n","protected":false},"excerpt":{"rendered":"<p>Les agro\u00e9cologistes et d\u00e9fenseurs de la nature r\u00e9unis au sein du R\u00e9seau des \u00c9cologistes et D\u00e9fenseurs de la Nature (REDN) ont affich\u00e9 leur position dans le cadre de la pr\u00e9sidentielle de 2026 au B\u00e9nin. R\u00e9unis \u00e0 Cotonou, au Foyer des Marins Stella Maris, et au d\u00e9tour d&rsquo;une conf\u00e9rence de presse, ces acteurs engag\u00e9s pour la &hellip;<\/p>\n","protected":false},"author":2,"featured_media":40995,"comment_status":"open","ping_status":"open","sticky":false,"template":"","format":"standard","meta":{"footnotes":""},"categories":[33],"tags":[],"class_list":["post-40996","post","type-post","status-publish","format-standard","has-post-thumbnail","hentry","category-politique"],"yoast_head":"<!-- This site is optimized with the Yoast SEO plugin v26.3 - https:\/\/yoast.com\/wordpress\/plugins\/seo\/ -->\n<title>Pr\u00e9sidentielles 2026 au B\u00e9nin : Le r\u00e9seau des \u00e9cologistes et d\u00e9fenseurs de la nature soutient le duo Wadagni\u2013Talata pour un B\u00e9nin plus vert - infomatin<\/title>\n<meta name=\"robots\" content=\"index, follow, max-snippet:-1, max-image-preview:large, max-video-preview:-1\" \/>\n<link rel=\"canonical\" href=\"http:\/\/infomatin-benin.com\/infomatinvrai2\/2026\/04\/presidentielles-2026-au-benin-le-reseau-des-ecologistes-et-defenseurs-de-la-nature-soutient-le-duo-wadagni-talata-pour-un-benin-plus-vert\/\" \/>\n<meta property=\"og:locale\" content=\"fr_FR\" \/>\n<meta property=\"og:type\" content=\"article\" \/>\n<meta property=\"og:title\" content=\"Pr\u00e9sidentielles 2026 au B\u00e9nin : Le r\u00e9seau des \u00e9cologistes et d\u00e9fenseurs de la nature soutient le duo Wadagni\u2013Talata pour un B\u00e9nin plus vert - infomatin\" \/>\n<meta property=\"og:description\" content=\"Les agro\u00e9cologistes et d\u00e9fenseurs de la nature r\u00e9unis au sein du R\u00e9seau des \u00c9cologistes et D\u00e9fenseurs de la Nature (REDN) ont affich\u00e9 leur position dans le cadre de la pr\u00e9sidentielle de 2026 au B\u00e9nin. R\u00e9unis \u00e0 Cotonou, au Foyer des Marins Stella Maris, et au d\u00e9tour d&rsquo;une conf\u00e9rence de presse, ces acteurs engag\u00e9s pour la &hellip;\" \/>\n<meta property=\"og:url\" content=\"http:\/\/infomatin-benin.com\/infomatinvrai2\/2026\/04\/presidentielles-2026-au-benin-le-reseau-des-ecologistes-et-defenseurs-de-la-nature-soutient-le-duo-wadagni-talata-pour-un-benin-plus-vert\/\" \/>\n<meta property=\"og:site_name\" content=\"infomatin\" \/>\n<meta property=\"article:published_time\" content=\"2026-04-07T03:32:13+00:00\" \/>\n<meta property=\"article:modified_time\" content=\"2026-04-07T03:32:14+00:00\" \/>\n<meta property=\"og:image\" content=\"http:\/\/infomatin-benin.com\/wp-content\/uploads\/2026\/04\/IMG-20260405-WA0300.jpg\" \/>\n\t<meta property=\"og:image:width\" content=\"2560\" \/>\n\t<meta property=\"og:image:height\" content=\"1182\" \/>\n\t<meta property=\"og:image:type\" content=\"image\/jpeg\" \/>\n<meta name=\"author\" content=\"INFO MATIN\" \/>\n<meta name=\"twitter:card\" content=\"summary_large_image\" \/>\n<meta name=\"twitter:label1\" content=\"\u00c9crit par\" \/>\n\t<meta name=\"twitter:data1\" content=\"INFO MATIN\" \/>\n\t<meta name=\"twitter:label2\" content=\"Dur\u00e9e de lecture estim\u00e9e\" \/>\n\t<meta name=\"twitter:data2\" content=\"4 minutes\" \/>\n<script type=\"application\/ld+json\" class=\"yoast-schema-graph\">{\"@context\":\"https:\/\/schema.org\",\"@graph\":[{\"@type\":\"WebPage\",\"@id\":\"http:\/\/infomatin-benin.com\/infomatinvrai2\/2026\/04\/presidentielles-2026-au-benin-le-reseau-des-ecologistes-et-defenseurs-de-la-nature-soutient-le-duo-wadagni-talata-pour-un-benin-plus-vert\/\",\"url\":\"http:\/\/infomatin-benin.com\/infomatinvrai2\/2026\/04\/presidentielles-2026-au-benin-le-reseau-des-ecologistes-et-defenseurs-de-la-nature-soutient-le-duo-wadagni-talata-pour-un-benin-plus-vert\/\",\"name\":\"Pr\u00e9sidentielles 2026 au B\u00e9nin : Le r\u00e9seau des \u00e9cologistes et d\u00e9fenseurs de la nature soutient le duo Wadagni\u2013Talata pour un B\u00e9nin plus vert - infomatin\",\"isPartOf\":{\"@id\":\"https:\/\/infomatin-benin.com\/infomatinvrai2\/#website\"},\"primaryImageOfPage\":{\"@id\":\"http:\/\/infomatin-benin.com\/infomatinvrai2\/2026\/04\/presidentielles-2026-au-benin-le-reseau-des-ecologistes-et-defenseurs-de-la-nature-soutient-le-duo-wadagni-talata-pour-un-benin-plus-vert\/#primaryimage\"},\"image\":{\"@id\":\"http:\/\/infomatin-benin.com\/infomatinvrai2\/2026\/04\/presidentielles-2026-au-benin-le-reseau-des-ecologistes-et-defenseurs-de-la-nature-soutient-le-duo-wadagni-talata-pour-un-benin-plus-vert\/#primaryimage\"},\"thumbnailUrl\":\"https:\/\/infomatin-benin.com\/wp-content\/uploads\/2026\/04\/IMG-20260405-WA0300.jpg\",\"datePublished\":\"2026-04-07T03:32:13+00:00\",\"dateModified\":\"2026-04-07T03:32:14+00:00\",\"author\":{\"@id\":\"https:\/\/infomatin-benin.com\/infomatinvrai2\/#\/schema\/person\/6f847d9031293bab56c49b80b74bea0b\"},\"breadcrumb\":{\"@id\":\"http:\/\/infomatin-benin.com\/infomatinvrai2\/2026\/04\/presidentielles-2026-au-benin-le-reseau-des-ecologistes-et-defenseurs-de-la-nature-soutient-le-duo-wadagni-talata-pour-un-benin-plus-vert\/#breadcrumb\"},\"inLanguage\":\"fr-FR\",\"potentialAction\":[{\"@type\":\"ReadAction\",\"target\":[\"http:\/\/infomatin-benin.com\/infomatinvrai2\/2026\/04\/presidentielles-2026-au-benin-le-reseau-des-ecologistes-et-defenseurs-de-la-nature-soutient-le-duo-wadagni-talata-pour-un-benin-plus-vert\/\"]}]},{\"@type\":\"ImageObject\",\"inLanguage\":\"fr-FR\",\"@id\":\"http:\/\/infomatin-benin.com\/infomatinvrai2\/2026\/04\/presidentielles-2026-au-benin-le-reseau-des-ecologistes-et-defenseurs-de-la-nature-soutient-le-duo-wadagni-talata-pour-un-benin-plus-vert\/#primaryimage\",\"url\":\"https:\/\/infomatin-benin.com\/wp-content\/uploads\/2026\/04\/IMG-20260405-WA0300.jpg\",\"contentUrl\":\"https:\/\/infomatin-benin.com\/wp-content\/uploads\/2026\/04\/IMG-20260405-WA0300.jpg\",\"width\":2560,\"height\":1182},{\"@type\":\"BreadcrumbList\",\"@id\":\"http:\/\/infomatin-benin.com\/infomatinvrai2\/2026\/04\/presidentielles-2026-au-benin-le-reseau-des-ecologistes-et-defenseurs-de-la-nature-soutient-le-duo-wadagni-talata-pour-un-benin-plus-vert\/#breadcrumb\",\"itemListElement\":[{\"@type\":\"ListItem\",\"position\":1,\"name\":\"Accueil\",\"item\":\"https:\/\/infomatin-benin.com\/infomatinvrai2\/\"},{\"@type\":\"ListItem\",\"position\":2,\"name\":\"Pr\u00e9sidentielles 2026 au B\u00e9nin : Le r\u00e9seau des \u00e9cologistes et d\u00e9fenseurs de la nature soutient le duo Wadagni\u2013Talata pour un B\u00e9nin plus vert\"}]},{\"@type\":\"WebSite\",\"@id\":\"https:\/\/infomatin-benin.com\/infomatinvrai2\/#website\",\"url\":\"https:\/\/infomatin-benin.com\/infomatinvrai2\/\",\"name\":\"infomatin\",\"description\":\"Informer, notre m\u00e9tier\",\"potentialAction\":[{\"@type\":\"SearchAction\",\"target\":{\"@type\":\"EntryPoint\",\"urlTemplate\":\"https:\/\/infomatin-benin.com\/infomatinvrai2\/?s={search_term_string}\"},\"query-input\":{\"@type\":\"PropertyValueSpecification\",\"valueRequired\":true,\"valueName\":\"search_term_string\"}}],\"inLanguage\":\"fr-FR\"},{\"@type\":\"Person\",\"@id\":\"https:\/\/infomatin-benin.com\/infomatinvrai2\/#\/schema\/person\/6f847d9031293bab56c49b80b74bea0b\",\"name\":\"INFO MATIN\",\"image\":{\"@type\":\"ImageObject\",\"inLanguage\":\"fr-FR\",\"@id\":\"https:\/\/infomatin-benin.com\/infomatinvrai2\/#\/schema\/person\/image\/\",\"url\":\"https:\/\/secure.gravatar.com\/avatar\/2820a6de81a9d99fdb43e52acf2e17b10644be831bebe6d0c25e0e56ee49393f?s=96&d=mm&r=g\",\"contentUrl\":\"https:\/\/secure.gravatar.com\/avatar\/2820a6de81a9d99fdb43e52acf2e17b10644be831bebe6d0c25e0e56ee49393f?s=96&d=mm&r=g\",\"caption\":\"INFO MATIN\"},\"url\":\"https:\/\/infomatin-benin.com\/infomatinvrai2\/author\/ramatou\/\"}]}<\/script>\n<!-- \/ Yoast SEO plugin. -->","yoast_head_json":{"title":"Pr\u00e9sidentielles 2026 au B\u00e9nin : Le r\u00e9seau des \u00e9cologistes et d\u00e9fenseurs de la nature soutient le duo Wadagni\u2013Talata pour un B\u00e9nin plus vert - infomatin","robots":{"index":"index","follow":"follow","max-snippet":"max-snippet:-1","max-image-preview":"max-image-preview:large","max-video-preview":"max-video-preview:-1"},"canonical":"http:\/\/infomatin-benin.com\/infomatinvrai2\/2026\/04\/presidentielles-2026-au-benin-le-reseau-des-ecologistes-et-defenseurs-de-la-nature-soutient-le-duo-wadagni-talata-pour-un-benin-plus-vert\/","og_locale":"fr_FR","og_type":"article","og_title":"Pr\u00e9sidentielles 2026 au B\u00e9nin : Le r\u00e9seau des \u00e9cologistes et d\u00e9fenseurs de la nature soutient le duo Wadagni\u2013Talata pour un B\u00e9nin plus vert - infomatin","og_description":"Les agro\u00e9cologistes et d\u00e9fenseurs de la nature r\u00e9unis au sein du R\u00e9seau des \u00c9cologistes et D\u00e9fenseurs de la Nature (REDN) ont affich\u00e9 leur position dans le cadre de la pr\u00e9sidentielle de 2026 au B\u00e9nin. R\u00e9unis \u00e0 Cotonou, au Foyer des Marins Stella Maris, et au d\u00e9tour d&rsquo;une conf\u00e9rence de presse, ces acteurs engag\u00e9s pour la &hellip;","og_url":"http:\/\/infomatin-benin.com\/infomatinvrai2\/2026\/04\/presidentielles-2026-au-benin-le-reseau-des-ecologistes-et-defenseurs-de-la-nature-soutient-le-duo-wadagni-talata-pour-un-benin-plus-vert\/","og_site_name":"infomatin","article_published_time":"2026-04-07T03:32:13+00:00","article_modified_time":"2026-04-07T03:32:14+00:00","og_image":[{"width":2560,"height":1182,"url":"http:\/\/infomatin-benin.com\/wp-content\/uploads\/2026\/04\/IMG-20260405-WA0300.jpg","type":"image\/jpeg"}],"author":"INFO MATIN","twitter_card":"summary_large_image","twitter_misc":{"\u00c9crit par":"INFO MATIN","Dur\u00e9e de lecture estim\u00e9e":"4 minutes"},"schema":{"@context":"https:\/\/schema.org","@graph":[{"@type":"WebPage","@id":"http:\/\/infomatin-benin.com\/infomatinvrai2\/2026\/04\/presidentielles-2026-au-benin-le-reseau-des-ecologistes-et-defenseurs-de-la-nature-soutient-le-duo-wadagni-talata-pour-un-benin-plus-vert\/","url":"http:\/\/infomatin-benin.com\/infomatinvrai2\/2026\/04\/presidentielles-2026-au-benin-le-reseau-des-ecologistes-et-defenseurs-de-la-nature-soutient-le-duo-wadagni-talata-pour-un-benin-plus-vert\/","name":"Pr\u00e9sidentielles 2026 au B\u00e9nin : Le r\u00e9seau des \u00e9cologistes et d\u00e9fenseurs de la nature soutient le duo Wadagni\u2013Talata pour un B\u00e9nin plus vert - infomatin","isPartOf":{"@id":"https:\/\/infomatin-benin.com\/infomatinvrai2\/#website"},"primaryImageOfPage":{"@id":"http:\/\/infomatin-benin.com\/infomatinvrai2\/2026\/04\/presidentielles-2026-au-benin-le-reseau-des-ecologistes-et-defenseurs-de-la-nature-soutient-le-duo-wadagni-talata-pour-un-benin-plus-vert\/#primaryimage"},"image":{"@id":"http:\/\/infomatin-benin.com\/infomatinvrai2\/2026\/04\/presidentielles-2026-au-benin-le-reseau-des-ecologistes-et-defenseurs-de-la-nature-soutient-le-duo-wadagni-talata-pour-un-benin-plus-vert\/#primaryimage"},"thumbnailUrl":"https:\/\/infomatin-benin.com\/wp-content\/uploads\/2026\/04\/IMG-20260405-WA0300.jpg","datePublished":"2026-04-07T03:32:13+00:00","dateModified":"2026-04-07T03:32:14+00:00","author":{"@id":"https:\/\/infomatin-benin.com\/infomatinvrai2\/#\/schema\/person\/6f847d9031293bab56c49b80b74bea0b"},"breadcrumb":{"@id":"http:\/\/infomatin-benin.com\/infomatinvrai2\/2026\/04\/presidentielles-2026-au-benin-le-reseau-des-ecologistes-et-defenseurs-de-la-nature-soutient-le-duo-wadagni-talata-pour-un-benin-plus-vert\/#breadcrumb"},"inLanguage":"fr-FR","potentialAction":[{"@type":"ReadAction","target":["http:\/\/infomatin-benin.com\/infomatinvrai2\/2026\/04\/presidentielles-2026-au-benin-le-reseau-des-ecologistes-et-defenseurs-de-la-nature-soutient-le-duo-wadagni-talata-pour-un-benin-plus-vert\/"]}]},{"@type":"ImageObject","inLanguage":"fr-FR","@id":"http:\/\/infomatin-benin.com\/infomatinvrai2\/2026\/04\/presidentielles-2026-au-benin-le-reseau-des-ecologistes-et-defenseurs-de-la-nature-soutient-le-duo-wadagni-talata-pour-un-benin-plus-vert\/#primaryimage","url":"https:\/\/infomatin-benin.com\/wp-content\/uploads\/2026\/04\/IMG-20260405-WA0300.jpg","contentUrl":"https:\/\/infomatin-benin.com\/wp-content\/uploads\/2026\/04\/IMG-20260405-WA0300.jpg","width":2560,"height":1182},{"@type":"BreadcrumbList","@id":"http:\/\/infomatin-benin.com\/infomatinvrai2\/2026\/04\/presidentielles-2026-au-benin-le-reseau-des-ecologistes-et-defenseurs-de-la-nature-soutient-le-duo-wadagni-talata-pour-un-benin-plus-vert\/#breadcrumb","itemListElement":[{"@type":"ListItem","position":1,"name":"Accueil","item":"https:\/\/infomatin-benin.com\/infomatinvrai2\/"},{"@type":"ListItem","position":2,"name":"Pr\u00e9sidentielles 2026 au B\u00e9nin : Le r\u00e9seau des \u00e9cologistes et d\u00e9fenseurs de la nature soutient le duo Wadagni\u2013Talata pour un B\u00e9nin plus vert"}]},{"@type":"WebSite","@id":"https:\/\/infomatin-benin.com\/infomatinvrai2\/#website","url":"https:\/\/infomatin-benin.com\/infomatinvrai2\/","name":"infomatin","description":"Informer, notre m\u00e9tier","potentialAction":[{"@type":"SearchAction","target":{"@type":"EntryPoint","urlTemplate":"https:\/\/infomatin-benin.com\/infomatinvrai2\/?s={search_term_string}"},"query-input":{"@type":"PropertyValueSpecification","valueRequired":true,"valueName":"search_term_string"}}],"inLanguage":"fr-FR"},{"@type":"Person","@id":"https:\/\/infomatin-benin.com\/infomatinvrai2\/#\/schema\/person\/6f847d9031293bab56c49b80b74bea0b","name":"INFO MATIN","image":{"@type":"ImageObject","inLanguage":"fr-FR","@id":"https:\/\/infomatin-benin.com\/infomatinvrai2\/#\/schema\/person\/image\/","url":"https:\/\/secure.gravatar.com\/avatar\/2820a6de81a9d99fdb43e52acf2e17b10644be831bebe6d0c25e0e56ee49393f?s=96&d=mm&r=g","contentUrl":"https:\/\/secure.gravatar.com\/avatar\/2820a6de81a9d99fdb43e52acf2e17b10644be831bebe6d0c25e0e56ee49393f?s=96&d=mm&r=g","caption":"INFO MATIN"},"url":"https:\/\/infomatin-benin.com\/infomatinvrai2\/author\/ramatou\/"}]}},"_links":{"self":[{"href":"https:\/\/infomatin-benin.com\/infomatinvrai2\/wp-json\/wp\/v2\/posts\/40996","targetHints":{"allow":["GET"]}}],"collection":[{"href":"https:\/\/infomatin-benin.com\/infomatinvrai2\/wp-json\/wp\/v2\/posts"}],"about":[{"href":"https:\/\/infomatin-benin.com\/infomatinvrai2\/wp-json\/wp\/v2\/types\/post"}],"author":[{"embeddable":true,"href":"https:\/\/infomatin-benin.com\/infomatinvrai2\/wp-json\/wp\/v2\/users\/2"}],"replies":[{"embeddable":true,"href":"https:\/\/infomatin-benin.com\/infomatinvrai2\/wp-json\/wp\/v2\/comments?post=40996"}],"version-history":[{"count":1,"href":"https:\/\/infomatin-benin.com\/infomatinvrai2\/wp-json\/wp\/v2\/posts\/40996\/revisions"}],"predecessor-version":[{"id":41006,"href":"https:\/\/infomatin-benin.com\/infomatinvrai2\/wp-json\/wp\/v2\/posts\/40996\/revisions\/41006"}],"wp:featuredmedia":[{"embeddable":true,"href":"https:\/\/infomatin-benin.com\/infomatinvrai2\/wp-json\/wp\/v2\/media\/40995"}],"wp:attachment":[{"href":"https:\/\/infomatin-benin.com\/infomatinvrai2\/wp-json\/wp\/v2\/media?parent=40996"}],"wp:term":[{"taxonomy":"category","embeddable":true,"href":"https:\/\/infomatin-benin.com\/infomatinvrai2\/wp-json\/wp\/v2\/categories?post=40996"},{"taxonomy":"post_tag","embeddable":true,"href":"https:\/\/infomatin-benin.com\/infomatinvrai2\/wp-json\/wp\/v2\/tags?post=40996"}],"curies":[{"name":"wp","href":"https:\/\/api.w.org\/{rel}","templated":true}]}}