{"id":24127,"date":"2024-09-20T18:57:12","date_gmt":"2024-09-20T16:57:12","guid":{"rendered":"https:\/\/infomatin-benin.com\/?p=24127"},"modified":"2024-09-20T18:57:12","modified_gmt":"2024-09-20T16:57:12","slug":"audience-au-cabinet-du-maire-dabomey-calavi-ce-matin-le-leadership-du-maire-ahouandjinou-inspire-les-enfants-de-lanaceb","status":"publish","type":"post","link":"https:\/\/infomatin-benin.com\/infomatinvrai2\/2024\/09\/audience-au-cabinet-du-maire-dabomey-calavi-ce-matin-le-leadership-du-maire-ahouandjinou-inspire-les-enfants-de-lanaceb\/","title":{"rendered":"AUDIENCE AU CABINET DU MAIRE D\u2019ABOMEY-CALAVI CE MATIN : Le leadership du maire Ahouandjinou inspire \u00ab\u00a0les enfants Maires\u00a0\u00bb de l\u2019ANACEB"},"content":{"rendered":"\n<p>Ils sont venus de tous les d\u00e9partements du B\u00e9nin \u00e0 la rencontre du maire d\u2019Abomey-calavi ce matin. Angelo Evariste Ahouandjinou maire de la commune d\u2019Abomey-Calavi a \u00e9t\u00e9 tr\u00e8s enthousiaste de recevoir en audience \u00e0 son cabinet les membres de l\u2019association nationale des conseils d\u2019enfants du B\u00e9nin(Anaceb).Compos\u00e9e de toutes les soixante-dix-sept communes du B\u00e9nin,ils ont \u00e9t\u00e9 s\u00e9duits par le leadership du maire de la plus grande ville du B\u00e9nin raison pour laquelle ils ont d\u00e9cid\u00e9 d\u2019envoyer une d\u00e9l\u00e9gation \u00e0 sa rencontre.Maire enfant de leur \u00e9tat,  ils ont voulu aller prendre quelques conseils chez leur \u2018\u2019homologue\u2019\u2019 maire de la commune d\u2019Abomey-calavi Angelo Evariste Ahouandjinou pour qui, ils vouent une admiration toute particuli\u00e8re. Apr\u00e8s une br\u00e8ve pr\u00e9sentation de chaque membre de la d\u00e9l\u00e9gation et des encadreurs, place a \u00e9t\u00e9 faite aux dol\u00e9ances des enfants maires du B\u00e9nin.ici,ils ont souhait\u00e9 b\u00e9n\u00e9ficier de l\u2019appui du maire pour un partenariat avec l\u2019association nationale des communes du B\u00e9nin (Ancb) pr\u00e9sid\u00e9e par le maire de Cotonou Luc S\u00e8tondji Atrokpo avec qui ils souhaiteraient \u00eatre re\u00e7us en audience d\u2019une part puis un accord de si\u00e8ge avec Abomey-Calavi dirig\u00e9e leur h\u00f4te du jour  Angelo Evariste Ahouandjinou d\u2019autre part.Aussi souhaiteraient -ils l\u2019appui logistique et financier en lien avec le Plan de travail annuel 2025 de l\u2019Anaceb par la mairie d\u2019Abomey-Calavi. En r\u00e9ponse \u00e0 toutes ces dol\u00e9ances et d\u2019autres encore, le maire Angelo Evariste Ahouandjinou a dit \u00e0 ses \u2018\u2019jeunes homologues\u2019\u2019 combien il \u00e9tait content d\u2019\u00e9changer avec des jeunes si brillants et pleins d\u2019avenir.C\u2019est pour cela qu\u2019il leur a promis son soutien et celui de son conseil   communal qu\u2019il  va associer aux diff\u00e9rents projets de l\u2019Anaceb. A ces mots,  la repr\u00e9sente des enfants maires du B\u00e9nin, Gertrude Tch\u00e9w\u00e9l\u00e9 a remerci\u00e9 le maire Angelo Evariste Ahouandjinou pour sa spontan\u00e9it\u00e9 en promettant qu\u2019un compte rendu fid\u00e8le sera fait \u00e0 ses camarades qui n\u2019ont pas \u00e9t\u00e9 de la partie.L\u2019association nationale des conseils d\u2019enfants du B\u00e9nin (Anaceb),a pour objectifs de renforcer la citoyennet\u00e9 et le leadership chez les enfants d\u2019une part et  de promouvoir le plaidoyer ,l\u2019intercommunalit\u00e9 et la coop\u00e9ration d\u00e9centralis\u00e9e internationale pour un d\u00e9veloppement humain durable d\u2019autre part.                        <\/p>\n\n\n\n<p><\/p>\n\n\n\n<p>Source :Ccom Maire Abomey-calavi<\/p>\n\n\n\n<p><\/p>\n\n\n\n<p><\/p>\n\n\n\n<p><\/p>\n\n\n\n<figure class=\"wp-block-gallery has-nested-images columns-default is-cropped wp-block-gallery-1 is-layout-flex wp-block-gallery-is-layout-flex\">\n<figure class=\"wp-block-image size-large\"><img loading=\"lazy\" decoding=\"async\" width=\"1024\" height=\"1024\" data-id=\"24130\" src=\"https:\/\/infomatin-benin.com\/wp-content\/uploads\/2024\/09\/IMG-20240920-WA0073-1-1024x1024.jpg\" alt=\"\" class=\"wp-image-24130\" srcset=\"https:\/\/infomatin-benin.com\/wp-content\/uploads\/2024\/09\/IMG-20240920-WA0073-1-1024x1024.jpg 1024w, https:\/\/infomatin-benin.com\/wp-content\/uploads\/2024\/09\/IMG-20240920-WA0073-1-300x300.jpg 300w, https:\/\/infomatin-benin.com\/wp-content\/uploads\/2024\/09\/IMG-20240920-WA0073-1-150x150.jpg 150w, https:\/\/infomatin-benin.com\/wp-content\/uploads\/2024\/09\/IMG-20240920-WA0073-1-768x768.jpg 768w, https:\/\/infomatin-benin.com\/wp-content\/uploads\/2024\/09\/IMG-20240920-WA0073-1.jpg 1280w\" sizes=\"auto, (max-width: 1024px) 100vw, 1024px\" \/><\/figure>\n\n\n\n<figure class=\"wp-block-image size-large\"><img loading=\"lazy\" decoding=\"async\" width=\"949\" height=\"1024\" data-id=\"24129\" src=\"https:\/\/infomatin-benin.com\/wp-content\/uploads\/2024\/09\/IMG-20240920-WA0074-949x1024.jpg\" alt=\"\" class=\"wp-image-24129\" srcset=\"https:\/\/infomatin-benin.com\/wp-content\/uploads\/2024\/09\/IMG-20240920-WA0074-949x1024.jpg 949w, https:\/\/infomatin-benin.com\/wp-content\/uploads\/2024\/09\/IMG-20240920-WA0074-278x300.jpg 278w, https:\/\/infomatin-benin.com\/wp-content\/uploads\/2024\/09\/IMG-20240920-WA0074-768x828.jpg 768w, https:\/\/infomatin-benin.com\/wp-content\/uploads\/2024\/09\/IMG-20240920-WA0074.jpg 1080w\" sizes=\"auto, (max-width: 949px) 100vw, 949px\" \/><\/figure>\n<\/figure>\n","protected":false},"excerpt":{"rendered":"<p>Ils sont venus de tous les d\u00e9partements du B\u00e9nin \u00e0 la rencontre du maire d\u2019Abomey-calavi ce matin. Angelo Evariste Ahouandjinou maire de la commune d\u2019Abomey-Calavi a \u00e9t\u00e9 tr\u00e8s enthousiaste de recevoir en audience \u00e0 son cabinet les membres de l\u2019association nationale des conseils d\u2019enfants du B\u00e9nin(Anaceb).Compos\u00e9e de toutes les soixante-dix-sept communes du B\u00e9nin,ils ont \u00e9t\u00e9 &hellip;<\/p>\n","protected":false},"author":1,"featured_media":24128,"comment_status":"open","ping_status":"open","sticky":false,"template":"","format":"standard","meta":{"footnotes":""},"categories":[341],"tags":[],"class_list":["post-24127","post","type-post","status-publish","format-standard","has-post-thumbnail","hentry","category-education"],"yoast_head":"<!-- This site is optimized with the Yoast SEO plugin v26.3 - https:\/\/yoast.com\/wordpress\/plugins\/seo\/ -->\n<title>AUDIENCE AU CABINET DU MAIRE D\u2019ABOMEY-CALAVI CE MATIN : Le leadership du maire Ahouandjinou inspire &quot;les enfants Maires&quot; de l\u2019ANACEB - infomatin<\/title>\n<meta name=\"robots\" content=\"index, follow, max-snippet:-1, max-image-preview:large, max-video-preview:-1\" \/>\n<link rel=\"canonical\" href=\"https:\/\/infomatin-benin.com\/infomatinvrai2\/2024\/09\/audience-au-cabinet-du-maire-dabomey-calavi-ce-matin-le-leadership-du-maire-ahouandjinou-inspire-les-enfants-de-lanaceb\/\" \/>\n<meta property=\"og:locale\" content=\"fr_FR\" \/>\n<meta property=\"og:type\" content=\"article\" \/>\n<meta property=\"og:title\" content=\"AUDIENCE AU CABINET DU MAIRE D\u2019ABOMEY-CALAVI CE MATIN : Le leadership du maire Ahouandjinou inspire &quot;les enfants Maires&quot; de l\u2019ANACEB - infomatin\" \/>\n<meta property=\"og:description\" content=\"Ils sont venus de tous les d\u00e9partements du B\u00e9nin \u00e0 la rencontre du maire d\u2019Abomey-calavi ce matin. Angelo Evariste Ahouandjinou maire de la commune d\u2019Abomey-Calavi a \u00e9t\u00e9 tr\u00e8s enthousiaste de recevoir en audience \u00e0 son cabinet les membres de l\u2019association nationale des conseils d\u2019enfants du B\u00e9nin(Anaceb).Compos\u00e9e de toutes les soixante-dix-sept communes du B\u00e9nin,ils ont \u00e9t\u00e9 &hellip;\" \/>\n<meta property=\"og:url\" content=\"https:\/\/infomatin-benin.com\/infomatinvrai2\/2024\/09\/audience-au-cabinet-du-maire-dabomey-calavi-ce-matin-le-leadership-du-maire-ahouandjinou-inspire-les-enfants-de-lanaceb\/\" \/>\n<meta property=\"og:site_name\" content=\"infomatin\" \/>\n<meta property=\"article:published_time\" content=\"2024-09-20T16:57:12+00:00\" \/>\n<meta property=\"og:image\" content=\"https:\/\/infomatin-benin.com\/wp-content\/uploads\/2024\/09\/IMG-20240920-WA0073.jpg\" \/>\n\t<meta property=\"og:image:width\" content=\"1280\" \/>\n\t<meta property=\"og:image:height\" content=\"1280\" \/>\n\t<meta property=\"og:image:type\" content=\"image\/jpeg\" \/>\n<meta name=\"author\" content=\"abiolos\" \/>\n<meta name=\"twitter:card\" content=\"summary_large_image\" \/>\n<meta name=\"twitter:label1\" content=\"\u00c9crit par\" \/>\n\t<meta name=\"twitter:data1\" content=\"abiolos\" \/>\n\t<meta name=\"twitter:label2\" content=\"Dur\u00e9e de lecture estim\u00e9e\" \/>\n\t<meta name=\"twitter:data2\" content=\"2 minutes\" \/>\n<script type=\"application\/ld+json\" class=\"yoast-schema-graph\">{\"@context\":\"https:\/\/schema.org\",\"@graph\":[{\"@type\":\"WebPage\",\"@id\":\"https:\/\/infomatin-benin.com\/infomatinvrai2\/2024\/09\/audience-au-cabinet-du-maire-dabomey-calavi-ce-matin-le-leadership-du-maire-ahouandjinou-inspire-les-enfants-de-lanaceb\/\",\"url\":\"https:\/\/infomatin-benin.com\/infomatinvrai2\/2024\/09\/audience-au-cabinet-du-maire-dabomey-calavi-ce-matin-le-leadership-du-maire-ahouandjinou-inspire-les-enfants-de-lanaceb\/\",\"name\":\"AUDIENCE AU CABINET DU MAIRE D\u2019ABOMEY-CALAVI CE MATIN : Le leadership du maire Ahouandjinou inspire \\\"les enfants Maires\\\" de l\u2019ANACEB - infomatin\",\"isPartOf\":{\"@id\":\"https:\/\/infomatin-benin.com\/infomatinvrai2\/#website\"},\"primaryImageOfPage\":{\"@id\":\"https:\/\/infomatin-benin.com\/infomatinvrai2\/2024\/09\/audience-au-cabinet-du-maire-dabomey-calavi-ce-matin-le-leadership-du-maire-ahouandjinou-inspire-les-enfants-de-lanaceb\/#primaryimage\"},\"image\":{\"@id\":\"https:\/\/infomatin-benin.com\/infomatinvrai2\/2024\/09\/audience-au-cabinet-du-maire-dabomey-calavi-ce-matin-le-leadership-du-maire-ahouandjinou-inspire-les-enfants-de-lanaceb\/#primaryimage\"},\"thumbnailUrl\":\"https:\/\/infomatin-benin.com\/wp-content\/uploads\/2024\/09\/IMG-20240920-WA0073.jpg\",\"datePublished\":\"2024-09-20T16:57:12+00:00\",\"author\":{\"@id\":\"https:\/\/infomatin-benin.com\/infomatinvrai2\/#\/schema\/person\/58f588cdb0d234d5037988769353ecab\"},\"breadcrumb\":{\"@id\":\"https:\/\/infomatin-benin.com\/infomatinvrai2\/2024\/09\/audience-au-cabinet-du-maire-dabomey-calavi-ce-matin-le-leadership-du-maire-ahouandjinou-inspire-les-enfants-de-lanaceb\/#breadcrumb\"},\"inLanguage\":\"fr-FR\",\"potentialAction\":[{\"@type\":\"ReadAction\",\"target\":[\"https:\/\/infomatin-benin.com\/infomatinvrai2\/2024\/09\/audience-au-cabinet-du-maire-dabomey-calavi-ce-matin-le-leadership-du-maire-ahouandjinou-inspire-les-enfants-de-lanaceb\/\"]}]},{\"@type\":\"ImageObject\",\"inLanguage\":\"fr-FR\",\"@id\":\"https:\/\/infomatin-benin.com\/infomatinvrai2\/2024\/09\/audience-au-cabinet-du-maire-dabomey-calavi-ce-matin-le-leadership-du-maire-ahouandjinou-inspire-les-enfants-de-lanaceb\/#primaryimage\",\"url\":\"https:\/\/infomatin-benin.com\/wp-content\/uploads\/2024\/09\/IMG-20240920-WA0073.jpg\",\"contentUrl\":\"https:\/\/infomatin-benin.com\/wp-content\/uploads\/2024\/09\/IMG-20240920-WA0073.jpg\",\"width\":1280,\"height\":1280},{\"@type\":\"BreadcrumbList\",\"@id\":\"https:\/\/infomatin-benin.com\/infomatinvrai2\/2024\/09\/audience-au-cabinet-du-maire-dabomey-calavi-ce-matin-le-leadership-du-maire-ahouandjinou-inspire-les-enfants-de-lanaceb\/#breadcrumb\",\"itemListElement\":[{\"@type\":\"ListItem\",\"position\":1,\"name\":\"Accueil\",\"item\":\"https:\/\/infomatin-benin.com\/infomatinvrai2\/\"},{\"@type\":\"ListItem\",\"position\":2,\"name\":\"AUDIENCE AU CABINET DU MAIRE D\u2019ABOMEY-CALAVI CE MATIN : Le leadership du maire Ahouandjinou inspire \u00ab\u00a0les enfants Maires\u00a0\u00bb de l\u2019ANACEB\"}]},{\"@type\":\"WebSite\",\"@id\":\"https:\/\/infomatin-benin.com\/infomatinvrai2\/#website\",\"url\":\"https:\/\/infomatin-benin.com\/infomatinvrai2\/\",\"name\":\"infomatin\",\"description\":\"Informer, notre m\u00e9tier\",\"potentialAction\":[{\"@type\":\"SearchAction\",\"target\":{\"@type\":\"EntryPoint\",\"urlTemplate\":\"https:\/\/infomatin-benin.com\/infomatinvrai2\/?s={search_term_string}\"},\"query-input\":{\"@type\":\"PropertyValueSpecification\",\"valueRequired\":true,\"valueName\":\"search_term_string\"}}],\"inLanguage\":\"fr-FR\"},{\"@type\":\"Person\",\"@id\":\"https:\/\/infomatin-benin.com\/infomatinvrai2\/#\/schema\/person\/58f588cdb0d234d5037988769353ecab\",\"name\":\"abiolos\",\"image\":{\"@type\":\"ImageObject\",\"inLanguage\":\"fr-FR\",\"@id\":\"https:\/\/infomatin-benin.com\/infomatinvrai2\/#\/schema\/person\/image\/\",\"url\":\"https:\/\/secure.gravatar.com\/avatar\/dd78717a6cfbb73688d69970c97df05428635483c0454a4a72cdc52053a50029?s=96&d=mm&r=g\",\"contentUrl\":\"https:\/\/secure.gravatar.com\/avatar\/dd78717a6cfbb73688d69970c97df05428635483c0454a4a72cdc52053a50029?s=96&d=mm&r=g\",\"caption\":\"abiolos\"},\"sameAs\":[\"https:\/\/infomatin-benin.com\"],\"url\":\"https:\/\/infomatin-benin.com\/infomatinvrai2\/author\/abiolos\/\"}]}<\/script>\n<!-- \/ Yoast SEO plugin. -->","yoast_head_json":{"title":"AUDIENCE AU CABINET DU MAIRE D\u2019ABOMEY-CALAVI CE MATIN : Le leadership du maire Ahouandjinou inspire \"les enfants Maires\" de l\u2019ANACEB - infomatin","robots":{"index":"index","follow":"follow","max-snippet":"max-snippet:-1","max-image-preview":"max-image-preview:large","max-video-preview":"max-video-preview:-1"},"canonical":"https:\/\/infomatin-benin.com\/infomatinvrai2\/2024\/09\/audience-au-cabinet-du-maire-dabomey-calavi-ce-matin-le-leadership-du-maire-ahouandjinou-inspire-les-enfants-de-lanaceb\/","og_locale":"fr_FR","og_type":"article","og_title":"AUDIENCE AU CABINET DU MAIRE D\u2019ABOMEY-CALAVI CE MATIN : Le leadership du maire Ahouandjinou inspire \"les enfants Maires\" de l\u2019ANACEB - infomatin","og_description":"Ils sont venus de tous les d\u00e9partements du B\u00e9nin \u00e0 la rencontre du maire d\u2019Abomey-calavi ce matin. Angelo Evariste Ahouandjinou maire de la commune d\u2019Abomey-Calavi a \u00e9t\u00e9 tr\u00e8s enthousiaste de recevoir en audience \u00e0 son cabinet les membres de l\u2019association nationale des conseils d\u2019enfants du B\u00e9nin(Anaceb).Compos\u00e9e de toutes les soixante-dix-sept communes du B\u00e9nin,ils ont \u00e9t\u00e9 &hellip;","og_url":"https:\/\/infomatin-benin.com\/infomatinvrai2\/2024\/09\/audience-au-cabinet-du-maire-dabomey-calavi-ce-matin-le-leadership-du-maire-ahouandjinou-inspire-les-enfants-de-lanaceb\/","og_site_name":"infomatin","article_published_time":"2024-09-20T16:57:12+00:00","og_image":[{"width":1280,"height":1280,"url":"https:\/\/infomatin-benin.com\/wp-content\/uploads\/2024\/09\/IMG-20240920-WA0073.jpg","type":"image\/jpeg"}],"author":"abiolos","twitter_card":"summary_large_image","twitter_misc":{"\u00c9crit par":"abiolos","Dur\u00e9e de lecture estim\u00e9e":"2 minutes"},"schema":{"@context":"https:\/\/schema.org","@graph":[{"@type":"WebPage","@id":"https:\/\/infomatin-benin.com\/infomatinvrai2\/2024\/09\/audience-au-cabinet-du-maire-dabomey-calavi-ce-matin-le-leadership-du-maire-ahouandjinou-inspire-les-enfants-de-lanaceb\/","url":"https:\/\/infomatin-benin.com\/infomatinvrai2\/2024\/09\/audience-au-cabinet-du-maire-dabomey-calavi-ce-matin-le-leadership-du-maire-ahouandjinou-inspire-les-enfants-de-lanaceb\/","name":"AUDIENCE AU CABINET DU MAIRE D\u2019ABOMEY-CALAVI CE MATIN : Le leadership du maire Ahouandjinou inspire \"les enfants Maires\" de l\u2019ANACEB - infomatin","isPartOf":{"@id":"https:\/\/infomatin-benin.com\/infomatinvrai2\/#website"},"primaryImageOfPage":{"@id":"https:\/\/infomatin-benin.com\/infomatinvrai2\/2024\/09\/audience-au-cabinet-du-maire-dabomey-calavi-ce-matin-le-leadership-du-maire-ahouandjinou-inspire-les-enfants-de-lanaceb\/#primaryimage"},"image":{"@id":"https:\/\/infomatin-benin.com\/infomatinvrai2\/2024\/09\/audience-au-cabinet-du-maire-dabomey-calavi-ce-matin-le-leadership-du-maire-ahouandjinou-inspire-les-enfants-de-lanaceb\/#primaryimage"},"thumbnailUrl":"https:\/\/infomatin-benin.com\/wp-content\/uploads\/2024\/09\/IMG-20240920-WA0073.jpg","datePublished":"2024-09-20T16:57:12+00:00","author":{"@id":"https:\/\/infomatin-benin.com\/infomatinvrai2\/#\/schema\/person\/58f588cdb0d234d5037988769353ecab"},"breadcrumb":{"@id":"https:\/\/infomatin-benin.com\/infomatinvrai2\/2024\/09\/audience-au-cabinet-du-maire-dabomey-calavi-ce-matin-le-leadership-du-maire-ahouandjinou-inspire-les-enfants-de-lanaceb\/#breadcrumb"},"inLanguage":"fr-FR","potentialAction":[{"@type":"ReadAction","target":["https:\/\/infomatin-benin.com\/infomatinvrai2\/2024\/09\/audience-au-cabinet-du-maire-dabomey-calavi-ce-matin-le-leadership-du-maire-ahouandjinou-inspire-les-enfants-de-lanaceb\/"]}]},{"@type":"ImageObject","inLanguage":"fr-FR","@id":"https:\/\/infomatin-benin.com\/infomatinvrai2\/2024\/09\/audience-au-cabinet-du-maire-dabomey-calavi-ce-matin-le-leadership-du-maire-ahouandjinou-inspire-les-enfants-de-lanaceb\/#primaryimage","url":"https:\/\/infomatin-benin.com\/wp-content\/uploads\/2024\/09\/IMG-20240920-WA0073.jpg","contentUrl":"https:\/\/infomatin-benin.com\/wp-content\/uploads\/2024\/09\/IMG-20240920-WA0073.jpg","width":1280,"height":1280},{"@type":"BreadcrumbList","@id":"https:\/\/infomatin-benin.com\/infomatinvrai2\/2024\/09\/audience-au-cabinet-du-maire-dabomey-calavi-ce-matin-le-leadership-du-maire-ahouandjinou-inspire-les-enfants-de-lanaceb\/#breadcrumb","itemListElement":[{"@type":"ListItem","position":1,"name":"Accueil","item":"https:\/\/infomatin-benin.com\/infomatinvrai2\/"},{"@type":"ListItem","position":2,"name":"AUDIENCE AU CABINET DU MAIRE D\u2019ABOMEY-CALAVI CE MATIN : Le leadership du maire Ahouandjinou inspire \u00ab\u00a0les enfants Maires\u00a0\u00bb de l\u2019ANACEB"}]},{"@type":"WebSite","@id":"https:\/\/infomatin-benin.com\/infomatinvrai2\/#website","url":"https:\/\/infomatin-benin.com\/infomatinvrai2\/","name":"infomatin","description":"Informer, notre m\u00e9tier","potentialAction":[{"@type":"SearchAction","target":{"@type":"EntryPoint","urlTemplate":"https:\/\/infomatin-benin.com\/infomatinvrai2\/?s={search_term_string}"},"query-input":{"@type":"PropertyValueSpecification","valueRequired":true,"valueName":"search_term_string"}}],"inLanguage":"fr-FR"},{"@type":"Person","@id":"https:\/\/infomatin-benin.com\/infomatinvrai2\/#\/schema\/person\/58f588cdb0d234d5037988769353ecab","name":"abiolos","image":{"@type":"ImageObject","inLanguage":"fr-FR","@id":"https:\/\/infomatin-benin.com\/infomatinvrai2\/#\/schema\/person\/image\/","url":"https:\/\/secure.gravatar.com\/avatar\/dd78717a6cfbb73688d69970c97df05428635483c0454a4a72cdc52053a50029?s=96&d=mm&r=g","contentUrl":"https:\/\/secure.gravatar.com\/avatar\/dd78717a6cfbb73688d69970c97df05428635483c0454a4a72cdc52053a50029?s=96&d=mm&r=g","caption":"abiolos"},"sameAs":["https:\/\/infomatin-benin.com"],"url":"https:\/\/infomatin-benin.com\/infomatinvrai2\/author\/abiolos\/"}]}},"_links":{"self":[{"href":"https:\/\/infomatin-benin.com\/infomatinvrai2\/wp-json\/wp\/v2\/posts\/24127","targetHints":{"allow":["GET"]}}],"collection":[{"href":"https:\/\/infomatin-benin.com\/infomatinvrai2\/wp-json\/wp\/v2\/posts"}],"about":[{"href":"https:\/\/infomatin-benin.com\/infomatinvrai2\/wp-json\/wp\/v2\/types\/post"}],"author":[{"embeddable":true,"href":"https:\/\/infomatin-benin.com\/infomatinvrai2\/wp-json\/wp\/v2\/users\/1"}],"replies":[{"embeddable":true,"href":"https:\/\/infomatin-benin.com\/infomatinvrai2\/wp-json\/wp\/v2\/comments?post=24127"}],"version-history":[{"count":0,"href":"https:\/\/infomatin-benin.com\/infomatinvrai2\/wp-json\/wp\/v2\/posts\/24127\/revisions"}],"wp:featuredmedia":[{"embeddable":true,"href":"https:\/\/infomatin-benin.com\/infomatinvrai2\/wp-json\/wp\/v2\/media\/24128"}],"wp:attachment":[{"href":"https:\/\/infomatin-benin.com\/infomatinvrai2\/wp-json\/wp\/v2\/media?parent=24127"}],"wp:term":[{"taxonomy":"category","embeddable":true,"href":"https:\/\/infomatin-benin.com\/infomatinvrai2\/wp-json\/wp\/v2\/categories?post=24127"},{"taxonomy":"post_tag","embeddable":true,"href":"https:\/\/infomatin-benin.com\/infomatinvrai2\/wp-json\/wp\/v2\/tags?post=24127"}],"curies":[{"name":"wp","href":"https:\/\/api.w.org\/{rel}","templated":true}]}}